{"id":4779,"date":"2021-04-09T09:00:01","date_gmt":"2021-04-09T07:00:01","guid":{"rendered":"http:\/\/agora.xtec.cat\/ins-nauticabcn\/?p=4779"},"modified":"2021-04-27T10:08:56","modified_gmt":"2021-04-27T08:08:56","slug":"portes-obertes-curs-2021-2022","status":"publish","type":"post","link":"https:\/\/agora.xtec.cat\/ins-nauticabcn\/portada\/portes-obertes-curs-2021-2022\/","title":{"rendered":"Portes obertes curs 2021-2022"},"content":{"rendered":"<p>&nbsp;<\/p>\n<h5><strong>Benvingudes\/ts a les Portes Obertes per al curs 2021\/2022 de l\u2019Institut de N\u00e0utica de Barcelona.<\/strong><\/h5>\n<p>Ens fa molt de goig poder-vos presentar les portes obertes del nostre institut, per a que tingueu l\u2019oportunitat de con\u00e8ixer-nos, i per a que us puguem ajudar a prendre una decisi\u00f3 tan important en la vostra vida, com \u00e9s els estudis postobligatoris que voleu fer.<\/p>\n<p>En aquest article, tindrem centralitzada tota la informaci\u00f3 de les portes obertes, que anirem tamb\u00e9 actualitzant a mesura que tinguem noves dades.<\/p>\n<p>En primer lloc, dir-vos que hem dissenyat unes portes obertes adaptades a les restriccions que tenim actualment, i pensant tamb\u00e9 en la vostra disponibilitat. Aix\u00ed, ens podreu con\u00e8ixer per 4 canals:<\/p>\n<ul>\n<li aria-level=\"1\">amb la informaci\u00f3 que teniu recollida al \u201c<b>mapa<\/b>\u201d que us presentem m\u00e9s endavant, i que tindreu sempre disponible: qui som, els trets caracter\u00edstics, els estudis, etc&#8230;<\/li>\n<li aria-level=\"1\">amb unes <b>sessions <\/b>que farem de forma virtual i en directe per a cadascun dels estudis: ens podreu escoltar, fer preguntes,..<\/li>\n<li aria-level=\"1\">amb unes <b>visites a la drassana<\/b> (per als cicles de manteniment de vaixells i PFI) que haureu de concertar amb cita pr\u00e8via: per si voleu fer una visita a la nostra drassana acompanyats per un docent. Tamb\u00e9 hi ha previst unes sessions presencials per a coneixer el Batxillerat Esportiu que es realitzaran al INS Salvat Papasseit<\/li>\n<li aria-level=\"1\">per el contacte habitual del centre (<b>938846074<\/b> i\u00a0 <a href=\"mailto:a8074847@xtec.cat\"><b>a8074847@xtec.cat<\/b><\/a>): per si despr\u00e9s d\u2019acudir als canals anteriors, us queda alguna consulta.<\/li>\n<\/ul>\n<p>Aquest curs tenim <span style=\"color: #ff6600;\"><strong>dos estudis nous<\/strong><\/span> a afegir a la nostra oferta educativa:<\/p>\n<ul>\n<li aria-level=\"1\"><strong>El Batxillerat Esportiu<\/strong>, que us permetr\u00e0 cursar conjuntament batxillerat i el GM de Salvament i Socorrisme. Aquesta oferta la fem de forma integrada i conjunta amb el INS Salvat Papasseit i el INS de l\u2019Esport de Barcelona)<\/li>\n<li aria-level=\"1\"><strong>GM Pirag\u00fcisme en aig\u00fces tranquil\u00b7les (platja)<\/strong><\/li>\n<\/ul>\n<p>&nbsp;<\/p>\n<p><b>El Mapa<\/b><\/p>\n<p>En aquest <a href=\"https:\/\/view.genial.ly\/605d03e71720160d9775c4c3\/interactive-image-portes-obertes-2021\">mapa<\/a> que us hem preparat, teniu tot el que necessiteu saber per a con\u00e8ixer-nos, i tenir en un \u00fanic lloc la informaci\u00f3 referida a qui som, els nostres trets, els estudis, la preinscripci\u00f3 i la matr\u00edcula, unes preguntes freq\u00fcents (f.a.q), etc.<\/p>\n<p>Si cliqueu a les diferents etapes d\u2019aquest viatge, ens coneixereu millor&#8230;..<\/p>\n<p><a href=\"https:\/\/view.genial.ly\/605d03e71720160d9775c4c3\/interactive-image-portes-obertes-2021\" target=\"_blank\" rel=\"noopener noreferrer\"><img loading=\"lazy\" decoding=\"async\" class=\"alignleft wp-image-4860 size-full\" src=\"https:\/\/agora.xtec.cat\/ins-nauticabcn\/wp-content\/uploads\/usu313\/2021\/04\/Captura-Genially.png\" alt=\"\" width=\"598\" height=\"396\" srcset=\"https:\/\/agora.xtec.cat\/ins-nauticabcn\/wp-content\/uploads\/usu313\/2021\/04\/Captura-Genially.png 598w, https:\/\/agora.xtec.cat\/ins-nauticabcn\/wp-content\/uploads\/usu313\/2021\/04\/Captura-Genially-300x199.png 300w\" sizes=\"auto, (max-width: 598px) 100vw, 598px\" \/><\/a><\/p>\n<p>&nbsp;<\/p>\n<p>&nbsp;<\/p>\n<p>&nbsp;<\/p>\n<p>&nbsp;<\/p>\n<p>&nbsp;<\/p>\n<p>&nbsp;<\/p>\n<p>&nbsp;<\/p>\n<p>&nbsp;<\/p>\n<p>&nbsp;<\/p>\n<p>&nbsp;<\/p>\n<p>&nbsp;<\/p>\n<p><b>Les sessions virtuals en directe<\/b><\/p>\n<p>En la taula seg\u00fcent tindreu el calendari i el link de les sessions virtuals que us hem preparat aquest abril, on us podreu connectar per a participar en la sessi\u00f3 virtual, en la qual us donarem m\u00e9s detalls de els estudis concrets, i podrem resoldre els vostres dubtes. \u00c9s molt recomanable que pr\u00e8viament a assistir a la sessi\u00f3, hagueu navegat per el mapa, ja que en anirem directament a la informaci\u00f3 concreta.<\/p>\n<table style=\"width: 1049px;\">\n<tbody>\n<tr>\n<td style=\"width: 216px;\"><b>Dimarts 20<\/b><\/td>\n<td style=\"width: 341px;\"><b>Dimecres 21<\/b><\/td>\n<td style=\"width: 284px;\"><b>Dijous 22<\/b><\/td>\n<td style=\"width: 196px;\"><b>Dilluns 26<\/b><\/td>\n<\/tr>\n<tr>\n<td style=\"width: 216px;\">\n<ul>\n<li>PFI (18h)<\/li>\n<\/ul>\n<\/td>\n<td style=\"width: 341px;\">\n<ul>\n<li>GM Salvament i Socorrisme Orientat a alumnes que estiguin cursant o titulats en: Grau Superior d&#8217;AAFE, TSEAS i CF (1er torn 16h, 2on torn a les 17h).<\/li>\n<\/ul>\n<\/td>\n<td style=\"width: 284px;\">\n<ul>\n<li>GM Manteniment d\u2019Embarcacions (18h)<\/li>\n<\/ul>\n<\/td>\n<td style=\"width: 196px;\">\n<ul>\n<li>Batxillerat Esportiu (18h)<\/li>\n<\/ul>\n<\/td>\n<\/tr>\n<tr>\n<td style=\"width: 216px;\"><i>link: <a href=\"http:\/\/meet.google.com\/kss-teka-bvd\" target=\"_blank\" rel=\"noopener noreferrer\">meet.google.com\/kss-teka-bvd<\/a> <\/i><\/td>\n<td style=\"width: 341px;\"><i>Document presentaci\u00f3 portes obertes <a href=\"https:\/\/agora.xtec.cat\/ins-nauticabcn\/wp-content\/uploads\/usu313\/2021\/04\/Presentaci\u00f3_CISOS_TSEAS-CF-AAFE.pdf\" target=\"_blank\" rel=\"noopener noreferrer\">aqu\u00ed<\/a><\/i><\/td>\n<td style=\"width: 284px;\"><i>link: <a href=\"http:\/\/meet.google.com\/ruj-kfxh-fgw\" target=\"_blank\" rel=\"noopener noreferrer\">meet.google.com\/ruj-kfxh-fgw<\/a><\/i><\/td>\n<td style=\"width: 196px;\">Les persones interessades s&#8217;han d&#8217;inscriure en aquest enlla\u00e7:<\/p>\n<p><i> https:\/\/forms.gle\/2n4B87PkE55phhw86<\/i><\/p>\n<p><a href=\"https:\/\/www.google.com\/url?q=http:\/\/meet.google.com\/aab-rifr-yed&amp;sa=D&amp;source=editors&amp;ust=1619432285245000&amp;usg=AFQjCNGhlGAwHKw7Lw_0ccU-lgsDEW-3TQ\">meet.google.com\/aab-rifr-yed<\/a><\/td>\n<\/tr>\n<tr>\n<td style=\"width: 216px;\">\n<ul>\n<li>GS Sistemes de Navegaci\u00f3 (18h)<\/li>\n<\/ul>\n<\/td>\n<td style=\"width: 341px;\">\n<ul>\n<li>GS Ensenyament i Animaci\u00f3 Socioesportiva (platja) (18h)<\/li>\n<\/ul>\n<\/td>\n<td style=\"width: 284px;\">\n<ul>\n<li>GM i GS Salvament i Socorrisme (18h)<\/li>\n<li>GM i GS Vela (18h)<\/li>\n<li>GM Busseig (18h)<\/li>\n<li>GM Pirag\u00fcisme (18h)<\/li>\n<\/ul>\n<\/td>\n<td style=\"width: 196px;\"><\/td>\n<\/tr>\n<tr>\n<td style=\"width: 216px;\"><i>link: <a href=\"http:\/\/meet.google.com\/gff-oicw-odp\" target=\"_blank\" rel=\"noopener noreferrer\">meet.google.com\/gff-oicw-odp<\/a><\/i><\/td>\n<td style=\"width: 341px;\"><i>Document presentaci\u00f3 portes obertes <a href=\"https:\/\/agora.xtec.cat\/ins-nauticabcn\/wp-content\/uploads\/usu313\/2021\/04\/TSEAS-abril-21.pdf\" target=\"_blank\" rel=\"noopener noreferrer\">aqu\u00ed<\/a><\/i><\/td>\n<td style=\"width: 284px;\"><i>Document presentaci\u00f3 portes obertes <a href=\"https:\/\/agora.xtec.cat\/ins-nauticabcn\/wp-content\/uploads\/usu313\/2021\/04\/Presentacio-Ensenyaments-esportius.pdf\" target=\"_blank\" rel=\"noopener noreferrer\">aqu\u00ed<\/a><\/i><\/td>\n<td style=\"width: 196px;\"><\/td>\n<\/tr>\n<\/tbody>\n<\/table>\n<p>No cal que demaneu cita per a les sessions virtuals, us podeu connectar directament en el link corresponent, per\u00f2 us demanem que<b> utilitzeu una \u00fanica connexi\u00f3 per fam\u00edlia<\/b>, amb un \u00fanic dispositiu (m\u00f2bil, tauleta, port\u00e0til,..), per evitar problemes de capacitat.<\/p>\n<p>Per al Batxillerat Esportiu, tenim previst tamb\u00e9 fer unes sessions presencials conjuntes que es portaran a terme presencialment a l<a href=\"https:\/\/agora.xtec.cat\/ies-salvat-barceloneta\/\">&#8216;Institut Salvat Papasseit<\/a>, els dies 28 i 29 d&#8217;abril a les 18h<\/p>\n<p>&nbsp;<\/p>\n<p><b>Les visites a la drassana<\/b><\/p>\n<p>Per a aquells estudiants de GS sistemes de Navegaci\u00f3, GM Manteniment d\u2019embarcacions o PFI que estiguin interessats en con\u00e8ixer presencialment la nostra drassana, us oferim l\u2019oportunitat de concertar una visita en un grup redu\u00eft, i complint els protocols de prevenci\u00f3 sanitaris que ens ha indicat el Departament d\u2019Educaci\u00f3. Les visites tindran una durada de 30\/45 minuts, i acompanyats per els\/les nostres experts\/tes podreu visitar els nostres taller i espais m\u00e9s significatius.<\/p>\n<p>Les visites estan programades per als dies <b>dimarts 27 i dijous 29<\/b> d\u2019abril, en la franja entre les 17h i les 19h. Les diferents franges s\u2019aniran omplint en funci\u00f3 de la disponibilitat. Nom\u00e9s podreu assistir 2 persones per fam\u00edlia interessada<\/p>\n<p>Si esteu interessats contacteu amb nosaltres per correu o tel\u00e8fon (<b>938846074<\/b> i\u00a0 <a href=\"mailto:a8074847@xtec.cat\"><b>a8074847@xtec.cat<\/b><\/a>), ens dieu el dia que us va b\u00e9 i us donarem cita segons disponibilitat.<\/p>\n<p>Us hi esperem!<\/p>\n","protected":false},"excerpt":{"rendered":"<p>&nbsp;<br \/>\nBenvingudes\/ts a les Portes Obertes per al curs 2021\/2022 de l\u2019Institut de N\u00e0utica de Barcelona.<br \/>\nEns fa molt de goig poder-vos presentar les portes obertes del nostre institut, per a que tingueu l\u2019oportunitat de con\u00e8ixer-nos, i per a que us puguem ajudar a prendre una decisi\u00f3&hellip;  <a href=\"https:\/\/agora.xtec.cat\/ins-nauticabcn\/portada\/portes-obertes-curs-2021-2022\/\" title=\"Read Portes obertes curs 2021-2022\">Llegeix m\u00e9s\u00bb<\/a><\/p>\n","protected":false},"author":1,"featured_media":302,"comment_status":"closed","ping_status":"closed","sticky":false,"template":"","format":"standard","meta":{"_bbp_topic_count":0,"_bbp_reply_count":0,"_bbp_total_topic_count":0,"_bbp_total_reply_count":0,"_bbp_voice_count":0,"_bbp_anonymous_reply_count":0,"_bbp_topic_count_hidden":0,"_bbp_reply_count_hidden":0,"_bbp_forum_subforum_count":0,"footnotes":""},"categories":[29],"tags":[],"class_list":["post-4779","post","type-post","status-publish","format-standard","has-post-thumbnail","hentry","category-portada"],"post_mailing_queue_ids":[],"_links":{"self":[{"href":"https:\/\/agora.xtec.cat\/ins-nauticabcn\/wp-json\/wp\/v2\/posts\/4779","targetHints":{"allow":["GET"]}}],"collection":[{"href":"https:\/\/agora.xtec.cat\/ins-nauticabcn\/wp-json\/wp\/v2\/posts"}],"about":[{"href":"https:\/\/agora.xtec.cat\/ins-nauticabcn\/wp-json\/wp\/v2\/types\/post"}],"author":[{"embeddable":true,"href":"https:\/\/agora.xtec.cat\/ins-nauticabcn\/wp-json\/wp\/v2\/users\/1"}],"replies":[{"embeddable":true,"href":"https:\/\/agora.xtec.cat\/ins-nauticabcn\/wp-json\/wp\/v2\/comments?post=4779"}],"version-history":[{"count":4,"href":"https:\/\/agora.xtec.cat\/ins-nauticabcn\/wp-json\/wp\/v2\/posts\/4779\/revisions"}],"predecessor-version":[{"id":5022,"href":"https:\/\/agora.xtec.cat\/ins-nauticabcn\/wp-json\/wp\/v2\/posts\/4779\/revisions\/5022"}],"wp:featuredmedia":[{"embeddable":true,"href":"https:\/\/agora.xtec.cat\/ins-nauticabcn\/wp-json\/wp\/v2\/media\/302"}],"wp:attachment":[{"href":"https:\/\/agora.xtec.cat\/ins-nauticabcn\/wp-json\/wp\/v2\/media?parent=4779"}],"wp:term":[{"taxonomy":"category","embeddable":true,"href":"https:\/\/agora.xtec.cat\/ins-nauticabcn\/wp-json\/wp\/v2\/categories?post=4779"},{"taxonomy":"post_tag","embeddable":true,"href":"https:\/\/agora.xtec.cat\/ins-nauticabcn\/wp-json\/wp\/v2\/tags?post=4779"}],"curies":[{"name":"wp","href":"https:\/\/api.w.org\/{rel}","templated":true}]}}