{"id":4765,"date":"2024-02-09T10:00:43","date_gmt":"2024-02-09T09:00:43","guid":{"rendered":"http:\/\/agora.xtec.cat\/ins-nauticabcn\/?p=4765"},"modified":"2024-02-09T12:25:04","modified_gmt":"2024-02-09T11:25:04","slug":"6a-setmana-blava-de-linb","status":"publish","type":"post","link":"https:\/\/agora.xtec.cat\/ins-nauticabcn\/portada\/6a-setmana-blava-de-linb\/","title":{"rendered":"9a Setmana Blava de l&#8217;INB"},"content":{"rendered":"<p>Anualment, des de l\u2019Institut de N\u00e0utica de Barcelona organitzem la Setmana Blava, on durant uns dies, deixem de fer les activitats acad\u00e8miques convencionals, i organitzem un seguit de confer\u00e8ncies, visites, col\u00b7loquis, sortides amb vaixell i activitats diverses relacionades amb el m\u00f3n de la n\u00e0utica i el mar.<br \/>\nEstan adre\u00e7ades al nostre alumnat, perqu\u00e8 tinguin l\u2019oportunitat de copsar de primera m\u00e0 el sector professional al qual estan dedicant els seus esfor\u00e7os.<br \/>\nAix\u00ed que us volem anunciar que els dies 13, 14, 15 i 16 de febrer, tindr\u00e0 lloc la nostra 9a Setmana Blava de l\u2019INB.<br \/>\nVoleu con\u00e8ixer el programa d&#8217;activitats d&#8217;aquesta edici\u00f3?<\/p>\n<p>Moltes gr\u00e0cies a totes les entitats col\u00b7laboradores! Sense vosaltres no seria possible!<\/p>\n<p><strong>Per veure totes les activitats que es realitzen durant la Setmana Blava <\/strong>fes clic <a href=\"https:\/\/agora.xtec.cat\/ins-nauticabcn\/wp-content\/uploads\/usu313\/2024\/02\/programa-setmana-blava-23-24.pdf\" target=\"_blank\" rel=\"noopener\">aqu\u00ed<\/a><\/p>\n<p><img loading=\"lazy\" decoding=\"async\" class=\"size-full wp-image-7758 aligncenter\" src=\"https:\/\/agora.xtec.cat\/ins-nauticabcn\/wp-content\/uploads\/usu313\/2024\/02\/Collaboren-a-la-setmana-blava.png\" alt=\"\" width=\"510\" height=\"751\" srcset=\"https:\/\/agora.xtec.cat\/ins-nauticabcn\/wp-content\/uploads\/usu313\/2024\/02\/Collaboren-a-la-setmana-blava.png 510w, https:\/\/agora.xtec.cat\/ins-nauticabcn\/wp-content\/uploads\/usu313\/2024\/02\/Collaboren-a-la-setmana-blava-204x300.png 204w\" sizes=\"auto, (max-width: 510px) 100vw, 510px\" \/><\/p>\n<p>&nbsp;<\/p>\n","protected":false},"excerpt":{"rendered":"<p>Anualment, des de l\u2019Institut de N\u00e0utica de Barcelona organitzem la Setmana Blava, on durant uns dies, deixem de fer les activitats acad\u00e8miques convencionals&hellip;  <a href=\"https:\/\/agora.xtec.cat\/ins-nauticabcn\/portada\/6a-setmana-blava-de-linb\/\" title=\"Read 9a Setmana Blava de l&#8217;INB\">Llegeix m\u00e9s\u00bb<\/a><\/p>\n","protected":false},"author":1,"featured_media":7759,"comment_status":"closed","ping_status":"closed","sticky":false,"template":"","format":"standard","meta":{"_bbp_topic_count":0,"_bbp_reply_count":0,"_bbp_total_topic_count":0,"_bbp_total_reply_count":0,"_bbp_voice_count":0,"_bbp_anonymous_reply_count":0,"_bbp_topic_count_hidden":0,"_bbp_reply_count_hidden":0,"_bbp_forum_subforum_count":0,"footnotes":""},"categories":[29],"tags":[],"class_list":["post-4765","post","type-post","status-publish","format-standard","has-post-thumbnail","hentry","category-portada"],"post_mailing_queue_ids":[],"_links":{"self":[{"href":"https:\/\/agora.xtec.cat\/ins-nauticabcn\/wp-json\/wp\/v2\/posts\/4765","targetHints":{"allow":["GET"]}}],"collection":[{"href":"https:\/\/agora.xtec.cat\/ins-nauticabcn\/wp-json\/wp\/v2\/posts"}],"about":[{"href":"https:\/\/agora.xtec.cat\/ins-nauticabcn\/wp-json\/wp\/v2\/types\/post"}],"author":[{"embeddable":true,"href":"https:\/\/agora.xtec.cat\/ins-nauticabcn\/wp-json\/wp\/v2\/users\/1"}],"replies":[{"embeddable":true,"href":"https:\/\/agora.xtec.cat\/ins-nauticabcn\/wp-json\/wp\/v2\/comments?post=4765"}],"version-history":[{"count":6,"href":"https:\/\/agora.xtec.cat\/ins-nauticabcn\/wp-json\/wp\/v2\/posts\/4765\/revisions"}],"predecessor-version":[{"id":6646,"href":"https:\/\/agora.xtec.cat\/ins-nauticabcn\/wp-json\/wp\/v2\/posts\/4765\/revisions\/6646"}],"wp:featuredmedia":[{"embeddable":true,"href":"https:\/\/agora.xtec.cat\/ins-nauticabcn\/wp-json\/wp\/v2\/media\/7759"}],"wp:attachment":[{"href":"https:\/\/agora.xtec.cat\/ins-nauticabcn\/wp-json\/wp\/v2\/media?parent=4765"}],"wp:term":[{"taxonomy":"category","embeddable":true,"href":"https:\/\/agora.xtec.cat\/ins-nauticabcn\/wp-json\/wp\/v2\/categories?post=4765"},{"taxonomy":"post_tag","embeddable":true,"href":"https:\/\/agora.xtec.cat\/ins-nauticabcn\/wp-json\/wp\/v2\/tags?post=4765"}],"curies":[{"name":"wp","href":"https:\/\/api.w.org\/{rel}","templated":true}]}}