{"id":4712,"date":"2021-01-19T16:00:21","date_gmt":"2021-01-19T15:00:21","guid":{"rendered":"http:\/\/agora.xtec.cat\/ins-nauticabcn\/?p=4712"},"modified":"2021-01-19T16:04:15","modified_gmt":"2021-01-19T15:04:15","slug":"revista-densenyaments-postobligatoris","status":"publish","type":"post","link":"https:\/\/agora.xtec.cat\/ins-nauticabcn\/general\/revista-densenyaments-postobligatoris\/","title":{"rendered":"Revista d&#8217;Ensenyaments Postobligatoris"},"content":{"rendered":"<p>Fa uns mesos, el Consorci d&#8217;Educaci\u00f3 de Barcelona,\u00a0 va publicar el primer n\u00famero de la revista d\u2019Ensenyaments Postobligatoris en format online, que podeu consultar <a href=\"https:\/\/www.edubcn.cat\/rcs_gene\/extra\/02_revista_ensenyaments_postobligatoris\/Revista_postobligatoris_abril_2020.pdf\">aqu\u00ed.<\/a><\/p>\n<p>A causa de la pand\u00e8mia de la Covdid-19 la revista no ha estat publicada en paper fins ara (la podeu trobar als vostres centres educatius m\u00e9s propers) aix\u00ed que us convidem a que li feu un cop d&#8217;ull per tal d&#8217;orientar-vos millor en la vostra futura carrera professional.<\/p>\n<p>A m\u00e9s a m\u00e9s, trobareu un Especial on recull les necessitats professionals i formatives de l&#8217;\u00e0mbit Portuari, aix\u00ed com un parell d&#8217;articles on alumnes del nostre centre us expliquen de primera m\u00e0 com a estat la seva experi\u00e8ncia cursant cicles formatius relacionats amb el m\u00f3n n\u00e0utic.<\/p>\n<p><strong><span style=\"color: #00ccff;\">Fes del mar la teva professi\u00f3!<\/span><\/strong><\/p>\n<p><img loading=\"lazy\" decoding=\"async\" class=\"aligncenter wp-image-4715 size-full\" src=\"https:\/\/agora.xtec.cat\/ins-nauticabcn\/wp-content\/uploads\/usu313\/2021\/01\/Foto-1-Article-Revista-CEB-e1611065945620.png\" alt=\"\" width=\"724\" height=\"643\" srcset=\"https:\/\/agora.xtec.cat\/ins-nauticabcn\/wp-content\/uploads\/usu313\/2021\/01\/Foto-1-Article-Revista-CEB-e1611065945620.png 724w, https:\/\/agora.xtec.cat\/ins-nauticabcn\/wp-content\/uploads\/usu313\/2021\/01\/Foto-1-Article-Revista-CEB-e1611065945620-300x266.png 300w\" sizes=\"auto, (max-width: 724px) 100vw, 724px\" \/><\/p>\n<p>&nbsp;<\/p>\n<p><img loading=\"lazy\" decoding=\"async\" class=\"aligncenter wp-image-4724 \" src=\"https:\/\/agora.xtec.cat\/ins-nauticabcn\/wp-content\/uploads\/usu313\/2021\/01\/Foto-2-Article-Revista-CEB-1-e1611067027907.png\" alt=\"\" width=\"266\" height=\"628\" srcset=\"https:\/\/agora.xtec.cat\/ins-nauticabcn\/wp-content\/uploads\/usu313\/2021\/01\/Foto-2-Article-Revista-CEB-1-e1611067027907.png 254w, https:\/\/agora.xtec.cat\/ins-nauticabcn\/wp-content\/uploads\/usu313\/2021\/01\/Foto-2-Article-Revista-CEB-1-e1611067027907-127x300.png 127w\" sizes=\"auto, (max-width: 266px) 100vw, 266px\" \/><\/p>\n<p>&nbsp;<\/p>\n","protected":false},"excerpt":{"rendered":"<p>Fa uns mesos, el Consorci d&#8217;Educaci\u00f3 de Barcelona,\u00a0 va publicar el primer n\u00famero de la revista d\u2019Ensenyaments Postobligatoris en format online que podeu consultar aqu\u00ed.&hellip;  <a href=\"https:\/\/agora.xtec.cat\/ins-nauticabcn\/general\/revista-densenyaments-postobligatoris\/\" title=\"Read Revista d&#8217;Ensenyaments Postobligatoris\">Llegeix m\u00e9s\u00bb<\/a><\/p>\n","protected":false},"author":1,"featured_media":4731,"comment_status":"closed","ping_status":"closed","sticky":false,"template":"","format":"standard","meta":{"_bbp_topic_count":0,"_bbp_reply_count":0,"_bbp_total_topic_count":0,"_bbp_total_reply_count":0,"_bbp_voice_count":0,"_bbp_anonymous_reply_count":0,"_bbp_topic_count_hidden":0,"_bbp_reply_count_hidden":0,"_bbp_forum_subforum_count":0,"footnotes":""},"categories":[1,29],"tags":[],"class_list":["post-4712","post","type-post","status-publish","format-standard","has-post-thumbnail","hentry","category-general","category-portada"],"post_mailing_queue_ids":[],"_links":{"self":[{"href":"https:\/\/agora.xtec.cat\/ins-nauticabcn\/wp-json\/wp\/v2\/posts\/4712","targetHints":{"allow":["GET"]}}],"collection":[{"href":"https:\/\/agora.xtec.cat\/ins-nauticabcn\/wp-json\/wp\/v2\/posts"}],"about":[{"href":"https:\/\/agora.xtec.cat\/ins-nauticabcn\/wp-json\/wp\/v2\/types\/post"}],"author":[{"embeddable":true,"href":"https:\/\/agora.xtec.cat\/ins-nauticabcn\/wp-json\/wp\/v2\/users\/1"}],"replies":[{"embeddable":true,"href":"https:\/\/agora.xtec.cat\/ins-nauticabcn\/wp-json\/wp\/v2\/comments?post=4712"}],"version-history":[{"count":4,"href":"https:\/\/agora.xtec.cat\/ins-nauticabcn\/wp-json\/wp\/v2\/posts\/4712\/revisions"}],"predecessor-version":[{"id":4732,"href":"https:\/\/agora.xtec.cat\/ins-nauticabcn\/wp-json\/wp\/v2\/posts\/4712\/revisions\/4732"}],"wp:featuredmedia":[{"embeddable":true,"href":"https:\/\/agora.xtec.cat\/ins-nauticabcn\/wp-json\/wp\/v2\/media\/4731"}],"wp:attachment":[{"href":"https:\/\/agora.xtec.cat\/ins-nauticabcn\/wp-json\/wp\/v2\/media?parent=4712"}],"wp:term":[{"taxonomy":"category","embeddable":true,"href":"https:\/\/agora.xtec.cat\/ins-nauticabcn\/wp-json\/wp\/v2\/categories?post=4712"},{"taxonomy":"post_tag","embeddable":true,"href":"https:\/\/agora.xtec.cat\/ins-nauticabcn\/wp-json\/wp\/v2\/tags?post=4712"}],"curies":[{"name":"wp","href":"https:\/\/api.w.org\/{rel}","templated":true}]}}