{"id":4518,"date":"2020-09-07T16:40:07","date_gmt":"2020-09-07T14:40:07","guid":{"rendered":"http:\/\/agora.xtec.cat\/ins-nauticabcn\/?p=4518"},"modified":"2020-10-07T15:42:31","modified_gmt":"2020-10-07T13:42:31","slug":"comencem-el-curs","status":"publish","type":"post","link":"https:\/\/agora.xtec.cat\/ins-nauticabcn\/portada\/comencem-el-curs\/","title":{"rendered":"Comencem el Curs!"},"content":{"rendered":"<p>Benvolgudes\/ts alumnes i fam\u00edlies de l\u2019Institut de N\u00e0utica de Barcelona.<\/p>\n<p>Voldr\u00edem amb aquest correu, per una banda, donar-vos la benvinguda al curs 20-21, especialment a l\u2019alumnat nou.<\/p>\n<p>Comen\u00e7a una nova etapa per a molts de vosaltres, on comen\u00e7areu a aprendre una nova professi\u00f3, coneixereu a nous companys d\u2019estudis, el nostre centre, i sobretot al nostre equip docent i del Personal i Administraci\u00f3 i Servei (PAS). Tenim, com cada any, el comprom\u00eds de treballar ben fort per a engrescar-vos en la vostra nova professi\u00f3, i en facilitar-vos el cam\u00ed per a que passeu a formar part de la comunitat de l\u2019Institut de N\u00e0utica de Barcelona.<\/p>\n<p>Aquest curs, com sabeu, ser\u00e0 molt especial, ja que degut a la situaci\u00f3 pand\u00e8mica que tenim, per a seguir en els nostres camins personals i professionals que ens hem tra\u00e7at, ens caldr\u00e0 moltes dosis de professionalitat, flexibilitat, paci\u00e8ncia i molta cooperaci\u00f3 entre nosaltres.<\/p>\n<p>\u00c9s per aix\u00f2 que en aquest missatge inicial, volem tamb\u00e9 exposar-vos com estem organitzant el centre, per a permetre un inici de curs de forma segura per a tothom, i alhora per a mantenir la vida acad\u00e8mica a ple rendiment.<\/p>\n<p>El primer missatge per tant que us donem \u00e9s transmetre-us la tranquil\u00b7litat de que els centres educatius estem treballant seguint les instruccions, les recomanacions i el suport que rebem del Departament d\u2019Educaci\u00f3 i del de Salut, i aix\u00ed nosaltres poder organitzar un pla d\u2019organitzaci\u00f3 i funcionament, amb la finalitat de reduir el risc al m\u00ednim i de mantenir els est\u00e0ndard educatius que ens caracteritzen.<\/p>\n<p>D\u2019acord, molt b\u00e9, per\u00f2 despr\u00e9s d\u2019aquest rotllo, jo vull saber&#8230;&#8230;<\/p>\n<p><strong>Quines mesures ha pres el centre per a minimitzar els riscos?<\/strong><\/p>\n<p>Doncs us ho concretarem els primers dies de classe, per\u00f2 algunes coses canviaran aquesta any, com per exemple que estareu amb grups estables, amb accessos al centre diferenciats, que per a accedir al centre di\u00e0riament haureu de complir uns requisits (sense s\u00edmptomes), que haureu de portar mascareta, que caldr\u00e0 seguir un protocol de neteja i desinfecci\u00f3 dels espais i equips, que hi haur\u00e0 unes normes de circulaci\u00f3 pel centre, etc. Tamb\u00e9 haurem d&#8217;estar m\u00e9s connectats que mai, i tenir operatius els canals de comunicaci\u00f3 que us explicarem (app)<\/p>\n<p>&nbsp;<\/p>\n<p><strong>Per\u00f2 les classes son presencials o a dist\u00e0ncia?<\/strong><\/p>\n<p>L\u2019enc\u00e0rrec que tenim a hores d\u2019ara del Departament d\u2019Educaci\u00f3 \u00e9s de prioritzar les classes presencials, i aix\u00ed ho hem organitzat. Les classes son principalment presencials (excepte un dels grups de Vela). Tot i aix\u00f2 hi haur\u00e0 alguns m\u00f2duls (assignatures) que tindran part on-line a casa, i a m\u00e9s estem preparant tamb\u00e9 les assignatures per a que si ens cal confinar un grup classe o algun docent, puguem continuar treballant a dist\u00e0ncia.<\/p>\n<p>&nbsp;<\/p>\n<p><strong>I que passar\u00e0 si hi ha alumnes o docents amb COVID-19?<\/strong><\/p>\n<p>Doncs seguirem el protocol que les autoritats educatives i sanit\u00e0ries han establert, on s\u2019estableix com i qui s\u2019ha de confinar<\/p>\n<p>&nbsp;<\/p>\n<p><strong>I quan comencem?<\/strong><\/p>\n<p>Doncs teniu la informaci\u00f3 al post <a href=\"https:\/\/agora.xtec.cat\/ins-nauticabcn\/portada\/instruccions-inici-de-curs-2019-2020\/\">Instruccions inici de curs 2020-2021<\/a>, i el resum seria que les classes de grau mitj\u00e0 i de PFI comencen el dilluns dia 14 (segons l\u2019horari que es detalla a la not\u00edcia anterior), i els de grau superior comenceu el dilluns 21, tot i que els de GS tamb\u00e9 heu de venir a la presentaci\u00f3 del curs del dia 14.<\/p>\n<p>Teniu m\u00e9s informaci\u00f3 en aquest <a href=\"https:\/\/agora.xtec.cat\/ins-nauticabcn\/wp-content\/uploads\/usu313\/2020\/09\/Salut-_-Escola-Annex-Families.pdf\">document<\/a> que han enviat les dues conselleries a les fam\u00edlies, aix\u00ed com al <a href=\"https:\/\/canalsalut.gencat.cat\/ca\/salut-a-z\/c\/coronavirus-2019-ncov\/ciutadania\/salut-escola\/\">Canal Salut<\/a>, el portal on trobareu tota la informaci\u00f3 actualitzada de la Generalitat de Catalunya. Tamb\u00e9 en aquest document de <a href=\"https:\/\/agora.xtec.cat\/ins-nauticabcn\/wp-content\/uploads\/usu313\/2020\/09\/salut-escola-faqs.pdf\">f.a.q.<\/a><\/p>\n<p>Doncs de part dels docents i PAS, bon inici de curs!<\/p>\n","protected":false},"excerpt":{"rendered":"<p>Benvolgudes\/ts alumnes i fam\u00edlies de l\u2019Institut de N\u00e0utica de Barcelona.<br \/>\nVoldr\u00edem amb aquest correu, per una banda, donar-vos la benvinguda al curs 20-21, especialment a l\u2019alumnat nou.<br \/>\nComen\u00e7a una nova etapa per a molts de vosaltres, on comen\u00e7areu a aprendre una nova professi\u00f3, coneixereu a nous companys&hellip;  <a href=\"https:\/\/agora.xtec.cat\/ins-nauticabcn\/portada\/comencem-el-curs\/\" title=\"Read Comencem el Curs!\">Llegeix m\u00e9s\u00bb<\/a><\/p>\n","protected":false},"author":1,"featured_media":4521,"comment_status":"closed","ping_status":"closed","sticky":false,"template":"","format":"standard","meta":{"_bbp_topic_count":0,"_bbp_reply_count":0,"_bbp_total_topic_count":0,"_bbp_total_reply_count":0,"_bbp_voice_count":0,"_bbp_anonymous_reply_count":0,"_bbp_topic_count_hidden":0,"_bbp_reply_count_hidden":0,"_bbp_forum_subforum_count":0,"footnotes":""},"categories":[29],"tags":[],"class_list":["post-4518","post","type-post","status-publish","format-standard","has-post-thumbnail","hentry","category-portada"],"post_mailing_queue_ids":[],"_links":{"self":[{"href":"https:\/\/agora.xtec.cat\/ins-nauticabcn\/wp-json\/wp\/v2\/posts\/4518","targetHints":{"allow":["GET"]}}],"collection":[{"href":"https:\/\/agora.xtec.cat\/ins-nauticabcn\/wp-json\/wp\/v2\/posts"}],"about":[{"href":"https:\/\/agora.xtec.cat\/ins-nauticabcn\/wp-json\/wp\/v2\/types\/post"}],"author":[{"embeddable":true,"href":"https:\/\/agora.xtec.cat\/ins-nauticabcn\/wp-json\/wp\/v2\/users\/1"}],"replies":[{"embeddable":true,"href":"https:\/\/agora.xtec.cat\/ins-nauticabcn\/wp-json\/wp\/v2\/comments?post=4518"}],"version-history":[{"count":2,"href":"https:\/\/agora.xtec.cat\/ins-nauticabcn\/wp-json\/wp\/v2\/posts\/4518\/revisions"}],"predecessor-version":[{"id":4547,"href":"https:\/\/agora.xtec.cat\/ins-nauticabcn\/wp-json\/wp\/v2\/posts\/4518\/revisions\/4547"}],"wp:featuredmedia":[{"embeddable":true,"href":"https:\/\/agora.xtec.cat\/ins-nauticabcn\/wp-json\/wp\/v2\/media\/4521"}],"wp:attachment":[{"href":"https:\/\/agora.xtec.cat\/ins-nauticabcn\/wp-json\/wp\/v2\/media?parent=4518"}],"wp:term":[{"taxonomy":"category","embeddable":true,"href":"https:\/\/agora.xtec.cat\/ins-nauticabcn\/wp-json\/wp\/v2\/categories?post=4518"},{"taxonomy":"post_tag","embeddable":true,"href":"https:\/\/agora.xtec.cat\/ins-nauticabcn\/wp-json\/wp\/v2\/tags?post=4518"}],"curies":[{"name":"wp","href":"https:\/\/api.w.org\/{rel}","templated":true}]}}