{"id":4511,"date":"2020-07-30T17:03:46","date_gmt":"2020-07-30T15:03:46","guid":{"rendered":"http:\/\/agora.xtec.cat\/ins-nauticabcn\/?p=4511"},"modified":"2020-07-30T17:03:46","modified_gmt":"2020-07-30T15:03:46","slug":"tanquem-aquest-intens-curs-i-gaudim-de-lestiu","status":"publish","type":"post","link":"https:\/\/agora.xtec.cat\/ins-nauticabcn\/portada\/tanquem-aquest-intens-curs-i-gaudim-de-lestiu\/","title":{"rendered":"Tanquem aquest intens curs, i gaudim de l&#8217;estiu!"},"content":{"rendered":"<p>Benvolgudes\/ts alumnes i fam\u00edlies de l\u2019Institut de N\u00e0utica de Barcelona, amb aquest missatge volem tancar aquest at\u00edpic curs que hem passat, i enfocar-nos a afrontar el seg\u00fcent, que es preveu que ser\u00e0 encara un curs de transici\u00f3 cap a la enyorada normalitat. Com casi tota la societat aquests mesos, ens ha tocat estar a la altura de les circumst\u00e0ncies, i ho hem fet el millor que hem sabut.<\/p>\n<p>Aquests mesos hem descobert que a dist\u00e0ncia es poden fer moltes m\u00e9s coses de les que ens pens\u00e0vem, i que tampoc surten mal, per\u00f2 sens dubte les relacions humanes necessiten dosis de presencialitat, i esperem tornar-les a activar al setembre.<\/p>\n<p>Comen\u00e7o doncs <strong>agraint<\/strong> a tota la nostra comunitat educativa per el sobre-esfor\u00e7 que ha fet, i les ganes que li hem posat per a tancar el curs de la millor forma possible. Als\/les docents per saber convertir d\u2019un dia per l\u2019altre les seves classes presencials en modalitat on-line, als\/les tutors\/es per mantenir-vos connectats i informats, al personal d\u2019administraci\u00f3 i consergeria per fer-ho tot tan f\u00e0cil, a les fam\u00edlies per la paci\u00e8ncia davant la incertesa existent, i als\/les alumnes per mantenir-vos actius amb les tasques acad\u00e8miques en els nous canals de comunicaci\u00f3 que han sorgit d\u2019un dia per l\u2019altre.<\/p>\n<p>Ens dol per\u00f2 no haver pogut tancar el curs presencialment amb tots vosaltres, especialment als que ja heu acabat els estudis.<\/p>\n<p><strong>I de cara al setembre, qu\u00e8?<\/strong><\/p>\n<p>Doncs si les coses no es torcen molt, tenim l\u2019enc\u00e0rrec d\u2019obrir el centre amb una certa normalitat. Per\u00f2 haurem de canviar certes coses, per a equilibrar les mesures de prevenci\u00f3 amb la continu\u00eftat de la vida acad\u00e8mica.<\/p>\n<p>Hem elaborat ja un pla d\u2019obertura, per a organitzar i preveure els diferents escenaris, i al setembre ja us transmetrem la informaci\u00f3 actualitzada, per\u00f2 us avancem els principis i actuacions previstes a data d\u2019avui:<\/p>\n<ul>\n<li>Grups estables. Els alumnes estareu amb el vostre grup estable per a les activitats acad\u00e8miques.<\/li>\n<li>Cada grup tindr\u00e0 unes zones d\u2019entrada i sortida del centre assignades.<\/li>\n<li>Haureu d\u2019anar amb mascareta per el centre (excepte quan esteu amb el vostre grup estable)<\/li>\n<li>Haureu de mantenir la dist\u00e0ncia de seguretat amb altres persones de 1,5m (excepte quan esteu amb el vostre grup estable)<\/li>\n<li>Haureu fer un rentat i desinfecci\u00f3 de mans constant.<\/li>\n<li>Haurem de responsabilitzar-nos entre tots de desinfectar els equips i espais compartits que utilitzem, i de ventilar els espais.<\/li>\n<li>Es limitar\u00e0 l\u2019\u00fas de les zones comunes.<\/li>\n<li>Algun dels m\u00f2duls (assignatures) tindran una part on-line.<\/li>\n<li>Tenir previst com ajustar i continuar les classes davant d\u2019un possible confinament<\/li>\n<\/ul>\n<p>I el m\u00e9s important de tot:<\/p>\n<ul>\n<li>Per a accedir al centre tothom tindrem que complir els dos requisits seg\u00fcents:\n<ul>\n<li>Abs\u00e8ncia de simptomatologia compatible amb la COVID-19 (febre, tos, dificultat respirat\u00f2ria, malestar, diarrea&#8230;)<\/li>\n<li>No conviure o tenir contacte estret amb positiu confirmat o simptomatologia compatible en els 14 dies anteriors<\/li>\n<\/ul>\n<\/li>\n<\/ul>\n<p>Doncs ara nom\u00e9s ens queda desitjar-vos un bo estiu, que esteu atents a les instruccions que anem donant a la web per a la matricula,\u00a0 i assegurar-vos que al setembre ens trobareu ben preparats i il\u00b7lusionats per a que tingueu un any acad\u00e8mic enriquidor i productiu.<\/p>\n<p>Bon estiu<\/p>\n<p>La Direcci\u00f3<\/p>\n<p><img loading=\"lazy\" decoding=\"async\" class=\"aligncenter size-full wp-image-4512\" src=\"https:\/\/agora.xtec.cat\/ins-nauticabcn\/wp-content\/uploads\/usu313\/2020\/07\/hope.jpg\" alt=\"\" width=\"720\" height=\"346\" srcset=\"https:\/\/agora.xtec.cat\/ins-nauticabcn\/wp-content\/uploads\/usu313\/2020\/07\/hope.jpg 720w, https:\/\/agora.xtec.cat\/ins-nauticabcn\/wp-content\/uploads\/usu313\/2020\/07\/hope-300x144.jpg 300w\" sizes=\"auto, (max-width: 720px) 100vw, 720px\" \/><\/p>\n","protected":false},"excerpt":{"rendered":"<p>Benvolgudes\/ts alumnes i fam\u00edlies de l\u2019Institut de N\u00e0utica de Barcelona, amb aquest missatge volem tancar aquest at\u00edpic curs que hem passat, i enfocar-nos a afrontar el seg\u00fcent, que es preveu que ser\u00e0 encara un curs de transici\u00f3 cap a la enyorada normalitat. Com casi tota&hellip;  <a href=\"https:\/\/agora.xtec.cat\/ins-nauticabcn\/portada\/tanquem-aquest-intens-curs-i-gaudim-de-lestiu\/\" title=\"Read Tanquem aquest intens curs, i gaudim de l&#8217;estiu!\">Llegeix m\u00e9s\u00bb<\/a><\/p>\n","protected":false},"author":1,"featured_media":4512,"comment_status":"closed","ping_status":"closed","sticky":false,"template":"","format":"standard","meta":{"_bbp_topic_count":0,"_bbp_reply_count":0,"_bbp_total_topic_count":0,"_bbp_total_reply_count":0,"_bbp_voice_count":0,"_bbp_anonymous_reply_count":0,"_bbp_topic_count_hidden":0,"_bbp_reply_count_hidden":0,"_bbp_forum_subforum_count":0,"footnotes":""},"categories":[29],"tags":[],"class_list":["post-4511","post","type-post","status-publish","format-standard","has-post-thumbnail","hentry","category-portada"],"post_mailing_queue_ids":[],"_links":{"self":[{"href":"https:\/\/agora.xtec.cat\/ins-nauticabcn\/wp-json\/wp\/v2\/posts\/4511","targetHints":{"allow":["GET"]}}],"collection":[{"href":"https:\/\/agora.xtec.cat\/ins-nauticabcn\/wp-json\/wp\/v2\/posts"}],"about":[{"href":"https:\/\/agora.xtec.cat\/ins-nauticabcn\/wp-json\/wp\/v2\/types\/post"}],"author":[{"embeddable":true,"href":"https:\/\/agora.xtec.cat\/ins-nauticabcn\/wp-json\/wp\/v2\/users\/1"}],"replies":[{"embeddable":true,"href":"https:\/\/agora.xtec.cat\/ins-nauticabcn\/wp-json\/wp\/v2\/comments?post=4511"}],"version-history":[{"count":1,"href":"https:\/\/agora.xtec.cat\/ins-nauticabcn\/wp-json\/wp\/v2\/posts\/4511\/revisions"}],"predecessor-version":[{"id":4513,"href":"https:\/\/agora.xtec.cat\/ins-nauticabcn\/wp-json\/wp\/v2\/posts\/4511\/revisions\/4513"}],"wp:featuredmedia":[{"embeddable":true,"href":"https:\/\/agora.xtec.cat\/ins-nauticabcn\/wp-json\/wp\/v2\/media\/4512"}],"wp:attachment":[{"href":"https:\/\/agora.xtec.cat\/ins-nauticabcn\/wp-json\/wp\/v2\/media?parent=4511"}],"wp:term":[{"taxonomy":"category","embeddable":true,"href":"https:\/\/agora.xtec.cat\/ins-nauticabcn\/wp-json\/wp\/v2\/categories?post=4511"},{"taxonomy":"post_tag","embeddable":true,"href":"https:\/\/agora.xtec.cat\/ins-nauticabcn\/wp-json\/wp\/v2\/tags?post=4511"}],"curies":[{"name":"wp","href":"https:\/\/api.w.org\/{rel}","templated":true}]}}