{"id":4459,"date":"2020-07-29T11:28:07","date_gmt":"2020-07-29T09:28:07","guid":{"rendered":"http:\/\/agora.xtec.cat\/ins-nauticabcn\/?p=4459"},"modified":"2020-09-17T14:35:00","modified_gmt":"2020-09-17T12:35:00","slug":"nou-periode-de-preinscripcio-per-cfgm-salvament-i-socorrisme","status":"publish","type":"post","link":"https:\/\/agora.xtec.cat\/ins-nauticabcn\/portada\/nou-periode-de-preinscripcio-per-cfgm-salvament-i-socorrisme\/","title":{"rendered":"Nou per\u00edode de preinscripci\u00f3 per CFGM Salvament i Socorrisme i CFGM Vela &#8211; Setembre"},"content":{"rendered":"<p>El Departament d&#8217;Ensenyament ha obert una nova convocat\u00f2ria per fer la prova espec\u00edfica d&#8217;acc\u00e9s per al <strong>CFGM de Salvament i Socorrisme<\/strong> i per al <strong>CFGM de Vela amb aparell fix\/lliure<\/strong> per al setembre.<\/p>\n<p>Podeu trobar tota la informaci\u00f3 <a href=\"http:\/\/ensenyament.gencat.cat\/ca\/serveis-tramits\/proves\/proves-acces\/espec-esportius\/\">aqu\u00ed.<\/a><\/p>\n<p>Per tot l&#8217;alumnat que s&#8217;inscrigui a la prova (requisit imprescindible per matricular-se) al setembre obrirem un nou grup que comen\u00e7ar\u00e0 les classes a l&#8217;octubre.<\/p>\n<p>Les dates de preinscripci\u00f3 i matr\u00edcula per aquests grups s\u00f3n:<\/p>\n<p><strong>Presentaci\u00f3 de preinscripcions del 10 al 16 de setembre.<\/strong><\/p>\n<p><strong>Publicaci\u00f3 llistats d&#8217;admesos el 25 de setembre.<\/strong><\/p>\n<ul>\n<li><strong>Matricula Cicle Inicial Vela, Cicle Inicial Busseig i Bloc Com\u00fa per altres modalitats esportives (torn tarda i online):<\/strong><\/li>\n<\/ul>\n<p><strong> 28 de setembre de 9 a 13hrs i 29 de setembre de 9 a 13hrs i de 15 a 17hrs.<\/strong><\/p>\n<p>&nbsp;<\/p>\n<ul>\n<li><strong>Matr\u00edcula Cicle Inicial Salvament i Socorrisme:<\/strong><strong>\u00a0 el 5 d&#8217;octubre de 8.30 a 10.30 hores a la secretaria del centre.<\/strong><\/li>\n<\/ul>\n<p>&nbsp;<\/p>\n<p>Podeu consultar tota la informaci\u00f3 sobre la preinscripci\u00f3 i matr\u00edcula <a href=\"https:\/\/agora.xtec.cat\/ins-nauticabcn\/secretaria\/preinscripcio-i-matricula\/\">aqu\u00ed.<\/a><\/p>\n<p>&nbsp;<\/p>\n<p>&nbsp;<\/p>\n","protected":false},"excerpt":{"rendered":"<p>El Departament d&#8217;Ensenyament ha obert una nova convocat\u00f2ria per fer la prova espec\u00edfica d&#8217;acc\u00e9s per al CFGM de Salvament i Socorrisme i per al CFGM de Vela amb aparell fix\/lliure per al setembre.<br \/>\nPodeu trobar tota la informaci\u00f3 <a href=\"http:\/\/ensenyament.gencat.cat\/ca\/serveis-tramits\/proves\/proves-acces\/espec-esportius\/\">aqu\u00ed.<\/a><br \/>\nPer tot l&#8217;alumnat que s&#8217;inscrigui a la&hellip;  <a href=\"https:\/\/agora.xtec.cat\/ins-nauticabcn\/portada\/nou-periode-de-preinscripcio-per-cfgm-salvament-i-socorrisme\/\" title=\"Read Nou per\u00edode de preinscripci\u00f3 per CFGM Salvament i Socorrisme i CFGM Vela &#8211; Setembre\">Llegeix m\u00e9s\u00bb<\/a><\/p>\n","protected":false},"author":1,"featured_media":990,"comment_status":"closed","ping_status":"closed","sticky":false,"template":"","format":"standard","meta":{"_bbp_topic_count":0,"_bbp_reply_count":0,"_bbp_total_topic_count":0,"_bbp_total_reply_count":0,"_bbp_voice_count":0,"_bbp_anonymous_reply_count":0,"_bbp_topic_count_hidden":0,"_bbp_reply_count_hidden":0,"_bbp_forum_subforum_count":0,"footnotes":""},"categories":[29],"tags":[],"class_list":["post-4459","post","type-post","status-publish","format-standard","has-post-thumbnail","hentry","category-portada"],"post_mailing_queue_ids":[],"_links":{"self":[{"href":"https:\/\/agora.xtec.cat\/ins-nauticabcn\/wp-json\/wp\/v2\/posts\/4459","targetHints":{"allow":["GET"]}}],"collection":[{"href":"https:\/\/agora.xtec.cat\/ins-nauticabcn\/wp-json\/wp\/v2\/posts"}],"about":[{"href":"https:\/\/agora.xtec.cat\/ins-nauticabcn\/wp-json\/wp\/v2\/types\/post"}],"author":[{"embeddable":true,"href":"https:\/\/agora.xtec.cat\/ins-nauticabcn\/wp-json\/wp\/v2\/users\/1"}],"replies":[{"embeddable":true,"href":"https:\/\/agora.xtec.cat\/ins-nauticabcn\/wp-json\/wp\/v2\/comments?post=4459"}],"version-history":[{"count":3,"href":"https:\/\/agora.xtec.cat\/ins-nauticabcn\/wp-json\/wp\/v2\/posts\/4459\/revisions"}],"predecessor-version":[{"id":4548,"href":"https:\/\/agora.xtec.cat\/ins-nauticabcn\/wp-json\/wp\/v2\/posts\/4459\/revisions\/4548"}],"wp:featuredmedia":[{"embeddable":true,"href":"https:\/\/agora.xtec.cat\/ins-nauticabcn\/wp-json\/wp\/v2\/media\/990"}],"wp:attachment":[{"href":"https:\/\/agora.xtec.cat\/ins-nauticabcn\/wp-json\/wp\/v2\/media?parent=4459"}],"wp:term":[{"taxonomy":"category","embeddable":true,"href":"https:\/\/agora.xtec.cat\/ins-nauticabcn\/wp-json\/wp\/v2\/categories?post=4459"},{"taxonomy":"post_tag","embeddable":true,"href":"https:\/\/agora.xtec.cat\/ins-nauticabcn\/wp-json\/wp\/v2\/tags?post=4459"}],"curies":[{"name":"wp","href":"https:\/\/api.w.org\/{rel}","templated":true}]}}