{"id":4263,"date":"2021-07-05T08:52:08","date_gmt":"2021-07-05T06:52:08","guid":{"rendered":"http:\/\/agora.xtec.cat\/ins-nauticabcn\/?p=4263"},"modified":"2021-07-16T09:21:26","modified_gmt":"2021-07-16T07:21:26","slug":"llistats-de-barem-provisionals","status":"publish","type":"post","link":"https:\/\/agora.xtec.cat\/ins-nauticabcn\/general\/llistats-de-barem-provisionals\/","title":{"rendered":"Llistats de barem provisionals, definitius i alumnes admesos"},"content":{"rendered":"<p style=\"text-align: center;\"><img loading=\"lazy\" decoding=\"async\" class=\"aligncenter size-full wp-image-4264\" src=\"https:\/\/agora.xtec.cat\/ins-nauticabcn\/wp-content\/uploads\/usu313\/2020\/06\/gennemgang.jpg\" alt=\"\" width=\"560\" height=\"414\" srcset=\"https:\/\/agora.xtec.cat\/ins-nauticabcn\/wp-content\/uploads\/usu313\/2020\/06\/gennemgang.jpg 560w, https:\/\/agora.xtec.cat\/ins-nauticabcn\/wp-content\/uploads\/usu313\/2020\/06\/gennemgang-300x222.jpg 300w\" sizes=\"auto, (max-width: 560px) 100vw, 560px\" \/><\/p>\n<p>En aquest apartat us anirem informant dels diferents llistats baremats que es vagin publicant.<\/p>\n<p><strong><span style=\"color: #ff6600;\">Nou!!<\/span>\u00a0<\/strong>El n\u00famero de desempat per a la<strong> preinscripci\u00f3 als Cicles Formatius de Grau Superior per al curs 2021-2022<\/strong> \u00e9s el <strong>15.864<\/strong>, tal i com s&#8217;ha publicat a la web del <a href=\"https:\/\/www.edubcn.cat\/ca\/alumnat_i_familia\" target=\"_blank\" rel=\"noopener noreferrer\">Consorci d&#8217;Educaci\u00f3.<\/a><\/p>\n<p><strong><span style=\"color: #ff6600;\">Nou!!<\/span>\u00a0<\/strong>El n\u00famero de desempat per a la<strong> preinscripci\u00f3 als Cicles Formatius de Grau MItj\u00e0 per al curs 2021-2022<\/strong> \u00e9s el <strong>10.290<\/strong>, tal i com s&#8217;ha publicat a la web del <a href=\"https:\/\/www.edubcn.cat\/ca\/alumnat_i_familia\" target=\"_blank\" rel=\"noopener noreferrer\">Consorci d&#8217;Educaci\u00f3.<\/a><\/p>\n<p><span style=\"color: #ff6600;\"><strong>Nou!!\u00a0<\/strong><span style=\"color: #000000;\">El n\u00famero de desempat per a la<strong> preinscripci\u00f3 de PFI per al curs 2021-2022<\/strong> \u00e9s el <strong>6.626<\/strong>, tal i com s&#8217;ha publicat a la web del <a href=\"https:\/\/www.edubcn.cat\/ca\/alumnat_i_familia\" target=\"_blank\" rel=\"noopener noreferrer\">Consorci d&#8217;Educaci\u00f3.<\/a><\/span><\/span><\/p>\n<p>_____________________________________________________________________________________________________<\/p>\n<p><strong><span style=\"color: #ff6600;\">Nou!!<\/span> Programes de Formaci\u00f3 i Inserci\u00f3 (PFI)<\/strong><\/p>\n<p><strong>PFI\u00a0Auxiliar de Manteniment d\u2019Embarcacions Esportives i d\u2019Esbarjo<\/strong> <a href=\"https:\/\/agora.xtec.cat\/ins-nauticabcn\/wp-content\/uploads\/usu313\/2021\/07\/PFI-asignats_al_centre.pdf\" target=\"_blank\" rel=\"noopener noreferrer\">llistat d&#8217;alumnes admesos.<\/a><\/p>\n<p><strong>PFI Auxiliar de Manteniment d\u2019Embarcacions Esportives i d\u2019Esbarjo <\/strong><a href=\"https:\/\/agora.xtec.cat\/ins-nauticabcn\/wp-content\/uploads\/usu313\/2021\/07\/PFI-preinscrits_al_centre_amb_assignaci\u00f3.pdf\" target=\"_blank\" rel=\"noopener noreferrer\">llistat d&#8217;alumnes preinscrits al centre amb assignaci\u00f3.<\/a><strong><br \/>\n<\/strong><\/p>\n<p>_____________________________________________________________________________________________________<\/p>\n<p><span style=\"color: #ff6600;\"><strong>Nou!! <\/strong><\/span><strong>Ensenyaments Esportius<\/strong><\/p>\n<p><strong>GM Cicle Inicial Vela (intensiu d&#8217;estiu)<\/strong> <a href=\"https:\/\/agora.xtec.cat\/ins-nauticabcn\/wp-content\/uploads\/usu313\/2021\/06\/Admesos-CI-Vela-intensiu-estiu-2021.pdf\" target=\"_blank\" rel=\"noopener noreferrer\">llistat d&#8217;alumnes admesos<\/a><\/p>\n<p><strong>GM Cicle Inicial Vela (setembre-desembre)<\/strong> <a href=\"https:\/\/agora.xtec.cat\/ins-nauticabcn\/wp-content\/uploads\/usu313\/2021\/06\/Admesos-CI-Vela-2021-2022.pdf\" target=\"_blank\" rel=\"noopener noreferrer\">llistat d&#8217;alumnes admesos<\/a><\/p>\n<p><strong>GM Cicle Inicial Busseig<\/strong> <a href=\"https:\/\/agora.xtec.cat\/ins-nauticabcn\/wp-content\/uploads\/usu313\/2021\/06\/Admesos-GM-Busseig-2021-2022.pdf\" target=\"_blank\" rel=\"noopener noreferrer\">llistat d&#8217;alumnes admesos<\/a><\/p>\n<p><strong>GM Cicle Inicial Salvament i Socorrisme<\/strong> <a href=\"https:\/\/agora.xtec.cat\/ins-nauticabcn\/wp-content\/uploads\/usu313\/2021\/06\/Admesos-CI-SOS-2021-2022.pdf\" target=\"_blank\" rel=\"noopener noreferrer\">llistat d&#8217;alumnes admesos<\/a><\/p>\n<p><strong>GS Salvament i Socorrisme<\/strong> <a href=\"https:\/\/agora.xtec.cat\/ins-nauticabcn\/wp-content\/uploads\/usu313\/2021\/06\/Admesos-GS-SOS-2021-2022.pdf\" target=\"_blank\" rel=\"noopener noreferrer\">llistat d&#8217;alumnes admesos<\/a><\/p>\n<p><strong><span style=\"color: #ff6600;\">Nou!!<\/span> Batxillerat Esportiu Cicle Inicial Salvament i Socorrisme <\/strong><a href=\"https:\/\/agora.xtec.cat\/ins-nauticabcn\/wp-content\/uploads\/usu313\/2021\/06\/DEFINITIU-23-06-2021-BATXILLERAT-ESPORTIU-2021-2022.pdf\" target=\"_blank\" rel=\"noopener noreferrer\">llistat amb el barem definitiu<\/a><\/p>\n<p>_____________________________________________________________________________________________________<\/p>\n<p><span style=\"color: #ff6600;\"><strong><span style=\"color: #000000;\">Formaci\u00f3 Professional<\/span><\/strong><\/span><\/p>\n<p><strong><span style=\"color: #ff6600;\">Nou!!<\/span> CFGM Manteniment d&#8217;Embarcacions d&#8217;Esbarjo <\/strong><a href=\"https:\/\/agora.xtec.cat\/ins-nauticabcn\/wp-content\/uploads\/usu313\/2021\/07\/INFORME_ASSIGNADES_INFORME_ASSIGNADES.pdf\" target=\"_blank\" rel=\"noopener noreferrer\">llistat amb alumnes assignats al centre<\/a><\/p>\n<p><strong><span style=\"color: #ff6600;\">Nou!!<\/span> CFGM Manteniment d&#8217;Embarcacions d&#8217;Esbarjo<\/strong> <a href=\"https:\/\/agora.xtec.cat\/ins-nauticabcn\/wp-content\/uploads\/usu313\/2021\/07\/INFORME_PREINSCRITES_OME_INFORME_PREINSCRITES_OME.pdf\" target=\"_blank\" rel=\"noopener noreferrer\">llistat d&#8217;alumnes preinscrits al centre<\/a><\/p>\n<p><strong><span style=\"color: #ff6600;\">Nou!!<\/span> CFGM Manteniment d&#8217;Embarcacions d&#8217;Esbarjo<\/strong> <a href=\"https:\/\/agora.xtec.cat\/ins-nauticabcn\/wp-content\/uploads\/usu313\/2021\/07\/INFORME_LLISTA_ESPERA_OME_LLISTA_ESPERA.pdf\" target=\"_blank\" rel=\"noopener noreferrer\">llistat d&#8217;alumnes en llista d&#8217;espera<\/a><\/p>\n<p><strong><span style=\"color: #ff6600;\">Nou!! <span style=\"color: #000000;\">CFGS Sistemes de Navegaci\u00f3 i Ensenyament i Animaci\u00f3 Socioesportiva <\/span><\/span><\/strong><span style=\"color: #ff6600;\"><span style=\"color: #000000;\"><a href=\"https:\/\/agora.xtec.cat\/ins-nauticabcn\/wp-content\/uploads\/usu313\/2021\/07\/INFORME_ASSIGNADES_INFORME_ASSIGNADES-1.pdf\" target=\"_blank\" rel=\"noopener noreferrer\">llistat amb alumnes assignats al centre<\/a><br \/>\n<\/span><\/span><\/p>\n<p><strong><span style=\"color: #ff6600;\">Nou!!<\/span> CFGS Sistemes de Navegaci\u00f3 i Ensenyament i Animaci\u00f3 Socioesportiva <\/strong><a href=\"https:\/\/agora.xtec.cat\/ins-nauticabcn\/wp-content\/uploads\/usu313\/2021\/07\/INFORME_PREINSCRITES_OME_INFORME_PREINSCRITES_OME-1.pdf\" target=\"_blank\" rel=\"noopener noreferrer\">llistat d&#8217;alumnes preinscrits al centre<\/a><\/p>\n<p>&nbsp;<\/p>\n<p>&nbsp;<\/p>\n","protected":false},"excerpt":{"rendered":"<p>En aquest apartat us anirem informant dels diferents llistats baremats que es vagin publicant.&hellip;  <a href=\"https:\/\/agora.xtec.cat\/ins-nauticabcn\/general\/llistats-de-barem-provisionals\/\" title=\"Read Llistats de barem provisionals, definitius i alumnes admesos\">Llegeix m\u00e9s\u00bb<\/a><\/p>\n","protected":false},"author":1,"featured_media":4264,"comment_status":"closed","ping_status":"closed","sticky":false,"template":"","format":"standard","meta":{"_bbp_topic_count":0,"_bbp_reply_count":0,"_bbp_total_topic_count":0,"_bbp_total_reply_count":0,"_bbp_voice_count":0,"_bbp_anonymous_reply_count":0,"_bbp_topic_count_hidden":0,"_bbp_reply_count_hidden":0,"_bbp_forum_subforum_count":0,"footnotes":""},"categories":[1,29],"tags":[],"class_list":["post-4263","post","type-post","status-publish","format-standard","has-post-thumbnail","hentry","category-general","category-portada"],"post_mailing_queue_ids":[],"_links":{"self":[{"href":"https:\/\/agora.xtec.cat\/ins-nauticabcn\/wp-json\/wp\/v2\/posts\/4263","targetHints":{"allow":["GET"]}}],"collection":[{"href":"https:\/\/agora.xtec.cat\/ins-nauticabcn\/wp-json\/wp\/v2\/posts"}],"about":[{"href":"https:\/\/agora.xtec.cat\/ins-nauticabcn\/wp-json\/wp\/v2\/types\/post"}],"author":[{"embeddable":true,"href":"https:\/\/agora.xtec.cat\/ins-nauticabcn\/wp-json\/wp\/v2\/users\/1"}],"replies":[{"embeddable":true,"href":"https:\/\/agora.xtec.cat\/ins-nauticabcn\/wp-json\/wp\/v2\/comments?post=4263"}],"version-history":[{"count":2,"href":"https:\/\/agora.xtec.cat\/ins-nauticabcn\/wp-json\/wp\/v2\/posts\/4263\/revisions"}],"predecessor-version":[{"id":5373,"href":"https:\/\/agora.xtec.cat\/ins-nauticabcn\/wp-json\/wp\/v2\/posts\/4263\/revisions\/5373"}],"wp:featuredmedia":[{"embeddable":true,"href":"https:\/\/agora.xtec.cat\/ins-nauticabcn\/wp-json\/wp\/v2\/media\/4264"}],"wp:attachment":[{"href":"https:\/\/agora.xtec.cat\/ins-nauticabcn\/wp-json\/wp\/v2\/media?parent=4263"}],"wp:term":[{"taxonomy":"category","embeddable":true,"href":"https:\/\/agora.xtec.cat\/ins-nauticabcn\/wp-json\/wp\/v2\/categories?post=4263"},{"taxonomy":"post_tag","embeddable":true,"href":"https:\/\/agora.xtec.cat\/ins-nauticabcn\/wp-json\/wp\/v2\/tags?post=4263"}],"curies":[{"name":"wp","href":"https:\/\/api.w.org\/{rel}","templated":true}]}}