{"id":4162,"date":"2022-07-07T08:30:06","date_gmt":"2022-07-07T06:30:06","guid":{"rendered":"http:\/\/agora.xtec.cat\/ins-nauticabcn\/?p=4162"},"modified":"2022-07-15T09:57:17","modified_gmt":"2022-07-15T07:57:17","slug":"preinscripcio-20-21","status":"publish","type":"post","link":"https:\/\/agora.xtec.cat\/ins-nauticabcn\/general\/preinscripcio-20-21\/","title":{"rendered":"Publicaci\u00f3 LLISTAT D&#8217;ADMESOS de la preinscripci\u00f3 per a Cicles Formatius de Grau Superior"},"content":{"rendered":"<p>A continuaci\u00f3 trobareu el llistat de sol\u00b7licituds <strong>d&#8217;alumnes admesos<\/strong> als nostres Cicles Formatius de Grau Superior:<\/p>\n<p><a href=\"https:\/\/agora.xtec.cat\/ins-nauticabcn\/wp-content\/uploads\/usu313\/2022\/07\/INFORME_ASSIGNADES_INFORME_ASSIGNADES-2.pdf\" target=\"_blank\" rel=\"noopener\">LLISTAT ALUMNES ADMESOS<\/a><\/p>\n<p><a href=\"https:\/\/agora.xtec.cat\/ins-nauticabcn\/wp-content\/uploads\/usu313\/2022\/07\/INFORME_PREINSCRITES_OME_INFORME_PREINSCRITES_OME-2.pdf\" target=\"_blank\" rel=\"noopener\">LLISTAT ALUMNES PREINSCRITS<\/a><\/p>\n<p>LLISTAT DE LLISTA D&#8217;ESPERA (NO N&#8217;HI HA)<\/p>\n<p>&nbsp;<\/p>\n<p>A continuaci\u00f3 trobareu el llistat de sol\u00b7licituds que han demanat el centre i l&#8217;ensenyament en primera petici\u00f3 ordenada:<\/p>\n<p><a href=\"https:\/\/agora.xtec.cat\/ins-nauticabcn\/wp-content\/uploads\/usu313\/2022\/07\/INFORME_BAREM_DEFINITIU_ORDENADES.pdf\" target=\"_blank\" rel=\"noopener\">LLISTAT LLISTAT ORDENAT SOL\u00b7LICITUDS<\/a><\/p>\n<p><a href=\"https:\/\/agora.xtec.cat\/ins-nauticabcn\/wp-content\/uploads\/usu313\/2022\/07\/INFORME_BAREM_RESOLTES_BAREM.pdf\" target=\"_blank\" rel=\"noopener\">LLISTAT BAREM DEFINITIU GRAU SUPERIOR<\/a><\/p>\n<p><strong>L&#8217;oferta de places de Grau Superior la trobar\u00e0s <a href=\"https:\/\/agora.xtec.cat\/ins-nauticabcn\/wp-content\/uploads\/usu313\/2022\/07\/INFORME_OFERTA_OME_INFORME_OFERTA-1.pdf\" target=\"_blank\" rel=\"noopener\">aqu\u00ed<\/a><\/strong><\/p>\n<p>&nbsp;<\/p>\n<p><span style=\"color: #ff6600;\"><strong>Ara les dates que heu de tenir present s\u00f3n les seg\u00fcents:<\/strong><\/span><\/p>\n<p>El per\u00edode de matricula ser\u00e0 del 18 al 22 de juliol<\/p>\n<p><strong><span style=\"color: #ff6600;\">Trobareu els documents de matr\u00edcula<\/span> <a href=\"https:\/\/agora.xtec.cat\/ins-nauticabcn\/secretaria\/preinscripcio-i-matricula-2022-2023\/#e\" target=\"_blank\" rel=\"noopener\">aqu\u00ed.<\/a><\/strong><\/p>\n<p><strong>Podeu fer la matr\u00edcula enviant els documents degudament emplenats, signats i escanejats al correu del centre a8074847@xtec.cat o portant la documentaci\u00f3 de matr\u00edcula a la secretaria del centre en horari de 9 a 13 hores.<\/strong><\/p>\n<p>&nbsp;<\/p>\n<h3><img loading=\"lazy\" decoding=\"async\" class=\"wp-image-5165 alignleft\" src=\"https:\/\/agora.xtec.cat\/ins-nauticabcn\/wp-content\/uploads\/usu313\/2021\/05\/IMG_20210511_123108-c\u00f2pia.jpg\" alt=\"\" width=\"408\" height=\"306\" srcset=\"https:\/\/agora.xtec.cat\/ins-nauticabcn\/wp-content\/uploads\/usu313\/2021\/05\/IMG_20210511_123108-c\u00f2pia.jpg 3264w, https:\/\/agora.xtec.cat\/ins-nauticabcn\/wp-content\/uploads\/usu313\/2021\/05\/IMG_20210511_123108-c\u00f2pia-300x225.jpg 300w, https:\/\/agora.xtec.cat\/ins-nauticabcn\/wp-content\/uploads\/usu313\/2021\/05\/IMG_20210511_123108-c\u00f2pia-768x576.jpg 768w, https:\/\/agora.xtec.cat\/ins-nauticabcn\/wp-content\/uploads\/usu313\/2021\/05\/IMG_20210511_123108-c\u00f2pia-1024x768.jpg 1024w, https:\/\/agora.xtec.cat\/ins-nauticabcn\/wp-content\/uploads\/usu313\/2021\/05\/IMG_20210511_123108-c\u00f2pia-200x150.jpg 200w\" sizes=\"auto, (max-width: 408px) 100vw, 408px\" \/><\/h3>\n<p><img loading=\"lazy\" decoding=\"async\" class=\"wp-image-4736 alignleft\" src=\"https:\/\/agora.xtec.cat\/ins-nauticabcn\/wp-content\/uploads\/usu313\/2021\/01\/WhatsApp-Image-2021-01-26-at-17.01.49-2.jpeg\" alt=\"\" width=\"410\" height=\"307\" srcset=\"https:\/\/agora.xtec.cat\/ins-nauticabcn\/wp-content\/uploads\/usu313\/2021\/01\/WhatsApp-Image-2021-01-26-at-17.01.49-2.jpeg 1487w, https:\/\/agora.xtec.cat\/ins-nauticabcn\/wp-content\/uploads\/usu313\/2021\/01\/WhatsApp-Image-2021-01-26-at-17.01.49-2-300x225.jpeg 300w, https:\/\/agora.xtec.cat\/ins-nauticabcn\/wp-content\/uploads\/usu313\/2021\/01\/WhatsApp-Image-2021-01-26-at-17.01.49-2-768x575.jpeg 768w, https:\/\/agora.xtec.cat\/ins-nauticabcn\/wp-content\/uploads\/usu313\/2021\/01\/WhatsApp-Image-2021-01-26-at-17.01.49-2-1024x766.jpeg 1024w, https:\/\/agora.xtec.cat\/ins-nauticabcn\/wp-content\/uploads\/usu313\/2021\/01\/WhatsApp-Image-2021-01-26-at-17.01.49-2-200x150.jpeg 200w\" sizes=\"auto, (max-width: 410px) 100vw, 410px\" \/><\/p>\n<p>&nbsp;<\/p>\n","protected":false},"excerpt":{"rendered":"<p>Ens plau comunicar-vos que avui s&#8217;ha iniciat el proc\u00e9s de preinscripci\u00f3 per als Cicles Formatius de Gra Mitj\u00e0. &hellip;  <a href=\"https:\/\/agora.xtec.cat\/ins-nauticabcn\/general\/preinscripcio-20-21\/\" title=\"Read Publicaci\u00f3 LLISTAT D&#8217;ADMESOS de la preinscripci\u00f3 per a Cicles Formatius de Grau Superior\">Llegeix m\u00e9s\u00bb<\/a><\/p>\n","protected":false},"author":1,"featured_media":4211,"comment_status":"closed","ping_status":"closed","sticky":false,"template":"","format":"standard","meta":{"_bbp_topic_count":0,"_bbp_reply_count":0,"_bbp_total_topic_count":0,"_bbp_total_reply_count":0,"_bbp_voice_count":0,"_bbp_anonymous_reply_count":0,"_bbp_topic_count_hidden":0,"_bbp_reply_count_hidden":0,"_bbp_forum_subforum_count":0,"footnotes":""},"categories":[1,29],"tags":[],"class_list":["post-4162","post","type-post","status-publish","format-standard","has-post-thumbnail","hentry","category-general","category-portada"],"post_mailing_queue_ids":[],"_links":{"self":[{"href":"https:\/\/agora.xtec.cat\/ins-nauticabcn\/wp-json\/wp\/v2\/posts\/4162","targetHints":{"allow":["GET"]}}],"collection":[{"href":"https:\/\/agora.xtec.cat\/ins-nauticabcn\/wp-json\/wp\/v2\/posts"}],"about":[{"href":"https:\/\/agora.xtec.cat\/ins-nauticabcn\/wp-json\/wp\/v2\/types\/post"}],"author":[{"embeddable":true,"href":"https:\/\/agora.xtec.cat\/ins-nauticabcn\/wp-json\/wp\/v2\/users\/1"}],"replies":[{"embeddable":true,"href":"https:\/\/agora.xtec.cat\/ins-nauticabcn\/wp-json\/wp\/v2\/comments?post=4162"}],"version-history":[{"count":3,"href":"https:\/\/agora.xtec.cat\/ins-nauticabcn\/wp-json\/wp\/v2\/posts\/4162\/revisions"}],"predecessor-version":[{"id":6000,"href":"https:\/\/agora.xtec.cat\/ins-nauticabcn\/wp-json\/wp\/v2\/posts\/4162\/revisions\/6000"}],"wp:featuredmedia":[{"embeddable":true,"href":"https:\/\/agora.xtec.cat\/ins-nauticabcn\/wp-json\/wp\/v2\/media\/4211"}],"wp:attachment":[{"href":"https:\/\/agora.xtec.cat\/ins-nauticabcn\/wp-json\/wp\/v2\/media?parent=4162"}],"wp:term":[{"taxonomy":"category","embeddable":true,"href":"https:\/\/agora.xtec.cat\/ins-nauticabcn\/wp-json\/wp\/v2\/categories?post=4162"},{"taxonomy":"post_tag","embeddable":true,"href":"https:\/\/agora.xtec.cat\/ins-nauticabcn\/wp-json\/wp\/v2\/tags?post=4162"}],"curies":[{"name":"wp","href":"https:\/\/api.w.org\/{rel}","templated":true}]}}