{"id":378,"date":"2015-04-01T05:11:37","date_gmt":"2015-04-01T04:11:37","guid":{"rendered":"http:\/\/agora.xtec.cat\/ins-nauticabcn\/?p=378"},"modified":"2015-05-01T08:45:04","modified_gmt":"2015-05-01T07:45:04","slug":"portes-obertes","status":"publish","type":"post","link":"https:\/\/agora.xtec.cat\/ins-nauticabcn\/portada\/portes-obertes\/","title":{"rendered":"Primera jornada de Portes obertes"},"content":{"rendered":"<p>La primera jornada de Portes Obertes del Institut de N\u00e0utica de Barcelonal del dimecres 29 d&#8217;abril, va ser tot un \u00e8xit; molt de p\u00fablic (varem omplir la sala d\u2019actes amb m\u00e9s de cent persones), molt d\u2019inter\u00e8s pel centre i pels estudis que s\u2019imparteixen i bona organitzaci\u00f3 de la jornada.<\/p>\n<p>Els alumnes i els seus familiars, van poder escoltar de primera m\u00e0 que vol ser el nou centre, en que consistir\u00e0 la seva oferta educativa, el seu calendari i horaris lectius, el per\u00edode de preinscipci\u00f3 i matr\u00edcula, a m\u00e9s de poder plantejar les preguntes que varen considerar.<\/p>\n<p>Despr\u00e8s de la presentaci\u00f3 general, es varen dividir en dos grups, les persones interessades en ensenyaments esportius, i els interessats en els estudis de FP de manteniment de vaixells. Amb el segon grup, varem fer tamb\u00e9 una visita a l\u2019Escola Drassana, on el Cap de Drassana ens va fer una fant\u00e0stica visita guiada pels tallers i les seves instal\u00b7lacions.<\/p>\n<p>Va ser per tant un excel\u00b7lent punt de partida del nou centre, que demostra el gran inter\u00e8s que est\u00e0 despertant la seva posada en marxa.<\/p>\n<p>Aix\u00ed que moltes gr\u00e0cies als que vareu venir, i per suposat als professors, equip directiu i personal del Consorci El Far per l\u2019organitzaci\u00f3 de la jornada.<\/p>\n<p>Us deixem amb el dossier que varem lliurar (<a href=\"http:\/\/agora.xtec.cat\/ins-nauticabcn\/wp-content\/uploads\/usu313\/2015\/04\/Portes-obertes-2015.pdf\">Portes obertes 2015<\/a>)\u00a0\u00a0i amb el el reportatge fotogr\u00e0fic de la jornada:<\/p>\n<p>&nbsp;<\/p>\n<figure class=\"figure wp-caption aligncenter\"><a href=\"http:\/\/agora.xtec.cat\/ins-nauticabcn\/wp-content\/uploads\/usu313\/2015\/04\/DSC01353.jpg\"><img loading=\"lazy\" decoding=\"async\" class=\"wp-image-442 size-full\" src=\"http:\/\/agora.xtec.cat\/ins-nauticabcn\/wp-content\/uploads\/usu313\/2015\/04\/DSC01353.jpg\" alt=\"\" width=\"800\" height=\"534\" srcset=\"https:\/\/agora.xtec.cat\/ins-nauticabcn\/wp-content\/uploads\/usu313\/2015\/04\/DSC01353.jpg 800w, https:\/\/agora.xtec.cat\/ins-nauticabcn\/wp-content\/uploads\/usu313\/2015\/04\/DSC01353-300x200.jpg 300w\" sizes=\"auto, (max-width: 800px) 100vw, 800px\" \/><\/a><figcaption class=\"wp-caption-text\">Preparant la\u00a0jornada<\/figcaption><\/figure>\n<p>&nbsp;<\/p>\n<figure class=\"figure wp-caption aligncenter\"><a href=\"http:\/\/agora.xtec.cat\/ins-nauticabcn\/wp-content\/uploads\/usu313\/2015\/04\/DSC01399.jpg\"><img loading=\"lazy\" decoding=\"async\" class=\"size-full wp-image-445\" src=\"http:\/\/agora.xtec.cat\/ins-nauticabcn\/wp-content\/uploads\/usu313\/2015\/04\/DSC01399.jpg\" alt=\"Recepci\u00f3 dels interessats\" width=\"800\" height=\"534\" srcset=\"https:\/\/agora.xtec.cat\/ins-nauticabcn\/wp-content\/uploads\/usu313\/2015\/04\/DSC01399.jpg 800w, https:\/\/agora.xtec.cat\/ins-nauticabcn\/wp-content\/uploads\/usu313\/2015\/04\/DSC01399-300x200.jpg 300w\" sizes=\"auto, (max-width: 800px) 100vw, 800px\" \/><\/a><figcaption class=\"wp-caption-text\">Recepci\u00f3 dels interessats<\/figcaption><\/figure>\n<p>&nbsp;<\/p>\n<figure class=\"figure wp-caption aligncenter\"><a href=\"http:\/\/agora.xtec.cat\/ins-nauticabcn\/wp-content\/uploads\/usu313\/2015\/04\/DSC01369.jpg\"><img loading=\"lazy\" decoding=\"async\" class=\"size-full wp-image-443\" src=\"http:\/\/agora.xtec.cat\/ins-nauticabcn\/wp-content\/uploads\/usu313\/2015\/04\/DSC01369.jpg\" alt=\"Exposici\u00f3\" width=\"800\" height=\"534\" srcset=\"https:\/\/agora.xtec.cat\/ins-nauticabcn\/wp-content\/uploads\/usu313\/2015\/04\/DSC01369.jpg 800w, https:\/\/agora.xtec.cat\/ins-nauticabcn\/wp-content\/uploads\/usu313\/2015\/04\/DSC01369-300x200.jpg 300w\" sizes=\"auto, (max-width: 800px) 100vw, 800px\" \/><\/a><figcaption class=\"wp-caption-text\">Exposici\u00f3<\/figcaption><\/figure>\n<p>&nbsp;<\/p>\n<figure class=\"figure wp-caption aligncenter\"><a href=\"http:\/\/agora.xtec.cat\/ins-nauticabcn\/wp-content\/uploads\/usu313\/2015\/04\/DSC01404.jpg\"><img loading=\"lazy\" decoding=\"async\" class=\"wp-image-446 size-full\" src=\"http:\/\/agora.xtec.cat\/ins-nauticabcn\/wp-content\/uploads\/usu313\/2015\/04\/DSC01404.jpg\" alt=\"DSC01404\" width=\"800\" height=\"534\" srcset=\"https:\/\/agora.xtec.cat\/ins-nauticabcn\/wp-content\/uploads\/usu313\/2015\/04\/DSC01404.jpg 800w, https:\/\/agora.xtec.cat\/ins-nauticabcn\/wp-content\/uploads\/usu313\/2015\/04\/DSC01404-300x200.jpg 300w\" sizes=\"auto, (max-width: 800px) 100vw, 800px\" \/><\/a><figcaption class=\"wp-caption-text\">De cam\u00ed a la Drassana<\/figcaption><\/figure>\n<p>&nbsp;<\/p>\n<figure class=\"figure wp-caption aligncenter\"><a href=\"http:\/\/agora.xtec.cat\/ins-nauticabcn\/wp-content\/uploads\/usu313\/2015\/04\/DSC01418.jpg\"><img loading=\"lazy\" decoding=\"async\" class=\"wp-image-450 size-full\" src=\"http:\/\/agora.xtec.cat\/ins-nauticabcn\/wp-content\/uploads\/usu313\/2015\/04\/DSC01418.jpg\" alt=\"DSC01418\" width=\"800\" height=\"534\" srcset=\"https:\/\/agora.xtec.cat\/ins-nauticabcn\/wp-content\/uploads\/usu313\/2015\/04\/DSC01418.jpg 800w, https:\/\/agora.xtec.cat\/ins-nauticabcn\/wp-content\/uploads\/usu313\/2015\/04\/DSC01418-300x200.jpg 300w\" sizes=\"auto, (max-width: 800px) 100vw, 800px\" \/><\/a><figcaption class=\"wp-caption-text\">Visitant els tallers<\/figcaption><\/figure>\n<p>&nbsp;<\/p>\n<figure class=\"figure wp-caption aligncenter\"><a href=\"http:\/\/agora.xtec.cat\/ins-nauticabcn\/wp-content\/uploads\/usu313\/2015\/04\/DSC01415.jpg\"><img loading=\"lazy\" decoding=\"async\" class=\"size-full wp-image-449\" src=\"http:\/\/agora.xtec.cat\/ins-nauticabcn\/wp-content\/uploads\/usu313\/2015\/04\/DSC01415.jpg\" alt=\"Visitant els tallers 2\" width=\"800\" height=\"534\" srcset=\"https:\/\/agora.xtec.cat\/ins-nauticabcn\/wp-content\/uploads\/usu313\/2015\/04\/DSC01415.jpg 800w, https:\/\/agora.xtec.cat\/ins-nauticabcn\/wp-content\/uploads\/usu313\/2015\/04\/DSC01415-300x200.jpg 300w\" sizes=\"auto, (max-width: 800px) 100vw, 800px\" \/><\/a><figcaption class=\"wp-caption-text\">Visitant els tallers 2<\/figcaption><\/figure>\n<p>&nbsp;<\/p>\n<figure class=\"figure wp-caption aligncenter\"><a href=\"http:\/\/agora.xtec.cat\/ins-nauticabcn\/wp-content\/uploads\/usu313\/2015\/04\/DSC01408.jpg\"><img loading=\"lazy\" decoding=\"async\" class=\"wp-image-447 size-full\" src=\"http:\/\/agora.xtec.cat\/ins-nauticabcn\/wp-content\/uploads\/usu313\/2015\/04\/DSC01408.jpg\" alt=\"DSC01408\" width=\"800\" height=\"534\" srcset=\"https:\/\/agora.xtec.cat\/ins-nauticabcn\/wp-content\/uploads\/usu313\/2015\/04\/DSC01408.jpg 800w, https:\/\/agora.xtec.cat\/ins-nauticabcn\/wp-content\/uploads\/usu313\/2015\/04\/DSC01408-300x200.jpg 300w\" sizes=\"auto, (max-width: 800px) 100vw, 800px\" \/><\/a><figcaption class=\"wp-caption-text\">Aula de Veleria<\/figcaption><\/figure>\n<p>&nbsp;<\/p>\n<figure class=\"figure wp-caption aligncenter\"><a href=\"http:\/\/agora.xtec.cat\/ins-nauticabcn\/wp-content\/uploads\/usu313\/2015\/04\/DSC01409.jpg\"><img loading=\"lazy\" decoding=\"async\" class=\"size-full wp-image-448\" src=\"http:\/\/agora.xtec.cat\/ins-nauticabcn\/wp-content\/uploads\/usu313\/2015\/04\/DSC01409.jpg\" alt=\"Terrassa de descans per a l'alumnat\" width=\"800\" height=\"534\" srcset=\"https:\/\/agora.xtec.cat\/ins-nauticabcn\/wp-content\/uploads\/usu313\/2015\/04\/DSC01409.jpg 800w, https:\/\/agora.xtec.cat\/ins-nauticabcn\/wp-content\/uploads\/usu313\/2015\/04\/DSC01409-300x200.jpg 300w\" sizes=\"auto, (max-width: 800px) 100vw, 800px\" \/><\/a><figcaption class=\"wp-caption-text\">Terrassa de descans per a l&#8217;alumnat<\/figcaption><\/figure>\n<p>&nbsp;<\/p>\n","protected":false},"excerpt":{"rendered":"<p>La primera jornada de Portes Obertes del Institut de N\u00e0utica de Barcelonal del dimecres 29 d&#8217;abril, va ser tot un \u00e8xit; molt de p\u00fablic (varem omplir la sala d\u2019actes amb m\u00e9s de cent persones), molt d\u2019inter\u00e8s pel centre i pels estudis que s\u2019imparteixen i bona&hellip;  <a href=\"https:\/\/agora.xtec.cat\/ins-nauticabcn\/portada\/portes-obertes\/\" title=\"Read Primera jornada de Portes obertes\">Llegeix m\u00e9s\u00bb<\/a><\/p>\n","protected":false},"author":1,"featured_media":448,"comment_status":"open","ping_status":"open","sticky":false,"template":"","format":"standard","meta":{"_bbp_topic_count":0,"_bbp_reply_count":0,"_bbp_total_topic_count":0,"_bbp_total_reply_count":0,"_bbp_voice_count":0,"_bbp_anonymous_reply_count":0,"_bbp_topic_count_hidden":0,"_bbp_reply_count_hidden":0,"_bbp_forum_subforum_count":0,"footnotes":""},"categories":[29],"tags":[],"class_list":["post-378","post","type-post","status-publish","format-standard","has-post-thumbnail","hentry","category-portada"],"post_mailing_queue_ids":[],"_links":{"self":[{"href":"https:\/\/agora.xtec.cat\/ins-nauticabcn\/wp-json\/wp\/v2\/posts\/378","targetHints":{"allow":["GET"]}}],"collection":[{"href":"https:\/\/agora.xtec.cat\/ins-nauticabcn\/wp-json\/wp\/v2\/posts"}],"about":[{"href":"https:\/\/agora.xtec.cat\/ins-nauticabcn\/wp-json\/wp\/v2\/types\/post"}],"author":[{"embeddable":true,"href":"https:\/\/agora.xtec.cat\/ins-nauticabcn\/wp-json\/wp\/v2\/users\/1"}],"replies":[{"embeddable":true,"href":"https:\/\/agora.xtec.cat\/ins-nauticabcn\/wp-json\/wp\/v2\/comments?post=378"}],"version-history":[{"count":3,"href":"https:\/\/agora.xtec.cat\/ins-nauticabcn\/wp-json\/wp\/v2\/posts\/378\/revisions"}],"predecessor-version":[{"id":473,"href":"https:\/\/agora.xtec.cat\/ins-nauticabcn\/wp-json\/wp\/v2\/posts\/378\/revisions\/473"}],"wp:featuredmedia":[{"embeddable":true,"href":"https:\/\/agora.xtec.cat\/ins-nauticabcn\/wp-json\/wp\/v2\/media\/448"}],"wp:attachment":[{"href":"https:\/\/agora.xtec.cat\/ins-nauticabcn\/wp-json\/wp\/v2\/media?parent=378"}],"wp:term":[{"taxonomy":"category","embeddable":true,"href":"https:\/\/agora.xtec.cat\/ins-nauticabcn\/wp-json\/wp\/v2\/categories?post=378"},{"taxonomy":"post_tag","embeddable":true,"href":"https:\/\/agora.xtec.cat\/ins-nauticabcn\/wp-json\/wp\/v2\/tags?post=378"}],"curies":[{"name":"wp","href":"https:\/\/api.w.org\/{rel}","templated":true}]}}