{"id":3774,"date":"2020-03-14T09:58:14","date_gmt":"2020-03-14T08:58:14","guid":{"rendered":"http:\/\/agora.xtec.cat\/ins-nauticabcn\/?p=3774"},"modified":"2020-04-20T14:53:49","modified_gmt":"2020-04-20T12:53:49","slug":"en-relacio-al-coronavirus","status":"publish","type":"post","link":"https:\/\/agora.xtec.cat\/ins-nauticabcn\/general\/en-relacio-al-coronavirus\/","title":{"rendered":"En relaci\u00f3 al Coronavirus"},"content":{"rendered":"<p><strong>14\/03\/2020<\/strong><\/p>\n<p>Benvolgudes\/ts alumnes, fam\u00edlies i comunitat educativa del Institut de N\u00e0utica de Barcelona, en primer lloc volem enviar-vos un <b>missatge d\u2019esperan\u00e7a<\/b>, que malgrat que aquests propers dies seran complicats per a tots nosaltres, com a professionals i com a persones, quan la situaci\u00f3 ho permeti tornarem a trobar-nos tots pel centre i a continuar aquest cam\u00ed educatiu que segur que entre tots, obstinadament farem que continu\u00ef.<\/p>\n<p>En aquesta not\u00edcia anirem <b>informant-vos regularment de les novetats<\/b> i de les instruccions en relaci\u00f3 a la comunitat educativa, i tamb\u00e9, haureu d\u2019estar alerta dels missatges que us poguem enviar per el canal de comunicaci\u00f3 habitual entre centre i alumnes\/fam\u00edlies, que \u00e9s el TokApp i l\u2019e-mail, com hem fet aquests \u00faltims dies.<\/p>\n<p>En primer lloc recordar-vos, com ja us hem informat, que el Departament d\u2019Educaci\u00f3 ha decidit <b>tancar tots els centres<\/b> educatius de Catalunya, i cancel\u00b7lar les classes, amb una prevista de fins al 27 de mar\u00e7 incl\u00f2s.<\/p>\n<p>En relaci\u00f3 a les<b> pr\u00e0ctiques d\u2019empresa<\/b> del nostre alumnat, les instruccions que hem rebut indiquen per una banda que posposem els nous convenis que s\u2019havien d\u2019iniciar en les properes setmanes, i en relaci\u00f3 a l\u2019alumnat que estava ja fent les pr\u00e0ctiques, les instruccions son:<\/p>\n<ul>\n<li>Alumnat que est\u00e0 realitzant <b>FCT<\/b>: <i>&#8221; Se suspenen les estades a les empreses de l\u2019alumnat que realitza Formaci\u00f3 en Centres de Treball. El departament d\u2019Educaci\u00f3 establir\u00e0 les mesures que corresponguin per aquells estudiants que no puguin posposar i finalitzar l\u2019estada completament abans de la junta d\u2019avaluaci\u00f3 de final del curs.&#8221;<\/i><\/li>\n<li>Alumnat que est\u00e0 realitzant <b>Dual:<\/b><i> &#8220;Les estades en empreses en modalitat de Formaci\u00f3 Professional Dual queden subjectes a les instruccions que determinin les empreses on es realitzen aquestes estades o l\u2019autoritat laboral competent.&#8221;:\u00a0<\/i><\/li>\n<\/ul>\n<p>En relaci\u00f3 a l\u2019alumnat que estava en el proc\u00e9s d\u2019iniciar una estada a l\u2019estranger amb les beques <b>Erasmus<\/b>, indicar que per ara queden aturades aquestes estades, a l&#8217;espera de l\u2019evoluci\u00f3 de la pand\u00e8mia, i i ja decidirem m\u00e9s endavant com s&#8217;hauran de continuar o de reprogramar.<\/p>\n<p>En relaci\u00f3 a les <b>activitats acad\u00e8miques<\/b>, indicar a l\u2019alumnat que malgrat que no esteu f\u00edsicament al centre, tindreu aquests dies moltes hores disponibles per a repassar, completar i aprofundir en les diverses assignatures, ja que quan hi tornem tindrem molta feina a fer. Com sabeu al <em>moodle<\/em> de les assignatures podreu trobar material i indicacions pertinents.<\/p>\n<p>I per \u00faltim volem sumar-nos a les<b> indicacions del Govern<\/b>, i insistir amb la import\u00e0ncia de les recomanacions (i a partir d\u2019ara obligacions) que cal portar a terme com a ciutadanes\/ns per a evitar la propagaci\u00f3 del coronavirus i la saturaci\u00f3 del nostre sistema sanitari, aix\u00ed com d\u2019actuar amb molta solidaritat entre els nostre familiars, amics, ve\u00efns i ciutadans en general.<\/p>\n<p>No dubtem que davant d&#8217;una situaci\u00f3 excepcional, donarem com societat una resposta excepcional<\/p>\n<p style=\"text-align: right;\">Feliu L\u00f3pez, director de l&#8217;Institut de N\u00e0utica de Barcelona<\/p>\n<p><img loading=\"lazy\" decoding=\"async\" class=\"aligncenter wp-image-3779 size-large\" src=\"https:\/\/agora.xtec.cat\/ins-nauticabcn\/wp-content\/uploads\/usu313\/2020\/03\/preguntes-coronavirus-15-1024x1024.jpg\" alt=\"\" width=\"1024\" height=\"1024\" srcset=\"https:\/\/agora.xtec.cat\/ins-nauticabcn\/wp-content\/uploads\/usu313\/2020\/03\/preguntes-coronavirus-15-1024x1024.jpg 1024w, https:\/\/agora.xtec.cat\/ins-nauticabcn\/wp-content\/uploads\/usu313\/2020\/03\/preguntes-coronavirus-15-150x150.jpg 150w, https:\/\/agora.xtec.cat\/ins-nauticabcn\/wp-content\/uploads\/usu313\/2020\/03\/preguntes-coronavirus-15-300x300.jpg 300w, https:\/\/agora.xtec.cat\/ins-nauticabcn\/wp-content\/uploads\/usu313\/2020\/03\/preguntes-coronavirus-15-768x768.jpg 768w, https:\/\/agora.xtec.cat\/ins-nauticabcn\/wp-content\/uploads\/usu313\/2020\/03\/preguntes-coronavirus-15.jpg 1200w\" sizes=\"auto, (max-width: 1024px) 100vw, 1024px\" \/><\/p>\n","protected":false},"excerpt":{"rendered":"<p>14\/03\/2020<br \/>\nBenvolgudes\/ts alumnes, fam\u00edlies i comunitat educativa del Institut de N\u00e0utica de Barcelona, en primer lloc volem enviar-vos un missatge d\u2019esperan\u00e7a, que malgrat que aquests propers dies seran complicats per a tots nosaltres, com a professionals i com a persones, quan la situaci\u00f3 ho permeti tornarem&hellip;  <a href=\"https:\/\/agora.xtec.cat\/ins-nauticabcn\/general\/en-relacio-al-coronavirus\/\" title=\"Read En relaci\u00f3 al Coronavirus\">Llegeix m\u00e9s\u00bb<\/a><\/p>\n","protected":false},"author":1,"featured_media":3776,"comment_status":"closed","ping_status":"closed","sticky":false,"template":"","format":"standard","meta":{"_bbp_topic_count":0,"_bbp_reply_count":0,"_bbp_total_topic_count":0,"_bbp_total_reply_count":0,"_bbp_voice_count":0,"_bbp_anonymous_reply_count":0,"_bbp_topic_count_hidden":0,"_bbp_reply_count_hidden":0,"_bbp_forum_subforum_count":0,"footnotes":""},"categories":[1,29],"tags":[],"class_list":["post-3774","post","type-post","status-publish","format-standard","has-post-thumbnail","hentry","category-general","category-portada"],"post_mailing_queue_ids":[],"_links":{"self":[{"href":"https:\/\/agora.xtec.cat\/ins-nauticabcn\/wp-json\/wp\/v2\/posts\/3774","targetHints":{"allow":["GET"]}}],"collection":[{"href":"https:\/\/agora.xtec.cat\/ins-nauticabcn\/wp-json\/wp\/v2\/posts"}],"about":[{"href":"https:\/\/agora.xtec.cat\/ins-nauticabcn\/wp-json\/wp\/v2\/types\/post"}],"author":[{"embeddable":true,"href":"https:\/\/agora.xtec.cat\/ins-nauticabcn\/wp-json\/wp\/v2\/users\/1"}],"replies":[{"embeddable":true,"href":"https:\/\/agora.xtec.cat\/ins-nauticabcn\/wp-json\/wp\/v2\/comments?post=3774"}],"version-history":[{"count":3,"href":"https:\/\/agora.xtec.cat\/ins-nauticabcn\/wp-json\/wp\/v2\/posts\/3774\/revisions"}],"predecessor-version":[{"id":3778,"href":"https:\/\/agora.xtec.cat\/ins-nauticabcn\/wp-json\/wp\/v2\/posts\/3774\/revisions\/3778"}],"wp:featuredmedia":[{"embeddable":true,"href":"https:\/\/agora.xtec.cat\/ins-nauticabcn\/wp-json\/wp\/v2\/media\/3776"}],"wp:attachment":[{"href":"https:\/\/agora.xtec.cat\/ins-nauticabcn\/wp-json\/wp\/v2\/media?parent=3774"}],"wp:term":[{"taxonomy":"category","embeddable":true,"href":"https:\/\/agora.xtec.cat\/ins-nauticabcn\/wp-json\/wp\/v2\/categories?post=3774"},{"taxonomy":"post_tag","embeddable":true,"href":"https:\/\/agora.xtec.cat\/ins-nauticabcn\/wp-json\/wp\/v2\/tags?post=3774"}],"curies":[{"name":"wp","href":"https:\/\/api.w.org\/{rel}","templated":true}]}}