{"id":3739,"date":"2020-02-14T17:28:48","date_gmt":"2020-02-14T16:28:48","guid":{"rendered":"http:\/\/agora.xtec.cat\/ins-nauticabcn\/?p=3739"},"modified":"2020-02-25T18:04:06","modified_gmt":"2020-02-25T17:04:06","slug":"arriba-la-5a-setmana-blava-de-linb","status":"publish","type":"post","link":"https:\/\/agora.xtec.cat\/ins-nauticabcn\/general\/arriba-la-5a-setmana-blava-de-linb\/","title":{"rendered":"5a Setmana Blava de l&#8217;INB"},"content":{"rendered":"<p>Del 25 al 28 de febrer tindr\u00e0 lloc la 5a Setmana Blava de l&#8217;INB.<\/p>\n<p>Anualment, des de l\u2019Institut de N\u00e0utica de Barcelona organitzem la Setmana Blava, on durant uns dies, deixem de fer les activitats acad\u00e8miques convencionals, i organitzem un seguit de confer\u00e8ncies, visites, col\u00b7loquis, sortides amb vaixell i activitats diverses relacionades amb el mon de la n\u00e0utica i el mar, adre\u00e7ades principalment als nostres alumnes, per a que tinguin l\u2019oportunitat de copsar de primera m\u00e0 el sector professional al quan estan dedicant els seus esfor\u00e7os.<\/p>\n<p>Tal i com hem fet els darrers anys, <strong>tornem a obrir\u00a0algunes de les activitats<\/strong>\u00a0que organitzem\u00a0<strong>a la ciutadania en general<\/strong>\u00a0i al sector n\u00e0utic en particular, aix\u00ed que\u00a0<strong>sou tot@s benvinguts\/des<\/strong>!<\/p>\n<p>Aix\u00ed que us volem anunciar que la setmana del 25 al 28 de febrer, tindr\u00e0 lloc la 5a Setmana Blava de l\u2019INB.<\/p>\n<p>Us hi esperem!<\/p>\n<p><strong>Per veure totes les activitats que es realitzen durant la Setmana Blava fes<\/strong> <a href=\"https:\/\/agora.xtec.cat\/ins-nauticabcn\/wp-content\/uploads\/usu313\/2020\/02\/Programa-dactivitats-GENERALS-FINAL.pdf\">Clic aqu\u00ed<\/a><\/p>\n<p><strong>Per veure les activitats de la Setmana Blava obertes al p\u00fablic fes<\/strong> <a href=\"https:\/\/agora.xtec.cat\/ins-nauticabcn\/wp-content\/uploads\/usu313\/2020\/02\/Programa-ACTIVITATS-OBERTES-FINAL.pdf\">Clic aqu\u00ed<\/a><\/p>\n<p><img loading=\"lazy\" decoding=\"async\" class=\"aligncenter size-full wp-image-3738\" src=\"https:\/\/agora.xtec.cat\/ins-nauticabcn\/wp-content\/uploads\/usu313\/2020\/02\/Programa-setmana-blava.jpg\" alt=\"\" width=\"2481\" height=\"3508\" srcset=\"https:\/\/agora.xtec.cat\/ins-nauticabcn\/wp-content\/uploads\/usu313\/2020\/02\/Programa-setmana-blava.jpg 2481w, https:\/\/agora.xtec.cat\/ins-nauticabcn\/wp-content\/uploads\/usu313\/2020\/02\/Programa-setmana-blava-212x300.jpg 212w, https:\/\/agora.xtec.cat\/ins-nauticabcn\/wp-content\/uploads\/usu313\/2020\/02\/Programa-setmana-blava-768x1086.jpg 768w, https:\/\/agora.xtec.cat\/ins-nauticabcn\/wp-content\/uploads\/usu313\/2020\/02\/Programa-setmana-blava-724x1024.jpg 724w\" sizes=\"auto, (max-width: 2481px) 100vw, 2481px\" \/><\/p>\n","protected":false},"excerpt":{"rendered":"<p>Del 25 al 28 de febrer tindr\u00e0 lloc la 5a Setmana Blava de l&#8217;INB.&hellip;  <a href=\"https:\/\/agora.xtec.cat\/ins-nauticabcn\/general\/arriba-la-5a-setmana-blava-de-linb\/\" title=\"Read 5a Setmana Blava de l&#8217;INB\">Llegeix m\u00e9s\u00bb<\/a><\/p>\n","protected":false},"author":1,"featured_media":3737,"comment_status":"closed","ping_status":"closed","sticky":false,"template":"","format":"standard","meta":{"_bbp_topic_count":0,"_bbp_reply_count":0,"_bbp_total_topic_count":0,"_bbp_total_reply_count":0,"_bbp_voice_count":0,"_bbp_anonymous_reply_count":0,"_bbp_topic_count_hidden":0,"_bbp_reply_count_hidden":0,"_bbp_forum_subforum_count":0,"footnotes":""},"categories":[1,29,109,108],"tags":[],"class_list":["post-3739","post","type-post","status-publish","format-standard","has-post-thumbnail","hentry","category-general","category-portada","category-setmana-blava","category-sortides"],"post_mailing_queue_ids":[],"_links":{"self":[{"href":"https:\/\/agora.xtec.cat\/ins-nauticabcn\/wp-json\/wp\/v2\/posts\/3739","targetHints":{"allow":["GET"]}}],"collection":[{"href":"https:\/\/agora.xtec.cat\/ins-nauticabcn\/wp-json\/wp\/v2\/posts"}],"about":[{"href":"https:\/\/agora.xtec.cat\/ins-nauticabcn\/wp-json\/wp\/v2\/types\/post"}],"author":[{"embeddable":true,"href":"https:\/\/agora.xtec.cat\/ins-nauticabcn\/wp-json\/wp\/v2\/users\/1"}],"replies":[{"embeddable":true,"href":"https:\/\/agora.xtec.cat\/ins-nauticabcn\/wp-json\/wp\/v2\/comments?post=3739"}],"version-history":[{"count":3,"href":"https:\/\/agora.xtec.cat\/ins-nauticabcn\/wp-json\/wp\/v2\/posts\/3739\/revisions"}],"predecessor-version":[{"id":3750,"href":"https:\/\/agora.xtec.cat\/ins-nauticabcn\/wp-json\/wp\/v2\/posts\/3739\/revisions\/3750"}],"wp:featuredmedia":[{"embeddable":true,"href":"https:\/\/agora.xtec.cat\/ins-nauticabcn\/wp-json\/wp\/v2\/media\/3737"}],"wp:attachment":[{"href":"https:\/\/agora.xtec.cat\/ins-nauticabcn\/wp-json\/wp\/v2\/media?parent=3739"}],"wp:term":[{"taxonomy":"category","embeddable":true,"href":"https:\/\/agora.xtec.cat\/ins-nauticabcn\/wp-json\/wp\/v2\/categories?post=3739"},{"taxonomy":"post_tag","embeddable":true,"href":"https:\/\/agora.xtec.cat\/ins-nauticabcn\/wp-json\/wp\/v2\/tags?post=3739"}],"curies":[{"name":"wp","href":"https:\/\/api.w.org\/{rel}","templated":true}]}}