{"id":3595,"date":"2020-11-30T08:30:14","date_gmt":"2020-11-30T07:30:14","guid":{"rendered":"http:\/\/agora.xtec.cat\/ins-nauticabcn\/?p=3595"},"modified":"2021-01-08T09:14:09","modified_gmt":"2021-01-08T08:14:09","slug":"nou-periode-de-matricula-cicles-esportius-2","status":"publish","type":"post","link":"https:\/\/agora.xtec.cat\/ins-nauticabcn\/portada\/nou-periode-de-matricula-cicles-esportius-2\/","title":{"rendered":"Nou per\u00edode de preinscripci\u00f3 i matr\u00edcula Cicles Esportius! Actualitzat amb barem d&#8217;alumnes admesos"},"content":{"rendered":"<p><strong>Hem obert un nou per\u00edode de preinscripci\u00f3 i matr\u00edcula, per l&#8217;alumnat extern a l&#8217;Institut de N\u00e0utica de Barcelona, dels cursos seg\u00fcents:<\/strong><\/p>\n<p><span style=\"color: #ff9900;\"><strong>Grau Mitj\u00e0 CICLE FINAL SALVAMENT I SOCORRISME en torn de mat\u00ed (Bloc Com\u00fa obert a totes les modalitats esportives)<br \/>\n<\/strong><\/span><\/p>\n<p>Per a l\u2019alumnat que ja t\u00e9 el Cicle Inicial.<\/p>\n<p><strong><span style=\"color: #ff9900;\">NOU!!<\/span><\/strong> Podeu consultar la relaci\u00f3 d&#8217;alumnes admesos <a href=\"https:\/\/agora.xtec.cat\/ins-nauticabcn\/wp-content\/uploads\/usu313\/2021\/01\/BAREM-ADEMSOS.-CICLE-FINAL-SOS-DESEMBRE-2020-2021.pdf\">aqu\u00ed<\/a><\/p>\n<p>M\u00e9s informaci\u00f3 a:<a href=\"http:\/\/agora.xtec.cat\/ins-nauticabcn\/secretaria\/preinscripcio-i-matricula\/\"> Preinscripci\u00f3 i matr\u00edcula<\/a> (a l&#8217;apartat &#8220;d&#8221; trobareu els documents de matr\u00edcula que podeu enviar per correu electr\u00f2nic dins del pla\u00e7 indicat)<\/p>\n<p>&nbsp;<\/p>\n<p><strong><span style=\"color: #ff9900;\">Grau Mitj\u00e0 CICLE FINAL VELA en torn de tarda\u00a0 (Bloc Com\u00fa en format virtual amb alguna sessi\u00f3 presencial i obert a totes les modalitats esportives)<\/span><br \/>\n<\/strong><\/p>\n<p>Per a l\u2019alumnat que ja t\u00e9 el Cicle Inicial.<\/p>\n<p><span style=\"color: #ff9900;\"><strong>NOU!!<\/strong><\/span> Podeu consultar la relaci\u00f3 d&#8217;alumnes admesos <a href=\"https:\/\/agora.xtec.cat\/ins-nauticabcn\/wp-content\/uploads\/usu313\/2021\/01\/BAREM-ADMESOS-CICLE-FINAL-VELA-DESEMBRE-2020-2021.pdf\">aqu\u00ed<\/a><\/p>\n<p>M\u00e9s informaci\u00f3 a:<a href=\"http:\/\/agora.xtec.cat\/ins-nauticabcn\/secretaria\/preinscripcio-i-matricula\/\"> Preinscripci\u00f3 i matr\u00edcula<\/a> (a l&#8217;apartat &#8220;d&#8221; trobareu els documents de matr\u00edcula que podeu enviar per correu electr\u00f2nic dins del pla\u00e7 indicat)<\/p>\n<p>&nbsp;<\/p>\n<p><strong><span style=\"color: #ff9900;\">Grau Mitj\u00e0 CICLE FINAL BUSSEIG en torn de tarda (Bloc Com\u00fa en format virtual amb alguna sessi\u00f3 presencial i obert a totes les modalitats esportives)<\/span><br \/>\n<\/strong><\/p>\n<p>Per a l\u2019alumnat que ja t\u00e9 el Cicle Inicial.<\/p>\n<p><span style=\"color: #ff9900;\"><strong>NOU!!<\/strong> <\/span>Podeu consultar la relaci\u00f3 d&#8217;alumnes admesos <a href=\"https:\/\/agora.xtec.cat\/ins-nauticabcn\/wp-content\/uploads\/usu313\/2021\/01\/BAREM-ADMESOS.-CICLE-FINAL-BUSSEIG-DESEMBRE-2020-2021.pdf\">aqu\u00ed<\/a><\/p>\n<p>M\u00e9s informaci\u00f3 a:<a href=\"http:\/\/agora.xtec.cat\/ins-nauticabcn\/secretaria\/preinscripcio-i-matricula\/\"> Preinscripci\u00f3 i matr\u00edcula<\/a> (a l&#8217;apartat &#8220;d&#8221; trobareu els documents de matr\u00edcula que podeu enviar per correu electr\u00f2nic dins del pla\u00e7 indicat)<\/p>\n<p>&nbsp;<\/p>\n<p><img loading=\"lazy\" decoding=\"async\" class=\"aligncenter wp-image-3485 size-large\" src=\"https:\/\/agora.xtec.cat\/ins-nauticabcn\/wp-content\/uploads\/usu313\/2019\/10\/Foto-enviada-per-Joan-Monguillot-1-1024x768.jpg\" alt=\"\" width=\"1024\" height=\"768\" srcset=\"https:\/\/agora.xtec.cat\/ins-nauticabcn\/wp-content\/uploads\/usu313\/2019\/10\/Foto-enviada-per-Joan-Monguillot-1-1024x768.jpg 1024w, https:\/\/agora.xtec.cat\/ins-nauticabcn\/wp-content\/uploads\/usu313\/2019\/10\/Foto-enviada-per-Joan-Monguillot-1-300x225.jpg 300w, https:\/\/agora.xtec.cat\/ins-nauticabcn\/wp-content\/uploads\/usu313\/2019\/10\/Foto-enviada-per-Joan-Monguillot-1-768x576.jpg 768w, https:\/\/agora.xtec.cat\/ins-nauticabcn\/wp-content\/uploads\/usu313\/2019\/10\/Foto-enviada-per-Joan-Monguillot-1-200x150.jpg 200w, https:\/\/agora.xtec.cat\/ins-nauticabcn\/wp-content\/uploads\/usu313\/2019\/10\/Foto-enviada-per-Joan-Monguillot-1.jpg 1600w\" sizes=\"auto, (max-width: 1024px) 100vw, 1024px\" \/><\/p>\n<p>&nbsp;<\/p>\n<p><img loading=\"lazy\" decoding=\"async\" class=\"aligncenter wp-image-784 size-large\" src=\"https:\/\/agora.xtec.cat\/ins-nauticabcn\/wp-content\/uploads\/usu313\/2015\/03\/150306_Ins_nautica_barcelona_\u00a9ivan_gimenez_0121-675x1024.jpg\" alt=\"\" width=\"675\" height=\"1024\" srcset=\"https:\/\/agora.xtec.cat\/ins-nauticabcn\/wp-content\/uploads\/usu313\/2015\/03\/150306_Ins_nautica_barcelona_\u00a9ivan_gimenez_0121.jpg 675w, https:\/\/agora.xtec.cat\/ins-nauticabcn\/wp-content\/uploads\/usu313\/2015\/03\/150306_Ins_nautica_barcelona_\u00a9ivan_gimenez_0121-198x300.jpg 198w\" sizes=\"auto, (max-width: 675px) 100vw, 675px\" \/><\/p>\n","protected":false},"excerpt":{"rendered":"<p>Hem obert un nou per\u00edode de preinscripci\u00f3 i matr\u00edcula dels cursos seg\u00fcents:&hellip;  <a href=\"https:\/\/agora.xtec.cat\/ins-nauticabcn\/portada\/nou-periode-de-matricula-cicles-esportius-2\/\" title=\"Read Nou per\u00edode de preinscripci\u00f3 i matr\u00edcula Cicles Esportius! Actualitzat amb barem d&#8217;alumnes admesos\">Llegeix m\u00e9s\u00bb<\/a><\/p>\n","protected":false},"author":1,"featured_media":2762,"comment_status":"closed","ping_status":"closed","sticky":false,"template":"","format":"standard","meta":{"_bbp_topic_count":0,"_bbp_reply_count":0,"_bbp_total_topic_count":0,"_bbp_total_reply_count":0,"_bbp_voice_count":0,"_bbp_anonymous_reply_count":0,"_bbp_topic_count_hidden":0,"_bbp_reply_count_hidden":0,"_bbp_forum_subforum_count":0,"footnotes":""},"categories":[29],"tags":[],"class_list":["post-3595","post","type-post","status-publish","format-standard","has-post-thumbnail","hentry","category-portada"],"post_mailing_queue_ids":[],"_links":{"self":[{"href":"https:\/\/agora.xtec.cat\/ins-nauticabcn\/wp-json\/wp\/v2\/posts\/3595","targetHints":{"allow":["GET"]}}],"collection":[{"href":"https:\/\/agora.xtec.cat\/ins-nauticabcn\/wp-json\/wp\/v2\/posts"}],"about":[{"href":"https:\/\/agora.xtec.cat\/ins-nauticabcn\/wp-json\/wp\/v2\/types\/post"}],"author":[{"embeddable":true,"href":"https:\/\/agora.xtec.cat\/ins-nauticabcn\/wp-json\/wp\/v2\/users\/1"}],"replies":[{"embeddable":true,"href":"https:\/\/agora.xtec.cat\/ins-nauticabcn\/wp-json\/wp\/v2\/comments?post=3595"}],"version-history":[{"count":3,"href":"https:\/\/agora.xtec.cat\/ins-nauticabcn\/wp-json\/wp\/v2\/posts\/3595\/revisions"}],"predecessor-version":[{"id":4703,"href":"https:\/\/agora.xtec.cat\/ins-nauticabcn\/wp-json\/wp\/v2\/posts\/3595\/revisions\/4703"}],"wp:featuredmedia":[{"embeddable":true,"href":"https:\/\/agora.xtec.cat\/ins-nauticabcn\/wp-json\/wp\/v2\/media\/2762"}],"wp:attachment":[{"href":"https:\/\/agora.xtec.cat\/ins-nauticabcn\/wp-json\/wp\/v2\/media?parent=3595"}],"wp:term":[{"taxonomy":"category","embeddable":true,"href":"https:\/\/agora.xtec.cat\/ins-nauticabcn\/wp-json\/wp\/v2\/categories?post=3595"},{"taxonomy":"post_tag","embeddable":true,"href":"https:\/\/agora.xtec.cat\/ins-nauticabcn\/wp-json\/wp\/v2\/tags?post=3595"}],"curies":[{"name":"wp","href":"https:\/\/api.w.org\/{rel}","templated":true}]}}