{"id":3585,"date":"2019-11-15T10:23:01","date_gmt":"2019-11-15T09:23:01","guid":{"rendered":"http:\/\/agora.xtec.cat\/ins-nauticabcn\/?p=3585"},"modified":"2019-11-15T18:33:42","modified_gmt":"2019-11-15T17:33:42","slug":"projecte-vull-ser-professorat-especialista","status":"publish","type":"post","link":"https:\/\/agora.xtec.cat\/ins-nauticabcn\/general\/projecte-vull-ser-professorat-especialista\/","title":{"rendered":"Projecte &#8220;Vull ser professorat especialista&#8221;"},"content":{"rendered":"<p>L\u2019alumnat del CFGS de salvament i Socorrisme de L\u2019INB, va desenvolupar una jornada formativa sobre les professi\u00f3 del Socorrista a l\u2019alumnat de 3r d\u2019ESO de L\u2019Institut Bosc de Montjuic i a un grup d&#8217;alumnes de l&#8217;Institut Consell de Cent mitjan\u00e7ant la Fundaci\u00f3 An\u00e8l\u00b7lides.<\/p>\n<p>El projecte basat en la metodologia ABP, va n\u00e9ixer a l\u2019inici de curs, durant aquestes setmanes, l&#8217;alumnat de l&#8217;INB ha desenvolupat una programaci\u00f3 did\u00e0ctica, i una sessi\u00f3 relacionada amb el SVB, els PAUX i el Salvament i Socorrisme. Aquesta jornada s\u2019ha desenvolupat en dues sessions, el dimarts 12 de novembre l&#8217;alumnat de l&#8217;Institut Consell de cent i la fundaci\u00f3 An\u00e8l\u00b7lides, i el dimecres 13 de novembre amb l&#8217;alumnat de l&#8217;Institut Bosc de Montjuic.<\/p>\n<p>El projecte ha estat tot un \u00e8xit, per una banda, l\u2019alumnat dels diferents centres va gaudir d\u2019una sessi\u00f3 diferent i divertida a l\u2019hora que van aprendre uns coneixements molt \u00fatils en la nostra societat com \u00e9s l\u2019aplicaci\u00f3 del Suport Vital B\u00e0sic, la utilitzaci\u00f3 del DEA, o la import\u00e0ncia del Socorrista. I d\u2019altra banda, l\u2019alumnat de l\u2019NB, van vivenciar l\u2019experi\u00e8ncia de ser professors amb alumnat de 3r de l\u2019ESO, la qual cosa els va ser molt \u00fatil ja que una possible sortida laboral d\u2019aquest cicle \u00e9s la de professorat especialista.<\/p>\n<p>Aix\u00ed doncs, va ser un projecte\u00a0 molt ben valorat per les dues bandes, buscant una educaci\u00f3 competencial i significativa per a tot l\u2019alumnat.<\/p>\n<p>Des de L\u2019INB, volem agrair tan l\u2019equip directiu com el professorat de l\u2019Institut Bosc de Montjuic i la Fundaci\u00f3 An\u00e8l\u00b7lides per la seva participaci\u00f3 en el projecte.<\/p>\n\n\t\t<style type=\"text\/css\">\n\t\t\t#gallery-1 {\n\t\t\t\tmargin: auto;\n\t\t\t}\n\t\t\t#gallery-1 .gallery-item {\n\t\t\t\tfloat: left;\n\t\t\t\tmargin-top: 10px;\n\t\t\t\ttext-align: center;\n\t\t\t\twidth: 50%;\n\t\t\t}\n\t\t\t#gallery-1 img {\n\t\t\t\tborder: 2px solid #cfcfcf;\n\t\t\t}\n\t\t\t#gallery-1 .gallery-caption {\n\t\t\t\tmargin-left: 0;\n\t\t\t}\n\t\t\t\/* see gallery_shortcode() in wp-includes\/media.php *\/\n\t\t<\/style>\n\t\t<div id='gallery-1' class='gallery galleryid-3585 gallery-columns-2 gallery-size-full'><dl class='gallery-item'>\n\t\t\t<dt class='gallery-icon landscape'>\n\t\t\t\t<a href='https:\/\/agora.xtec.cat\/ins-nauticabcn\/sdr-22\/'><img loading=\"lazy\" decoding=\"async\" width=\"1024\" height=\"768\" src=\"https:\/\/agora.xtec.cat\/ins-nauticabcn\/wp-content\/uploads\/usu313\/2019\/11\/IMG_20191112_122451.jpg\" class=\"attachment-full size-full\" alt=\"\" aria-describedby=\"gallery-1-3584\" srcset=\"https:\/\/agora.xtec.cat\/ins-nauticabcn\/wp-content\/uploads\/usu313\/2019\/11\/IMG_20191112_122451.jpg 1024w, https:\/\/agora.xtec.cat\/ins-nauticabcn\/wp-content\/uploads\/usu313\/2019\/11\/IMG_20191112_122451-300x225.jpg 300w, https:\/\/agora.xtec.cat\/ins-nauticabcn\/wp-content\/uploads\/usu313\/2019\/11\/IMG_20191112_122451-768x576.jpg 768w, https:\/\/agora.xtec.cat\/ins-nauticabcn\/wp-content\/uploads\/usu313\/2019\/11\/IMG_20191112_122451-200x150.jpg 200w\" sizes=\"auto, (max-width: 1024px) 100vw, 1024px\" \/><\/a>\n\t\t\t<\/dt>\n\t\t\t\t<dd class='wp-caption-text gallery-caption' id='gallery-1-3584'>\n\t\t\t\tsdr\n\t\t\t\t<\/dd><\/dl><dl class='gallery-item'>\n\t\t\t<dt class='gallery-icon landscape'>\n\t\t\t\t<a href='https:\/\/agora.xtec.cat\/ins-nauticabcn\/foto-enviada-per-joan-monguillot-3-2\/'><img loading=\"lazy\" decoding=\"async\" width=\"2048\" height=\"1536\" src=\"https:\/\/agora.xtec.cat\/ins-nauticabcn\/wp-content\/uploads\/usu313\/2019\/11\/Foto-enviada-per-Joan-Monguillot-3.jpg\" class=\"attachment-full size-full\" alt=\"\" srcset=\"https:\/\/agora.xtec.cat\/ins-nauticabcn\/wp-content\/uploads\/usu313\/2019\/11\/Foto-enviada-per-Joan-Monguillot-3.jpg 2048w, https:\/\/agora.xtec.cat\/ins-nauticabcn\/wp-content\/uploads\/usu313\/2019\/11\/Foto-enviada-per-Joan-Monguillot-3-300x225.jpg 300w, https:\/\/agora.xtec.cat\/ins-nauticabcn\/wp-content\/uploads\/usu313\/2019\/11\/Foto-enviada-per-Joan-Monguillot-3-768x576.jpg 768w, https:\/\/agora.xtec.cat\/ins-nauticabcn\/wp-content\/uploads\/usu313\/2019\/11\/Foto-enviada-per-Joan-Monguillot-3-1024x768.jpg 1024w, https:\/\/agora.xtec.cat\/ins-nauticabcn\/wp-content\/uploads\/usu313\/2019\/11\/Foto-enviada-per-Joan-Monguillot-3-200x150.jpg 200w\" sizes=\"auto, (max-width: 2048px) 100vw, 2048px\" \/><\/a>\n\t\t\t<\/dt><\/dl><br style=\"clear: both\" \/><dl class='gallery-item'>\n\t\t\t<dt class='gallery-icon landscape'>\n\t\t\t\t<a href='https:\/\/agora.xtec.cat\/ins-nauticabcn\/foto-enviada-per-joan-monguillot-1-2\/'><img loading=\"lazy\" decoding=\"async\" width=\"2048\" height=\"1536\" src=\"https:\/\/agora.xtec.cat\/ins-nauticabcn\/wp-content\/uploads\/usu313\/2019\/11\/Foto-enviada-per-Joan-Monguillot-1.jpg\" class=\"attachment-full size-full\" alt=\"\" srcset=\"https:\/\/agora.xtec.cat\/ins-nauticabcn\/wp-content\/uploads\/usu313\/2019\/11\/Foto-enviada-per-Joan-Monguillot-1.jpg 2048w, https:\/\/agora.xtec.cat\/ins-nauticabcn\/wp-content\/uploads\/usu313\/2019\/11\/Foto-enviada-per-Joan-Monguillot-1-300x225.jpg 300w, https:\/\/agora.xtec.cat\/ins-nauticabcn\/wp-content\/uploads\/usu313\/2019\/11\/Foto-enviada-per-Joan-Monguillot-1-768x576.jpg 768w, https:\/\/agora.xtec.cat\/ins-nauticabcn\/wp-content\/uploads\/usu313\/2019\/11\/Foto-enviada-per-Joan-Monguillot-1-1024x768.jpg 1024w, https:\/\/agora.xtec.cat\/ins-nauticabcn\/wp-content\/uploads\/usu313\/2019\/11\/Foto-enviada-per-Joan-Monguillot-1-200x150.jpg 200w\" sizes=\"auto, (max-width: 2048px) 100vw, 2048px\" \/><\/a>\n\t\t\t<\/dt><\/dl><dl class='gallery-item'>\n\t\t\t<dt class='gallery-icon landscape'>\n\t\t\t\t<a href='https:\/\/agora.xtec.cat\/ins-nauticabcn\/foto-enviada-per-joan-monguillot-2-3\/'><img loading=\"lazy\" decoding=\"async\" width=\"2048\" height=\"1536\" src=\"https:\/\/agora.xtec.cat\/ins-nauticabcn\/wp-content\/uploads\/usu313\/2019\/11\/Foto-enviada-per-Joan-Monguillot-2.jpg\" class=\"attachment-full size-full\" alt=\"\" srcset=\"https:\/\/agora.xtec.cat\/ins-nauticabcn\/wp-content\/uploads\/usu313\/2019\/11\/Foto-enviada-per-Joan-Monguillot-2.jpg 2048w, https:\/\/agora.xtec.cat\/ins-nauticabcn\/wp-content\/uploads\/usu313\/2019\/11\/Foto-enviada-per-Joan-Monguillot-2-300x225.jpg 300w, https:\/\/agora.xtec.cat\/ins-nauticabcn\/wp-content\/uploads\/usu313\/2019\/11\/Foto-enviada-per-Joan-Monguillot-2-768x576.jpg 768w, https:\/\/agora.xtec.cat\/ins-nauticabcn\/wp-content\/uploads\/usu313\/2019\/11\/Foto-enviada-per-Joan-Monguillot-2-1024x768.jpg 1024w, https:\/\/agora.xtec.cat\/ins-nauticabcn\/wp-content\/uploads\/usu313\/2019\/11\/Foto-enviada-per-Joan-Monguillot-2-200x150.jpg 200w\" sizes=\"auto, (max-width: 2048px) 100vw, 2048px\" \/><\/a>\n\t\t\t<\/dt><\/dl><br style=\"clear: both\" \/><dl class='gallery-item'>\n\t\t\t<dt class='gallery-icon landscape'>\n\t\t\t\t<a href='https:\/\/agora.xtec.cat\/ins-nauticabcn\/foto-enviada-per-joan-monguillot-10\/'><img loading=\"lazy\" decoding=\"async\" width=\"2048\" height=\"1536\" src=\"https:\/\/agora.xtec.cat\/ins-nauticabcn\/wp-content\/uploads\/usu313\/2019\/11\/Foto-enviada-per-Joan-Monguillot.jpg\" class=\"attachment-full size-full\" alt=\"\" srcset=\"https:\/\/agora.xtec.cat\/ins-nauticabcn\/wp-content\/uploads\/usu313\/2019\/11\/Foto-enviada-per-Joan-Monguillot.jpg 2048w, https:\/\/agora.xtec.cat\/ins-nauticabcn\/wp-content\/uploads\/usu313\/2019\/11\/Foto-enviada-per-Joan-Monguillot-300x225.jpg 300w, https:\/\/agora.xtec.cat\/ins-nauticabcn\/wp-content\/uploads\/usu313\/2019\/11\/Foto-enviada-per-Joan-Monguillot-768x576.jpg 768w, https:\/\/agora.xtec.cat\/ins-nauticabcn\/wp-content\/uploads\/usu313\/2019\/11\/Foto-enviada-per-Joan-Monguillot-1024x768.jpg 1024w, https:\/\/agora.xtec.cat\/ins-nauticabcn\/wp-content\/uploads\/usu313\/2019\/11\/Foto-enviada-per-Joan-Monguillot-200x150.jpg 200w\" sizes=\"auto, (max-width: 2048px) 100vw, 2048px\" \/><\/a>\n\t\t\t<\/dt><\/dl><dl class='gallery-item'>\n\t\t\t<dt class='gallery-icon landscape'>\n\t\t\t\t<a href='https:\/\/agora.xtec.cat\/ins-nauticabcn\/dav-48\/'><img loading=\"lazy\" decoding=\"async\" width=\"1024\" height=\"768\" src=\"https:\/\/agora.xtec.cat\/ins-nauticabcn\/wp-content\/uploads\/usu313\/2019\/11\/IMG_20191112_131044.jpg\" class=\"attachment-full size-full\" alt=\"\" aria-describedby=\"gallery-1-3583\" srcset=\"https:\/\/agora.xtec.cat\/ins-nauticabcn\/wp-content\/uploads\/usu313\/2019\/11\/IMG_20191112_131044.jpg 1024w, https:\/\/agora.xtec.cat\/ins-nauticabcn\/wp-content\/uploads\/usu313\/2019\/11\/IMG_20191112_131044-300x225.jpg 300w, https:\/\/agora.xtec.cat\/ins-nauticabcn\/wp-content\/uploads\/usu313\/2019\/11\/IMG_20191112_131044-768x576.jpg 768w, https:\/\/agora.xtec.cat\/ins-nauticabcn\/wp-content\/uploads\/usu313\/2019\/11\/IMG_20191112_131044-200x150.jpg 200w\" sizes=\"auto, (max-width: 1024px) 100vw, 1024px\" \/><\/a>\n\t\t\t<\/dt>\n\t\t\t\t<dd class='wp-caption-text gallery-caption' id='gallery-1-3583'>\n\t\t\t\tdav\n\t\t\t\t<\/dd><\/dl><br style=\"clear: both\" \/>\n\t\t<\/div>\n\n","protected":false},"excerpt":{"rendered":"<p>L\u2019alumnat del CFGS de salvament i Socorrisme de L\u2019INB, va desenvolupar una jornada formativa sobre les professi\u00f3 del Socorrista a l\u2019alumnat de 3r d\u2019ESO de L\u2019Institut Bosc de Montjuic i a un grup d&#8217;alumnes de l&#8217;Institut Consell de Cent mitjan\u00e7ant la Fundaci\u00f3 An\u00e8l\u00b7lides.&hellip;  <a href=\"https:\/\/agora.xtec.cat\/ins-nauticabcn\/general\/projecte-vull-ser-professorat-especialista\/\" title=\"Read Projecte &#8220;Vull ser professorat especialista&#8221;\">Llegeix m\u00e9s\u00bb<\/a><\/p>\n","protected":false},"author":1,"featured_media":3581,"comment_status":"closed","ping_status":"closed","sticky":false,"template":"","format":"standard","meta":{"_bbp_topic_count":0,"_bbp_reply_count":0,"_bbp_total_topic_count":0,"_bbp_total_reply_count":0,"_bbp_voice_count":0,"_bbp_anonymous_reply_count":0,"_bbp_topic_count_hidden":0,"_bbp_reply_count_hidden":0,"_bbp_forum_subforum_count":0,"footnotes":""},"categories":[96,94,1,29,107,108],"tags":[],"class_list":["post-3585","post","type-post","status-publish","format-standard","has-post-thumbnail","hentry","category-ensenyaments-esportius","category-esports","category-general","category-portada","category-projectes","category-sortides"],"post_mailing_queue_ids":[],"_links":{"self":[{"href":"https:\/\/agora.xtec.cat\/ins-nauticabcn\/wp-json\/wp\/v2\/posts\/3585","targetHints":{"allow":["GET"]}}],"collection":[{"href":"https:\/\/agora.xtec.cat\/ins-nauticabcn\/wp-json\/wp\/v2\/posts"}],"about":[{"href":"https:\/\/agora.xtec.cat\/ins-nauticabcn\/wp-json\/wp\/v2\/types\/post"}],"author":[{"embeddable":true,"href":"https:\/\/agora.xtec.cat\/ins-nauticabcn\/wp-json\/wp\/v2\/users\/1"}],"replies":[{"embeddable":true,"href":"https:\/\/agora.xtec.cat\/ins-nauticabcn\/wp-json\/wp\/v2\/comments?post=3585"}],"version-history":[{"count":1,"href":"https:\/\/agora.xtec.cat\/ins-nauticabcn\/wp-json\/wp\/v2\/posts\/3585\/revisions"}],"predecessor-version":[{"id":3586,"href":"https:\/\/agora.xtec.cat\/ins-nauticabcn\/wp-json\/wp\/v2\/posts\/3585\/revisions\/3586"}],"wp:featuredmedia":[{"embeddable":true,"href":"https:\/\/agora.xtec.cat\/ins-nauticabcn\/wp-json\/wp\/v2\/media\/3581"}],"wp:attachment":[{"href":"https:\/\/agora.xtec.cat\/ins-nauticabcn\/wp-json\/wp\/v2\/media?parent=3585"}],"wp:term":[{"taxonomy":"category","embeddable":true,"href":"https:\/\/agora.xtec.cat\/ins-nauticabcn\/wp-json\/wp\/v2\/categories?post=3585"},{"taxonomy":"post_tag","embeddable":true,"href":"https:\/\/agora.xtec.cat\/ins-nauticabcn\/wp-json\/wp\/v2\/tags?post=3585"}],"curies":[{"name":"wp","href":"https:\/\/api.w.org\/{rel}","templated":true}]}}