{"id":3500,"date":"2019-10-16T18:42:24","date_gmt":"2019-10-16T16:42:24","guid":{"rendered":"http:\/\/agora.xtec.cat\/ins-nauticabcn\/?p=3500"},"modified":"2019-10-16T18:42:41","modified_gmt":"2019-10-16T16:42:41","slug":"visita-al-salo-nautic-de-barcelona","status":"publish","type":"post","link":"https:\/\/agora.xtec.cat\/ins-nauticabcn\/general\/visita-al-salo-nautic-de-barcelona\/","title":{"rendered":"Visita al Sal\u00f3 N\u00e0utic de Barcelona 2019"},"content":{"rendered":"<p>Un any m\u00e9s, entre el 9 i el 11 d&#8217;octubre, s\u2019ha desenvolupat el Sal\u00f3 N\u00e0utic de Barcelona, i com cada any, l\u2019alumnat de l\u2019Institut de N\u00e0utica de Barcelona ha visitat i ha participat en aquest gran sal\u00f3.<\/p>\n<p>L&#8217;alumnat de GM de Manteniment de vaixells i de GS de Sistemes de Navegaci\u00f3 van fer visites t\u00e8cniques al Sal\u00f3 n\u00e0utic de Barcelona on van poder con\u00e8ixer de primera m\u00e0 totes les novetats t\u00e8cniques en vaixells i iots esportius i d&#8217;esbarjo.<\/p>\n\n\t\t<style type=\"text\/css\">\n\t\t\t#gallery-1 {\n\t\t\t\tmargin: auto;\n\t\t\t}\n\t\t\t#gallery-1 .gallery-item {\n\t\t\t\tfloat: left;\n\t\t\t\tmargin-top: 10px;\n\t\t\t\ttext-align: center;\n\t\t\t\twidth: 50%;\n\t\t\t}\n\t\t\t#gallery-1 img {\n\t\t\t\tborder: 2px solid #cfcfcf;\n\t\t\t}\n\t\t\t#gallery-1 .gallery-caption {\n\t\t\t\tmargin-left: 0;\n\t\t\t}\n\t\t\t\/* see gallery_shortcode() in wp-includes\/media.php *\/\n\t\t<\/style>\n\t\t<div id='gallery-1' class='gallery galleryid-3500 gallery-columns-2 gallery-size-full'><dl class='gallery-item'>\n\t\t\t<dt class='gallery-icon landscape'>\n\t\t\t\t<a href='https:\/\/agora.xtec.cat\/ins-nauticabcn\/salo-nautic_3\/'><img loading=\"lazy\" decoding=\"async\" width=\"3526\" height=\"2737\" src=\"https:\/\/agora.xtec.cat\/ins-nauticabcn\/wp-content\/uploads\/usu313\/2019\/10\/Sal\u00f3-N\u00e0utic_3.jpg\" class=\"attachment-full size-full\" alt=\"\" srcset=\"https:\/\/agora.xtec.cat\/ins-nauticabcn\/wp-content\/uploads\/usu313\/2019\/10\/Sal\u00f3-N\u00e0utic_3.jpg 3526w, https:\/\/agora.xtec.cat\/ins-nauticabcn\/wp-content\/uploads\/usu313\/2019\/10\/Sal\u00f3-N\u00e0utic_3-300x233.jpg 300w, https:\/\/agora.xtec.cat\/ins-nauticabcn\/wp-content\/uploads\/usu313\/2019\/10\/Sal\u00f3-N\u00e0utic_3-768x596.jpg 768w, https:\/\/agora.xtec.cat\/ins-nauticabcn\/wp-content\/uploads\/usu313\/2019\/10\/Sal\u00f3-N\u00e0utic_3-1024x795.jpg 1024w\" sizes=\"auto, (max-width: 3526px) 100vw, 3526px\" \/><\/a>\n\t\t\t<\/dt><\/dl><dl class='gallery-item'>\n\t\t\t<dt class='gallery-icon landscape'>\n\t\t\t\t<a href='https:\/\/agora.xtec.cat\/ins-nauticabcn\/salo-nautic\/'><img loading=\"lazy\" decoding=\"async\" width=\"3693\" height=\"2505\" src=\"https:\/\/agora.xtec.cat\/ins-nauticabcn\/wp-content\/uploads\/usu313\/2019\/10\/Sal\u00f3-N\u00e0utic.jpg\" class=\"attachment-full size-full\" alt=\"\" srcset=\"https:\/\/agora.xtec.cat\/ins-nauticabcn\/wp-content\/uploads\/usu313\/2019\/10\/Sal\u00f3-N\u00e0utic.jpg 3693w, https:\/\/agora.xtec.cat\/ins-nauticabcn\/wp-content\/uploads\/usu313\/2019\/10\/Sal\u00f3-N\u00e0utic-300x203.jpg 300w, https:\/\/agora.xtec.cat\/ins-nauticabcn\/wp-content\/uploads\/usu313\/2019\/10\/Sal\u00f3-N\u00e0utic-768x521.jpg 768w, https:\/\/agora.xtec.cat\/ins-nauticabcn\/wp-content\/uploads\/usu313\/2019\/10\/Sal\u00f3-N\u00e0utic-1024x695.jpg 1024w\" sizes=\"auto, (max-width: 3693px) 100vw, 3693px\" \/><\/a>\n\t\t\t<\/dt><\/dl><br style=\"clear: both\" \/><dl class='gallery-item'>\n\t\t\t<dt class='gallery-icon landscape'>\n\t\t\t\t<a href='https:\/\/agora.xtec.cat\/ins-nauticabcn\/salo-nautic_2\/'><img loading=\"lazy\" decoding=\"async\" width=\"3683\" height=\"2656\" src=\"https:\/\/agora.xtec.cat\/ins-nauticabcn\/wp-content\/uploads\/usu313\/2019\/10\/Sal\u00f3-N\u00e0utic_2.jpg\" class=\"attachment-full size-full\" alt=\"\" srcset=\"https:\/\/agora.xtec.cat\/ins-nauticabcn\/wp-content\/uploads\/usu313\/2019\/10\/Sal\u00f3-N\u00e0utic_2.jpg 3683w, https:\/\/agora.xtec.cat\/ins-nauticabcn\/wp-content\/uploads\/usu313\/2019\/10\/Sal\u00f3-N\u00e0utic_2-300x216.jpg 300w, https:\/\/agora.xtec.cat\/ins-nauticabcn\/wp-content\/uploads\/usu313\/2019\/10\/Sal\u00f3-N\u00e0utic_2-768x554.jpg 768w, https:\/\/agora.xtec.cat\/ins-nauticabcn\/wp-content\/uploads\/usu313\/2019\/10\/Sal\u00f3-N\u00e0utic_2-1024x738.jpg 1024w\" sizes=\"auto, (max-width: 3683px) 100vw, 3683px\" \/><\/a>\n\t\t\t<\/dt><\/dl><dl class='gallery-item'>\n\t\t\t<dt class='gallery-icon landscape'>\n\t\t\t\t<a href='https:\/\/agora.xtec.cat\/ins-nauticabcn\/salo-nautic_4\/'><img loading=\"lazy\" decoding=\"async\" width=\"550\" height=\"412\" src=\"https:\/\/agora.xtec.cat\/ins-nauticabcn\/wp-content\/uploads\/usu313\/2019\/10\/Sal\u00f3-N\u00e0utic_4.jpg\" class=\"attachment-full size-full\" alt=\"\" srcset=\"https:\/\/agora.xtec.cat\/ins-nauticabcn\/wp-content\/uploads\/usu313\/2019\/10\/Sal\u00f3-N\u00e0utic_4.jpg 550w, https:\/\/agora.xtec.cat\/ins-nauticabcn\/wp-content\/uploads\/usu313\/2019\/10\/Sal\u00f3-N\u00e0utic_4-300x225.jpg 300w, https:\/\/agora.xtec.cat\/ins-nauticabcn\/wp-content\/uploads\/usu313\/2019\/10\/Sal\u00f3-N\u00e0utic_4-200x150.jpg 200w\" sizes=\"auto, (max-width: 550px) 100vw, 550px\" \/><\/a>\n\t\t\t<\/dt><\/dl><br style=\"clear: both\" \/>\n\t\t<\/div>\n\n","protected":false},"excerpt":{"rendered":"<p>Un any m\u00e9s, entre el 9 i el 11 d&#8217;octubre, s\u2019ha desenvolupat el Sal\u00f3 N\u00e0utic de Barcelona, i com cada any, l\u2019alumnat de l\u2019Institut de N\u00e0utica de Barcelona ha visitat i ha participat en aquest gran sal\u00f3.&hellip;  <a href=\"https:\/\/agora.xtec.cat\/ins-nauticabcn\/general\/visita-al-salo-nautic-de-barcelona\/\" title=\"Read Visita al Sal\u00f3 N\u00e0utic de Barcelona 2019\">Llegeix m\u00e9s\u00bb<\/a><\/p>\n","protected":false},"author":1,"featured_media":3494,"comment_status":"closed","ping_status":"closed","sticky":false,"template":"","format":"standard","meta":{"_bbp_topic_count":0,"_bbp_reply_count":0,"_bbp_total_topic_count":0,"_bbp_total_reply_count":0,"_bbp_voice_count":0,"_bbp_anonymous_reply_count":0,"_bbp_topic_count_hidden":0,"_bbp_reply_count_hidden":0,"_bbp_forum_subforum_count":0,"footnotes":""},"categories":[1,98,99,95,29,108],"tags":[],"class_list":["post-3500","post","type-post","status-publish","format-standard","has-post-thumbnail","hentry","category-general","category-gm-manteniment-de-vaixells","category-gs-sistemes-de-navegacio","category-manteniment-de-vaixells","category-portada","category-sortides"],"post_mailing_queue_ids":[],"_links":{"self":[{"href":"https:\/\/agora.xtec.cat\/ins-nauticabcn\/wp-json\/wp\/v2\/posts\/3500","targetHints":{"allow":["GET"]}}],"collection":[{"href":"https:\/\/agora.xtec.cat\/ins-nauticabcn\/wp-json\/wp\/v2\/posts"}],"about":[{"href":"https:\/\/agora.xtec.cat\/ins-nauticabcn\/wp-json\/wp\/v2\/types\/post"}],"author":[{"embeddable":true,"href":"https:\/\/agora.xtec.cat\/ins-nauticabcn\/wp-json\/wp\/v2\/users\/1"}],"replies":[{"embeddable":true,"href":"https:\/\/agora.xtec.cat\/ins-nauticabcn\/wp-json\/wp\/v2\/comments?post=3500"}],"version-history":[{"count":2,"href":"https:\/\/agora.xtec.cat\/ins-nauticabcn\/wp-json\/wp\/v2\/posts\/3500\/revisions"}],"predecessor-version":[{"id":3502,"href":"https:\/\/agora.xtec.cat\/ins-nauticabcn\/wp-json\/wp\/v2\/posts\/3500\/revisions\/3502"}],"wp:featuredmedia":[{"embeddable":true,"href":"https:\/\/agora.xtec.cat\/ins-nauticabcn\/wp-json\/wp\/v2\/media\/3494"}],"wp:attachment":[{"href":"https:\/\/agora.xtec.cat\/ins-nauticabcn\/wp-json\/wp\/v2\/media?parent=3500"}],"wp:term":[{"taxonomy":"category","embeddable":true,"href":"https:\/\/agora.xtec.cat\/ins-nauticabcn\/wp-json\/wp\/v2\/categories?post=3500"},{"taxonomy":"post_tag","embeddable":true,"href":"https:\/\/agora.xtec.cat\/ins-nauticabcn\/wp-json\/wp\/v2\/tags?post=3500"}],"curies":[{"name":"wp","href":"https:\/\/api.w.org\/{rel}","templated":true}]}}