{"id":3488,"date":"2019-10-16T11:35:56","date_gmt":"2019-10-16T09:35:56","guid":{"rendered":"http:\/\/agora.xtec.cat\/ins-nauticabcn\/?p=3488"},"modified":"2019-10-16T11:35:56","modified_gmt":"2019-10-16T09:35:56","slug":"bateig-de-vela-al-cmv-centre-municipal-de-vela-2","status":"publish","type":"post","link":"https:\/\/agora.xtec.cat\/ins-nauticabcn\/general\/bateig-de-vela-al-cmv-centre-municipal-de-vela-2\/","title":{"rendered":"Bateig de vela al CMV (Centre Municipal de Vela)"},"content":{"rendered":"<p>L\u2019alumnat de l&#8217;Institut de N\u00e0utica de Barcelona, format per la fam\u00edlia d&#8217;esports i la fam\u00edlia de vaixells, ha realitzat un bateig de vela al CMV (Centre municipal de Vela de Barcelona).<\/p>\n<p>Aquesta activitat es realitza amb l\u2019objectiu de con\u00e8ixer de m\u00e9s a prop aquest esport relacionat amb el mon n\u00e0utic, i tamb\u00e9 serveix per desenvolupar els vincles entre l\u2019alumnat, i treballar la cohesi\u00f3 de grup en un entorn tan privilegiat com \u00e9s la costa barcelonina.<\/p>\n<p>Des de l&#8217;Institut de N\u00e0utica de Barcelona volem agra\u00efr al CMV la seva predisposici\u00f3 a realitzar l&#8217;activitat, i esperem mantenir la col\u00b7laboraci\u00f3 amb aquest i d&#8217;altres projectes futurs.<\/p>\n\n\t\t<style type=\"text\/css\">\n\t\t\t#gallery-1 {\n\t\t\t\tmargin: auto;\n\t\t\t}\n\t\t\t#gallery-1 .gallery-item {\n\t\t\t\tfloat: left;\n\t\t\t\tmargin-top: 10px;\n\t\t\t\ttext-align: center;\n\t\t\t\twidth: 50%;\n\t\t\t}\n\t\t\t#gallery-1 img {\n\t\t\t\tborder: 2px solid #cfcfcf;\n\t\t\t}\n\t\t\t#gallery-1 .gallery-caption {\n\t\t\t\tmargin-left: 0;\n\t\t\t}\n\t\t\t\/* see gallery_shortcode() in wp-includes\/media.php *\/\n\t\t<\/style>\n\t\t<div id='gallery-1' class='gallery galleryid-3488 gallery-columns-2 gallery-size-full'><dl class='gallery-item'>\n\t\t\t<dt class='gallery-icon landscape'>\n\t\t\t\t<a href='https:\/\/agora.xtec.cat\/ins-nauticabcn\/foto-enviada-per-joan-monguillot-2-2\/'><img loading=\"lazy\" decoding=\"async\" width=\"1600\" height=\"1200\" src=\"https:\/\/agora.xtec.cat\/ins-nauticabcn\/wp-content\/uploads\/usu313\/2019\/10\/Foto-enviada-per-Joan-Monguillot-2.jpg\" class=\"attachment-full size-full\" alt=\"\" srcset=\"https:\/\/agora.xtec.cat\/ins-nauticabcn\/wp-content\/uploads\/usu313\/2019\/10\/Foto-enviada-per-Joan-Monguillot-2.jpg 1600w, https:\/\/agora.xtec.cat\/ins-nauticabcn\/wp-content\/uploads\/usu313\/2019\/10\/Foto-enviada-per-Joan-Monguillot-2-300x225.jpg 300w, https:\/\/agora.xtec.cat\/ins-nauticabcn\/wp-content\/uploads\/usu313\/2019\/10\/Foto-enviada-per-Joan-Monguillot-2-768x576.jpg 768w, https:\/\/agora.xtec.cat\/ins-nauticabcn\/wp-content\/uploads\/usu313\/2019\/10\/Foto-enviada-per-Joan-Monguillot-2-1024x768.jpg 1024w, https:\/\/agora.xtec.cat\/ins-nauticabcn\/wp-content\/uploads\/usu313\/2019\/10\/Foto-enviada-per-Joan-Monguillot-2-200x150.jpg 200w\" sizes=\"auto, (max-width: 1600px) 100vw, 1600px\" \/><\/a>\n\t\t\t<\/dt><\/dl><dl class='gallery-item'>\n\t\t\t<dt class='gallery-icon landscape'>\n\t\t\t\t<a href='https:\/\/agora.xtec.cat\/ins-nauticabcn\/foto-enviada-per-joan-monguillot\/'><img loading=\"lazy\" decoding=\"async\" width=\"1600\" height=\"1200\" src=\"https:\/\/agora.xtec.cat\/ins-nauticabcn\/wp-content\/uploads\/usu313\/2019\/10\/Foto-enviada-per-Joan-Monguillot.jpg\" class=\"attachment-full size-full\" alt=\"\" srcset=\"https:\/\/agora.xtec.cat\/ins-nauticabcn\/wp-content\/uploads\/usu313\/2019\/10\/Foto-enviada-per-Joan-Monguillot.jpg 1600w, https:\/\/agora.xtec.cat\/ins-nauticabcn\/wp-content\/uploads\/usu313\/2019\/10\/Foto-enviada-per-Joan-Monguillot-300x225.jpg 300w, https:\/\/agora.xtec.cat\/ins-nauticabcn\/wp-content\/uploads\/usu313\/2019\/10\/Foto-enviada-per-Joan-Monguillot-768x576.jpg 768w, https:\/\/agora.xtec.cat\/ins-nauticabcn\/wp-content\/uploads\/usu313\/2019\/10\/Foto-enviada-per-Joan-Monguillot-1024x768.jpg 1024w, https:\/\/agora.xtec.cat\/ins-nauticabcn\/wp-content\/uploads\/usu313\/2019\/10\/Foto-enviada-per-Joan-Monguillot-200x150.jpg 200w\" sizes=\"auto, (max-width: 1600px) 100vw, 1600px\" \/><\/a>\n\t\t\t<\/dt><\/dl><br style=\"clear: both\" \/><dl class='gallery-item'>\n\t\t\t<dt class='gallery-icon landscape'>\n\t\t\t\t<a href='https:\/\/agora.xtec.cat\/ins-nauticabcn\/portada\/nou-periode-de-matricula-cicles-esportius-2\/attachment\/foto-enviada-per-joan-monguillot-1\/'><img loading=\"lazy\" decoding=\"async\" width=\"1600\" height=\"1200\" src=\"https:\/\/agora.xtec.cat\/ins-nauticabcn\/wp-content\/uploads\/usu313\/2019\/10\/Foto-enviada-per-Joan-Monguillot-1.jpg\" class=\"attachment-full size-full\" alt=\"\" srcset=\"https:\/\/agora.xtec.cat\/ins-nauticabcn\/wp-content\/uploads\/usu313\/2019\/10\/Foto-enviada-per-Joan-Monguillot-1.jpg 1600w, https:\/\/agora.xtec.cat\/ins-nauticabcn\/wp-content\/uploads\/usu313\/2019\/10\/Foto-enviada-per-Joan-Monguillot-1-300x225.jpg 300w, https:\/\/agora.xtec.cat\/ins-nauticabcn\/wp-content\/uploads\/usu313\/2019\/10\/Foto-enviada-per-Joan-Monguillot-1-768x576.jpg 768w, https:\/\/agora.xtec.cat\/ins-nauticabcn\/wp-content\/uploads\/usu313\/2019\/10\/Foto-enviada-per-Joan-Monguillot-1-1024x768.jpg 1024w, https:\/\/agora.xtec.cat\/ins-nauticabcn\/wp-content\/uploads\/usu313\/2019\/10\/Foto-enviada-per-Joan-Monguillot-1-200x150.jpg 200w\" sizes=\"auto, (max-width: 1600px) 100vw, 1600px\" \/><\/a>\n\t\t\t<\/dt><\/dl><dl class='gallery-item'>\n\t\t\t<dt class='gallery-icon portrait'>\n\t\t\t\t<a href='https:\/\/agora.xtec.cat\/ins-nauticabcn\/foto-enviada-per-joan-monguillot-3\/'><img loading=\"lazy\" decoding=\"async\" width=\"1200\" height=\"1600\" src=\"https:\/\/agora.xtec.cat\/ins-nauticabcn\/wp-content\/uploads\/usu313\/2019\/10\/Foto-enviada-per-Joan-Monguillot-3.jpg\" class=\"attachment-full size-full\" alt=\"\" srcset=\"https:\/\/agora.xtec.cat\/ins-nauticabcn\/wp-content\/uploads\/usu313\/2019\/10\/Foto-enviada-per-Joan-Monguillot-3.jpg 1200w, https:\/\/agora.xtec.cat\/ins-nauticabcn\/wp-content\/uploads\/usu313\/2019\/10\/Foto-enviada-per-Joan-Monguillot-3-225x300.jpg 225w, https:\/\/agora.xtec.cat\/ins-nauticabcn\/wp-content\/uploads\/usu313\/2019\/10\/Foto-enviada-per-Joan-Monguillot-3-768x1024.jpg 768w\" sizes=\"auto, (max-width: 1200px) 100vw, 1200px\" \/><\/a>\n\t\t\t<\/dt><\/dl><br style=\"clear: both\" \/>\n\t\t<\/div>\n\n","protected":false},"excerpt":{"rendered":"<p>L\u2019alumnat de l&#8217;Institut de N\u00e0utica de Barcelona, format per la fam\u00edlia d&#8217;esports i la fam\u00edlia de vaixells, ha realitzat un bateig de vela al CMV (Centre municipal de Vela de Barcelona).&hellip;  <a href=\"https:\/\/agora.xtec.cat\/ins-nauticabcn\/general\/bateig-de-vela-al-cmv-centre-municipal-de-vela-2\/\" title=\"Read Bateig de vela al CMV (Centre Municipal de Vela)\">Llegeix m\u00e9s\u00bb<\/a><\/p>\n","protected":false},"author":1,"featured_media":3484,"comment_status":"closed","ping_status":"closed","sticky":false,"template":"","format":"standard","meta":{"_bbp_topic_count":0,"_bbp_reply_count":0,"_bbp_total_topic_count":0,"_bbp_total_reply_count":0,"_bbp_voice_count":0,"_bbp_anonymous_reply_count":0,"_bbp_topic_count_hidden":0,"_bbp_reply_count_hidden":0,"_bbp_forum_subforum_count":0,"footnotes":""},"categories":[94,1,95,29,108],"tags":[],"class_list":["post-3488","post","type-post","status-publish","format-standard","has-post-thumbnail","hentry","category-esports","category-general","category-manteniment-de-vaixells","category-portada","category-sortides"],"post_mailing_queue_ids":[],"_links":{"self":[{"href":"https:\/\/agora.xtec.cat\/ins-nauticabcn\/wp-json\/wp\/v2\/posts\/3488","targetHints":{"allow":["GET"]}}],"collection":[{"href":"https:\/\/agora.xtec.cat\/ins-nauticabcn\/wp-json\/wp\/v2\/posts"}],"about":[{"href":"https:\/\/agora.xtec.cat\/ins-nauticabcn\/wp-json\/wp\/v2\/types\/post"}],"author":[{"embeddable":true,"href":"https:\/\/agora.xtec.cat\/ins-nauticabcn\/wp-json\/wp\/v2\/users\/1"}],"replies":[{"embeddable":true,"href":"https:\/\/agora.xtec.cat\/ins-nauticabcn\/wp-json\/wp\/v2\/comments?post=3488"}],"version-history":[{"count":1,"href":"https:\/\/agora.xtec.cat\/ins-nauticabcn\/wp-json\/wp\/v2\/posts\/3488\/revisions"}],"predecessor-version":[{"id":3489,"href":"https:\/\/agora.xtec.cat\/ins-nauticabcn\/wp-json\/wp\/v2\/posts\/3488\/revisions\/3489"}],"wp:featuredmedia":[{"embeddable":true,"href":"https:\/\/agora.xtec.cat\/ins-nauticabcn\/wp-json\/wp\/v2\/media\/3484"}],"wp:attachment":[{"href":"https:\/\/agora.xtec.cat\/ins-nauticabcn\/wp-json\/wp\/v2\/media?parent=3488"}],"wp:term":[{"taxonomy":"category","embeddable":true,"href":"https:\/\/agora.xtec.cat\/ins-nauticabcn\/wp-json\/wp\/v2\/categories?post=3488"},{"taxonomy":"post_tag","embeddable":true,"href":"https:\/\/agora.xtec.cat\/ins-nauticabcn\/wp-json\/wp\/v2\/tags?post=3488"}],"curies":[{"name":"wp","href":"https:\/\/api.w.org\/{rel}","templated":true}]}}