{"id":3392,"date":"2021-09-04T08:00:32","date_gmt":"2021-09-04T06:00:32","guid":{"rendered":"http:\/\/agora.xtec.cat\/ins-nauticabcn\/?p=3392"},"modified":"2021-10-14T10:15:32","modified_gmt":"2021-10-14T08:15:32","slug":"instruccions-inici-de-curs-2019-2020","status":"publish","type":"post","link":"https:\/\/agora.xtec.cat\/ins-nauticabcn\/portada\/instruccions-inici-de-curs-2019-2020\/","title":{"rendered":"Instruccions matr\u00edcula i inici de curs Estudis Esportius 2021-2022"},"content":{"rendered":"<h4><span style=\"color: #ff6600;\"><strong>Instruccions matr\u00edcula i inici de curs Estudis Esportius 2021-2022<\/strong><\/span><\/h4>\n<p>\u200b\u200b<strong>Lloc: Edifici seu (carrer de l\u2019Escar 6-8, edifici Consorci El Far) \/ Correu electr\u00f2nic per enviaments de documents de matr\u00edcula: a8074847@xtec.cat<br \/>\n<\/strong><\/p>\n<p><b>A la presentaci\u00f3 \u00e9s obligatori l&#8217;\u00fas de la mascareta. Si us trobeu malament o teniu algun s\u00edmptoma quedeu-vos a casa, seguiu les recomanacions m\u00e8diques i truqueu al centre per informar de la vostra situaci\u00f3.\u00a0<\/b><\/p>\n<p>\u200b\u200bEls\u00a0<strong>consellers d&#8217;Educaci\u00f3<\/strong>,\u00a0Josep Gonz\u00e0lez-Cambray, i de <strong>Salut<\/strong>, Josep Maria Argimon, han escrit una carta per a les fam\u00edlies en relaci\u00f3 a l\u2019inici de curs i a la import\u00e0ncia de la vacunaci\u00f3 contra la covid. \u00c9s important que la feu arribar a les fam\u00edlies del vostre alumnat. Podeu descarregar la carta <a href=\"https:\/\/agora.xtec.cat\/ins-nauticabcn\/wp-content\/uploads\/usu313\/2021\/09\/20210827-carta-families.pdf\" target=\"_blank\" rel=\"noopener\">aqu\u00ed.<\/a><\/p>\n<p><strong> PLA OBERTURA CURS 21\/22: <\/strong>En aquest document podeu consultar l&#8217;organitzaci\u00f3 de l&#8217;INB en quant al retorn a les aules. Consulta&#8217;l <a href=\"https:\/\/agora.xtec.cat\/ins-nauticabcn\/wp-content\/uploads\/usu313\/2021\/09\/Pla-Organitzacio_v6_21_22_publicable.docx.pdf\" target=\"_blank\" rel=\"noopener\">aqu\u00ed.<\/a><\/p>\n<p>&nbsp;<\/p>\n<p><strong>A continuaci\u00f3 us informem de les dates de matr\u00edcula i horaris d&#8217;inici de curs<\/strong> per tots aquells alumnes que heu fet la preinscripci\u00f3 i\/o encara heu de fer la prova espec\u00edfica d&#8217;acc\u00e9s:<\/p>\n<p><span style=\"color: #3366ff;\"><strong>Grau Superior de Salvament i Socorrisme Grup 7:<\/strong><\/span><\/p>\n<p><strong>Matr\u00edcula: <\/strong>del 27 al 30 de setembre de 9 a 13 hores i dilluns 27 i dimecres 30 tamb\u00e9 de 15 a 18.30 hores. Podreu fer la matr\u00edcula de forma presencial o enviant un correu electr\u00f2nic amb els documents de matr\u00edcula que trobareu <a href=\"https:\/\/drive.google.com\/drive\/folders\/1V6xttTmaZMnWzG9eP3QXN4KrnAPL9XPq\" target=\"_blank\" rel=\"noopener\">aqu\u00ed.<\/a><\/p>\n<p><strong>Inici de classes: <\/strong> dilluns 4 d&#8217;octubre a les 10 hores a l&#8217;edific SEU de l&#8217;Institut de N\u00e0utica aula 209.<\/p>\n<p>&nbsp;<\/p>\n<p><span style=\"color: #3366ff;\"><strong>Grau Mitj\u00e0 de Salvament i Socorrisme Grup 5:<\/strong><\/span><\/p>\n<p><strong>Matr\u00edcula:\u00a0<\/strong>el dilluns 4 d&#8217;octubre <strong>nom\u00e9s presencialment<\/strong> de 8.30 hores a 10 hores a la secretaria de l&#8217;Institut. Podreu descarregar els documents de matr\u00edcula <a href=\"https:\/\/drive.google.com\/drive\/folders\/1V6xttTmaZMnWzG9eP3QXN4KrnAPL9XPq\" target=\"_blank\" rel=\"noopener\">aqu\u00ed.<\/a><\/p>\n<p><strong>Inici de classes: <\/strong> dilluns 4 d&#8217;octubre a les 10 hores a l&#8217;edific SEU de l&#8217;Institut de N\u00e0utica aula 211.<\/p>\n<p>&nbsp;<\/p>\n<p><span style=\"color: #3366ff;\"><strong>Grau Mitj\u00e0 de Vela Grup 3:<\/strong><\/span><\/p>\n<p><strong>Matr\u00edcula: <\/strong>el dilluns 4 d&#8217;octubre de 9 a 13 hores de forma telem\u00e0tica i de 15 a 17 hores de forma presencial a la secretaria de l&#8217;Institut. Podreu descarregar els documents de matr\u00edcula <a href=\"https:\/\/drive.google.com\/drive\/folders\/1V6xttTmaZMnWzG9eP3QXN4KrnAPL9XPq\" target=\"_blank\" rel=\"noopener\">aqu\u00ed.<\/a><\/p>\n<p><strong>Inici de classes: <\/strong> dilluns 4 d&#8217;octubre a les 17 hores a l&#8217;edific SEU de l&#8217;Institut de N\u00e0utica aula 210.<\/p>\n<p>&nbsp;<\/p>\n<p><span style=\"color: #3366ff;\"><strong>Grau Mitj\u00e0 de Busseig + alumnes amb matricula parcial del Cicle Inicial Vela Grup 4:<\/strong><\/span><\/p>\n<p><strong>Matr\u00edcula: <\/strong>el dilluns 4 d&#8217;octubre de 9 a 13 hores de forma telem\u00e0tica i de 15 a 17 hores de forma presencial a la secretaria de l&#8217;Institut. Podreu descarregar els documents de matr\u00edcula <a href=\"https:\/\/drive.google.com\/drive\/folders\/1V6xttTmaZMnWzG9eP3QXN4KrnAPL9XPq\" target=\"_blank\" rel=\"noopener\">aqu\u00ed.<\/a><\/p>\n<p><strong>Inici de classes: <\/strong> dilluns 4 d&#8217;octubre a les 17 hores a l&#8217;edific SEU de l&#8217;Institut de N\u00e0utica aula 211.<\/p>\n","protected":false},"excerpt":{"rendered":"<p>A continuaci\u00f3 us informem de les dates de matr\u00edcula i horaris d&#8217;inici de curs per tots aquells alumnes que heu fet la preinscripci\u00f3 i\/o encara heu de fer la prova espec\u00edfica d&#8217;acc\u00e9s&hellip;  <a href=\"https:\/\/agora.xtec.cat\/ins-nauticabcn\/portada\/instruccions-inici-de-curs-2019-2020\/\" title=\"Read Instruccions matr\u00edcula i inici de curs Estudis Esportius 2021-2022\">Llegeix m\u00e9s\u00bb<\/a><\/p>\n","protected":false},"author":1,"featured_media":2615,"comment_status":"closed","ping_status":"closed","sticky":false,"template":"","format":"standard","meta":{"_bbp_topic_count":0,"_bbp_reply_count":0,"_bbp_total_topic_count":0,"_bbp_total_reply_count":0,"_bbp_voice_count":0,"_bbp_anonymous_reply_count":0,"_bbp_topic_count_hidden":0,"_bbp_reply_count_hidden":0,"_bbp_forum_subforum_count":0,"footnotes":""},"categories":[29],"tags":[],"class_list":["post-3392","post","type-post","status-publish","format-standard","has-post-thumbnail","hentry","category-portada"],"post_mailing_queue_ids":[],"_links":{"self":[{"href":"https:\/\/agora.xtec.cat\/ins-nauticabcn\/wp-json\/wp\/v2\/posts\/3392","targetHints":{"allow":["GET"]}}],"collection":[{"href":"https:\/\/agora.xtec.cat\/ins-nauticabcn\/wp-json\/wp\/v2\/posts"}],"about":[{"href":"https:\/\/agora.xtec.cat\/ins-nauticabcn\/wp-json\/wp\/v2\/types\/post"}],"author":[{"embeddable":true,"href":"https:\/\/agora.xtec.cat\/ins-nauticabcn\/wp-json\/wp\/v2\/users\/1"}],"replies":[{"embeddable":true,"href":"https:\/\/agora.xtec.cat\/ins-nauticabcn\/wp-json\/wp\/v2\/comments?post=3392"}],"version-history":[{"count":4,"href":"https:\/\/agora.xtec.cat\/ins-nauticabcn\/wp-json\/wp\/v2\/posts\/3392\/revisions"}],"predecessor-version":[{"id":5555,"href":"https:\/\/agora.xtec.cat\/ins-nauticabcn\/wp-json\/wp\/v2\/posts\/3392\/revisions\/5555"}],"wp:featuredmedia":[{"embeddable":true,"href":"https:\/\/agora.xtec.cat\/ins-nauticabcn\/wp-json\/wp\/v2\/media\/2615"}],"wp:attachment":[{"href":"https:\/\/agora.xtec.cat\/ins-nauticabcn\/wp-json\/wp\/v2\/media?parent=3392"}],"wp:term":[{"taxonomy":"category","embeddable":true,"href":"https:\/\/agora.xtec.cat\/ins-nauticabcn\/wp-json\/wp\/v2\/categories?post=3392"},{"taxonomy":"post_tag","embeddable":true,"href":"https:\/\/agora.xtec.cat\/ins-nauticabcn\/wp-json\/wp\/v2\/tags?post=3392"}],"curies":[{"name":"wp","href":"https:\/\/api.w.org\/{rel}","templated":true}]}}