{"id":3024,"date":"2019-03-28T15:03:52","date_gmt":"2019-03-28T14:03:52","guid":{"rendered":"http:\/\/agora.xtec.cat\/ins-nauticabcn\/?p=3024"},"modified":"2019-04-26T11:29:17","modified_gmt":"2019-04-26T09:29:17","slug":"portes-obertes-2019-2020","status":"publish","type":"post","link":"https:\/\/agora.xtec.cat\/ins-nauticabcn\/portada\/portes-obertes-2019-2020\/","title":{"rendered":"Portes obertes 2019-2020"},"content":{"rendered":"<p>Anem preparant motors per al curs 2019-20, i els propers <strong>24 i 25 d\u2019abril<\/strong> farem les jornades de <strong>Portes Obertes<\/strong>, on esteu convidats alumnes i fam\u00edlies per a con\u00e8ixer de primera m\u00e0 qu\u00ed som i qu\u00e8 us podem oferir: estudis, horaris, modalitats, espais i instal\u00b7lacions, per\u00edode de preinscripci\u00f3, etc.<\/p>\n<p>La jornada tindr\u00e0 una durada aproximada de dues hores i comen\u00e7ar\u00e0 amb una presentaci\u00f3 general a l\u2019auditori, i continuar\u00e0 amb:<\/p>\n<ul>\n<li>els interessats en ensenyaments de manteniment de vaixells,<strong> faran una visita a la nostra drassana, per con\u00e8ixer els espais i tallers.<\/strong><\/li>\n<li>els interessats en ensenyaments esportius, <strong>faran una visita a les instal\u00b7lacions esportives.<\/strong><\/li>\n<\/ul>\n<p>L\u2019horari de les Portes Obertes ser\u00e0:<\/p>\n<p><strong>Dimecres 24 d\u2019abril a les 17 h <\/strong>(Esports)<\/p>\n<ul>\n<li><a href=\"https:\/\/agora.xtec.cat\/ins-nauticabcn\/estudis\/ensenyaments-esportius\/cfgs-sistemes-electrotecnics-i-automatitzats-especialitzacio-en-nautica\/\">GS en Ensenyament i Animaci\u00f3 Socioesportiva, adaptat a Activitats de Platja<\/a><\/li>\n<li><a href=\"https:\/\/agora.xtec.cat\/ins-nauticabcn\/estudis\/ensenyaments-esportius\/gm-de-busseig-esportiu-amb-escafandre-autonom\/\">GM en Busseig Esportiu amb Escafandre Aut\u00f2nom<\/a><\/li>\n<li><a href=\"https:\/\/agora.xtec.cat\/ins-nauticabcn\/estudis\/ensenyaments-esportius\/gm-de-vela-amb-aparell-lliure\/\">GM en Vela amb Aparell Fix i Lliure<\/a><\/li>\n<li><a href=\"https:\/\/agora.xtec.cat\/ins-nauticabcn\/estudis\/ensenyaments-esportius\/gm-de-vela-amb-aparell-lliure\/\">GS en Vela<\/a><\/li>\n<li><a href=\"https:\/\/agora.xtec.cat\/ins-nauticabcn\/estudis\/ensenyaments-esportius\/gm-de-salvament-i-socorrisme\/\">GM en Salvament i Socorrisme<\/a><\/li>\n<li><a href=\"https:\/\/agora.xtec.cat\/ins-nauticabcn\/estudis\/ensenyaments-esportius\/gm-de-salvament-i-socorrisme\/\">GS en Salvament i Socorrisme<\/a><\/li>\n<\/ul>\n<p><strong>Dimecres 24 d\u2019abril a les 18 hores\u00a0<\/strong>(Vaixells i PFI)<\/p>\n<ul>\n<li><a href=\"https:\/\/agora.xtec.cat\/ins-nauticabcn\/estudis\/formacio-professional\/gm-manteniment-de-vaixells-esportius-i-desbarjo\/\">GM en Manteniment de Vaixells d\u2019Esbarjo<\/a><\/li>\n<li><a href=\"https:\/\/agora.xtec.cat\/ins-nauticabcn\/estudis\/formacio-professional\/gs-sistemes-electrotecnics-i-de-comunicacio-dels-vaixells\/\">GS en Sistemes de Navegaci\u00f3 <sup>(*)<\/sup><\/a><\/li>\n<li><a href=\"https:\/\/agora.xtec.cat\/ins-nauticabcn\/estudis\/programes-de-formacio-i-insercio-pfi\/\">PFI Auxiliar de Muntatges d\u2019instal\u00b7lacions electrot\u00e8cniques en edificis<\/a><\/li>\n<\/ul>\n<p><strong>Dijous 25 d\u2019abril a les 17 hores\u00a0<\/strong>(Esports)<\/p>\n<ul>\n<li><a href=\"https:\/\/agora.xtec.cat\/ins-nauticabcn\/estudis\/ensenyaments-esportius\/cfgs-sistemes-electrotecnics-i-automatitzats-especialitzacio-en-nautica\/\">GS en Ensenyament i Animaci\u00f3 Socioesportiva, adaptat a Activitats de Platja<\/a><\/li>\n<li><a href=\"https:\/\/agora.xtec.cat\/ins-nauticabcn\/estudis\/ensenyaments-esportius\/gm-de-busseig-esportiu-amb-escafandre-autonom\/\">GM en Busseig Esportiu amb Escafandre Aut\u00f2nom<\/a><\/li>\n<li><a href=\"https:\/\/agora.xtec.cat\/ins-nauticabcn\/estudis\/ensenyaments-esportius\/gm-de-vela-amb-aparell-lliure\/\">GM en Vela amb Aparell Fix i Lliure<\/a><\/li>\n<li><a href=\"https:\/\/agora.xtec.cat\/ins-nauticabcn\/estudis\/ensenyaments-esportius\/gm-de-vela-amb-aparell-lliure\/\">GS en Vela<\/a><\/li>\n<li><a href=\"https:\/\/agora.xtec.cat\/ins-nauticabcn\/estudis\/ensenyaments-esportius\/gm-de-salvament-i-socorrisme\/\">GM en Salvament i Socorrisme<\/a><\/li>\n<li><a href=\"https:\/\/agora.xtec.cat\/ins-nauticabcn\/estudis\/ensenyaments-esportius\/gm-de-salvament-i-socorrisme\/\">GS en Salvament i Socorrisme<\/a><\/li>\n<\/ul>\n<p>&nbsp;<\/p>\n<hr \/>\n<p><sup>(*)<\/sup> Correspon al T\u00edtol de GS de Sistemes Electrot\u00e8cnics i Automatitzats, perfil professional d\u2019Instal\u00b7lacions El\u00e8ctriques i Comunicacions del Vaixell<\/p>\n<h1>Fes del mar la teva professi\u00f3!<\/h1>\n\n\t\t<style type=\"text\/css\">\n\t\t\t#gallery-1 {\n\t\t\t\tmargin: auto;\n\t\t\t}\n\t\t\t#gallery-1 .gallery-item {\n\t\t\t\tfloat: left;\n\t\t\t\tmargin-top: 10px;\n\t\t\t\ttext-align: center;\n\t\t\t\twidth: 33%;\n\t\t\t}\n\t\t\t#gallery-1 img {\n\t\t\t\tborder: 2px solid #cfcfcf;\n\t\t\t}\n\t\t\t#gallery-1 .gallery-caption {\n\t\t\t\tmargin-left: 0;\n\t\t\t}\n\t\t\t\/* see gallery_shortcode() in wp-includes\/media.php *\/\n\t\t<\/style>\n\t\t<div id='gallery-1' class='gallery galleryid-3024 gallery-columns-3 gallery-size-full'><dl class='gallery-item'>\n\t\t\t<dt class='gallery-icon landscape'>\n\t\t\t\t<a href='https:\/\/agora.xtec.cat\/ins-nauticabcn\/portada\/portes-obertes-2019-2020\/attachment\/captura-4\/'><img loading=\"lazy\" decoding=\"async\" width=\"476\" height=\"299\" src=\"https:\/\/agora.xtec.cat\/ins-nauticabcn\/wp-content\/uploads\/usu313\/2019\/03\/Captura.png\" class=\"attachment-full size-full\" alt=\"\" srcset=\"https:\/\/agora.xtec.cat\/ins-nauticabcn\/wp-content\/uploads\/usu313\/2019\/03\/Captura.png 476w, https:\/\/agora.xtec.cat\/ins-nauticabcn\/wp-content\/uploads\/usu313\/2019\/03\/Captura-300x188.png 300w\" sizes=\"auto, (max-width: 476px) 100vw, 476px\" \/><\/a>\n\t\t\t<\/dt><\/dl><dl class='gallery-item'>\n\t\t\t<dt class='gallery-icon landscape'>\n\t\t\t\t<a href='https:\/\/agora.xtec.cat\/ins-nauticabcn\/foto-perpignan-2\/'><img loading=\"lazy\" decoding=\"async\" width=\"1393\" height=\"949\" src=\"https:\/\/agora.xtec.cat\/ins-nauticabcn\/wp-content\/uploads\/usu313\/2018\/07\/Foto-perpignan-2.jpg\" class=\"attachment-full size-full\" alt=\"\" srcset=\"https:\/\/agora.xtec.cat\/ins-nauticabcn\/wp-content\/uploads\/usu313\/2018\/07\/Foto-perpignan-2.jpg 1393w, https:\/\/agora.xtec.cat\/ins-nauticabcn\/wp-content\/uploads\/usu313\/2018\/07\/Foto-perpignan-2-300x204.jpg 300w, https:\/\/agora.xtec.cat\/ins-nauticabcn\/wp-content\/uploads\/usu313\/2018\/07\/Foto-perpignan-2-768x523.jpg 768w, https:\/\/agora.xtec.cat\/ins-nauticabcn\/wp-content\/uploads\/usu313\/2018\/07\/Foto-perpignan-2-1024x698.jpg 1024w\" sizes=\"auto, (max-width: 1393px) 100vw, 1393px\" \/><\/a>\n\t\t\t<\/dt><\/dl><dl class='gallery-item'>\n\t\t\t<dt class='gallery-icon landscape'>\n\t\t\t\t<a href='https:\/\/agora.xtec.cat\/ins-nauticabcn\/projectes\/attachment\/foto-2-2\/'><img loading=\"lazy\" decoding=\"async\" width=\"1024\" height=\"768\" src=\"https:\/\/agora.xtec.cat\/ins-nauticabcn\/wp-content\/uploads\/usu313\/2019\/02\/Foto-2.jpg\" class=\"attachment-full size-full\" alt=\"\" srcset=\"https:\/\/agora.xtec.cat\/ins-nauticabcn\/wp-content\/uploads\/usu313\/2019\/02\/Foto-2.jpg 1024w, https:\/\/agora.xtec.cat\/ins-nauticabcn\/wp-content\/uploads\/usu313\/2019\/02\/Foto-2-300x225.jpg 300w, https:\/\/agora.xtec.cat\/ins-nauticabcn\/wp-content\/uploads\/usu313\/2019\/02\/Foto-2-768x576.jpg 768w, https:\/\/agora.xtec.cat\/ins-nauticabcn\/wp-content\/uploads\/usu313\/2019\/02\/Foto-2-200x150.jpg 200w\" sizes=\"auto, (max-width: 1024px) 100vw, 1024px\" \/><\/a>\n\t\t\t<\/dt><\/dl><br style=\"clear: both\" \/><dl class='gallery-item'>\n\t\t\t<dt class='gallery-icon landscape'>\n\t\t\t\t<a href='https:\/\/agora.xtec.cat\/ins-nauticabcn\/one_ocean_3\/'><img loading=\"lazy\" decoding=\"async\" width=\"1024\" height=\"768\" src=\"https:\/\/agora.xtec.cat\/ins-nauticabcn\/wp-content\/uploads\/usu313\/2018\/05\/One_ocean_3.jpeg\" class=\"attachment-full size-full\" alt=\"\" srcset=\"https:\/\/agora.xtec.cat\/ins-nauticabcn\/wp-content\/uploads\/usu313\/2018\/05\/One_ocean_3.jpeg 1024w, https:\/\/agora.xtec.cat\/ins-nauticabcn\/wp-content\/uploads\/usu313\/2018\/05\/One_ocean_3-300x225.jpeg 300w, https:\/\/agora.xtec.cat\/ins-nauticabcn\/wp-content\/uploads\/usu313\/2018\/05\/One_ocean_3-768x576.jpeg 768w, https:\/\/agora.xtec.cat\/ins-nauticabcn\/wp-content\/uploads\/usu313\/2018\/05\/One_ocean_3-200x150.jpeg 200w\" sizes=\"auto, (max-width: 1024px) 100vw, 1024px\" \/><\/a>\n\t\t\t<\/dt><\/dl><dl class='gallery-item'>\n\t\t\t<dt class='gallery-icon landscape'>\n\t\t\t\t<a href='https:\/\/agora.xtec.cat\/ins-nauticabcn\/dav-35\/'><img loading=\"lazy\" decoding=\"async\" width=\"3198\" height=\"2398\" src=\"https:\/\/agora.xtec.cat\/ins-nauticabcn\/wp-content\/uploads\/usu313\/2019\/04\/9.jpg\" class=\"attachment-full size-full\" alt=\"\" srcset=\"https:\/\/agora.xtec.cat\/ins-nauticabcn\/wp-content\/uploads\/usu313\/2019\/04\/9.jpg 3198w, https:\/\/agora.xtec.cat\/ins-nauticabcn\/wp-content\/uploads\/usu313\/2019\/04\/9-300x225.jpg 300w, https:\/\/agora.xtec.cat\/ins-nauticabcn\/wp-content\/uploads\/usu313\/2019\/04\/9-768x576.jpg 768w, https:\/\/agora.xtec.cat\/ins-nauticabcn\/wp-content\/uploads\/usu313\/2019\/04\/9-1024x768.jpg 1024w, https:\/\/agora.xtec.cat\/ins-nauticabcn\/wp-content\/uploads\/usu313\/2019\/04\/9-200x150.jpg 200w\" sizes=\"auto, (max-width: 3198px) 100vw, 3198px\" \/><\/a>\n\t\t\t<\/dt><\/dl><dl class='gallery-item'>\n\t\t\t<dt class='gallery-icon landscape'>\n\t\t\t\t<a href='https:\/\/agora.xtec.cat\/ins-nauticabcn\/20171030_155452\/'><img loading=\"lazy\" decoding=\"async\" width=\"3264\" height=\"1836\" src=\"https:\/\/agora.xtec.cat\/ins-nauticabcn\/wp-content\/uploads\/usu313\/2017\/11\/20171030_155452.jpg\" class=\"attachment-full size-full\" alt=\"\" srcset=\"https:\/\/agora.xtec.cat\/ins-nauticabcn\/wp-content\/uploads\/usu313\/2017\/11\/20171030_155452.jpg 3264w, https:\/\/agora.xtec.cat\/ins-nauticabcn\/wp-content\/uploads\/usu313\/2017\/11\/20171030_155452-300x169.jpg 300w, https:\/\/agora.xtec.cat\/ins-nauticabcn\/wp-content\/uploads\/usu313\/2017\/11\/20171030_155452-768x432.jpg 768w, https:\/\/agora.xtec.cat\/ins-nauticabcn\/wp-content\/uploads\/usu313\/2017\/11\/20171030_155452-1024x576.jpg 1024w\" sizes=\"auto, (max-width: 3264px) 100vw, 3264px\" \/><\/a>\n\t\t\t<\/dt><\/dl><br style=\"clear: both\" \/><dl class='gallery-item'>\n\t\t\t<dt class='gallery-icon landscape'>\n\t\t\t\t<a href='https:\/\/agora.xtec.cat\/ins-nauticabcn\/foto4viladomat\/'><img loading=\"lazy\" decoding=\"async\" width=\"1600\" height=\"1200\" src=\"https:\/\/agora.xtec.cat\/ins-nauticabcn\/wp-content\/uploads\/usu313\/2018\/02\/foto4viladomat.jpg\" class=\"attachment-full size-full\" alt=\"\" srcset=\"https:\/\/agora.xtec.cat\/ins-nauticabcn\/wp-content\/uploads\/usu313\/2018\/02\/foto4viladomat.jpg 1600w, https:\/\/agora.xtec.cat\/ins-nauticabcn\/wp-content\/uploads\/usu313\/2018\/02\/foto4viladomat-300x225.jpg 300w, https:\/\/agora.xtec.cat\/ins-nauticabcn\/wp-content\/uploads\/usu313\/2018\/02\/foto4viladomat-768x576.jpg 768w, https:\/\/agora.xtec.cat\/ins-nauticabcn\/wp-content\/uploads\/usu313\/2018\/02\/foto4viladomat-1024x768.jpg 1024w, https:\/\/agora.xtec.cat\/ins-nauticabcn\/wp-content\/uploads\/usu313\/2018\/02\/foto4viladomat-200x150.jpg 200w\" sizes=\"auto, (max-width: 1600px) 100vw, 1600px\" \/><\/a>\n\t\t\t<\/dt><\/dl><dl class='gallery-item'>\n\t\t\t<dt class='gallery-icon landscape'>\n\t\t\t\t<a href='https:\/\/agora.xtec.cat\/ins-nauticabcn\/portada\/bateig-del-llagut-catala-construit-de-forma-conjunta-entre-lalumnat-de-lins-de-nauitca-de-bcn-i-el-reial-club-maritim-de-bcn\/attachment\/foto1_bateigl_llagut\/'><img loading=\"lazy\" decoding=\"async\" width=\"1600\" height=\"584\" src=\"https:\/\/agora.xtec.cat\/ins-nauticabcn\/wp-content\/uploads\/usu313\/2017\/12\/Foto1_Bateigl_llagut.jpg\" class=\"attachment-full size-full\" alt=\"\" srcset=\"https:\/\/agora.xtec.cat\/ins-nauticabcn\/wp-content\/uploads\/usu313\/2017\/12\/Foto1_Bateigl_llagut.jpg 1600w, https:\/\/agora.xtec.cat\/ins-nauticabcn\/wp-content\/uploads\/usu313\/2017\/12\/Foto1_Bateigl_llagut-300x110.jpg 300w, https:\/\/agora.xtec.cat\/ins-nauticabcn\/wp-content\/uploads\/usu313\/2017\/12\/Foto1_Bateigl_llagut-768x280.jpg 768w, https:\/\/agora.xtec.cat\/ins-nauticabcn\/wp-content\/uploads\/usu313\/2017\/12\/Foto1_Bateigl_llagut-1024x374.jpg 1024w\" sizes=\"auto, (max-width: 1600px) 100vw, 1600px\" \/><\/a>\n\t\t\t<\/dt><\/dl><dl class='gallery-item'>\n\t\t\t<dt class='gallery-icon landscape'>\n\t\t\t\t<a href='https:\/\/agora.xtec.cat\/ins-nauticabcn\/general\/preparem-un-vaixell-per-a-una-regata-transoceanica-minitransat-2019\/attachment\/img_5710-1\/'><img loading=\"lazy\" decoding=\"async\" width=\"1024\" height=\"768\" src=\"https:\/\/agora.xtec.cat\/ins-nauticabcn\/wp-content\/uploads\/usu313\/2019\/03\/IMG_5710-1.jpg\" class=\"attachment-full size-full\" alt=\"\" srcset=\"https:\/\/agora.xtec.cat\/ins-nauticabcn\/wp-content\/uploads\/usu313\/2019\/03\/IMG_5710-1.jpg 1024w, https:\/\/agora.xtec.cat\/ins-nauticabcn\/wp-content\/uploads\/usu313\/2019\/03\/IMG_5710-1-300x225.jpg 300w, https:\/\/agora.xtec.cat\/ins-nauticabcn\/wp-content\/uploads\/usu313\/2019\/03\/IMG_5710-1-768x576.jpg 768w, https:\/\/agora.xtec.cat\/ins-nauticabcn\/wp-content\/uploads\/usu313\/2019\/03\/IMG_5710-1-200x150.jpg 200w\" sizes=\"auto, (max-width: 1024px) 100vw, 1024px\" \/><\/a>\n\t\t\t<\/dt><\/dl><br style=\"clear: both\" \/>\n\t\t<\/div>\n\n","protected":false},"excerpt":{"rendered":"<p>Anem preparant motors per al curs 2019-20, i els propers 24 i 25 d\u2019abril farem les jornades de Portes Obertes, on esteu convidats alumnes i fam\u00edlies per a con\u00e8ixer de primera m\u00e0 qu\u00ed som i qu\u00e8 us podem oferir: estudis, horaris, modalitats, espais i instal\u00b7lacions,&hellip;  <a href=\"https:\/\/agora.xtec.cat\/ins-nauticabcn\/portada\/portes-obertes-2019-2020\/\" title=\"Read Portes obertes 2019-2020\">Llegeix m\u00e9s\u00bb<\/a><\/p>\n","protected":false},"author":1,"featured_media":3027,"comment_status":"closed","ping_status":"closed","sticky":false,"template":"","format":"standard","meta":{"_bbp_topic_count":0,"_bbp_reply_count":0,"_bbp_total_topic_count":0,"_bbp_total_reply_count":0,"_bbp_voice_count":0,"_bbp_anonymous_reply_count":0,"_bbp_topic_count_hidden":0,"_bbp_reply_count_hidden":0,"_bbp_forum_subforum_count":0,"footnotes":""},"categories":[29],"tags":[],"class_list":["post-3024","post","type-post","status-publish","format-standard","has-post-thumbnail","hentry","category-portada"],"post_mailing_queue_ids":[],"_links":{"self":[{"href":"https:\/\/agora.xtec.cat\/ins-nauticabcn\/wp-json\/wp\/v2\/posts\/3024","targetHints":{"allow":["GET"]}}],"collection":[{"href":"https:\/\/agora.xtec.cat\/ins-nauticabcn\/wp-json\/wp\/v2\/posts"}],"about":[{"href":"https:\/\/agora.xtec.cat\/ins-nauticabcn\/wp-json\/wp\/v2\/types\/post"}],"author":[{"embeddable":true,"href":"https:\/\/agora.xtec.cat\/ins-nauticabcn\/wp-json\/wp\/v2\/users\/1"}],"replies":[{"embeddable":true,"href":"https:\/\/agora.xtec.cat\/ins-nauticabcn\/wp-json\/wp\/v2\/comments?post=3024"}],"version-history":[{"count":4,"href":"https:\/\/agora.xtec.cat\/ins-nauticabcn\/wp-json\/wp\/v2\/posts\/3024\/revisions"}],"predecessor-version":[{"id":3143,"href":"https:\/\/agora.xtec.cat\/ins-nauticabcn\/wp-json\/wp\/v2\/posts\/3024\/revisions\/3143"}],"wp:featuredmedia":[{"embeddable":true,"href":"https:\/\/agora.xtec.cat\/ins-nauticabcn\/wp-json\/wp\/v2\/media\/3027"}],"wp:attachment":[{"href":"https:\/\/agora.xtec.cat\/ins-nauticabcn\/wp-json\/wp\/v2\/media?parent=3024"}],"wp:term":[{"taxonomy":"category","embeddable":true,"href":"https:\/\/agora.xtec.cat\/ins-nauticabcn\/wp-json\/wp\/v2\/categories?post=3024"},{"taxonomy":"post_tag","embeddable":true,"href":"https:\/\/agora.xtec.cat\/ins-nauticabcn\/wp-json\/wp\/v2\/tags?post=3024"}],"curies":[{"name":"wp","href":"https:\/\/api.w.org\/{rel}","templated":true}]}}