{"id":2935,"date":"2019-03-07T22:13:57","date_gmt":"2019-03-07T21:13:57","guid":{"rendered":"http:\/\/agora.xtec.cat\/ins-nauticabcn\/?p=2935"},"modified":"2019-03-08T12:17:10","modified_gmt":"2019-03-08T11:17:10","slug":"vaga-feminista","status":"publish","type":"post","link":"https:\/\/agora.xtec.cat\/ins-nauticabcn\/general\/vaga-feminista\/","title":{"rendered":"Vaga Feminista"},"content":{"rendered":"<p>Des de l&#8217;Institut de N\u00e0utica de Barcelona, donem tot el nostre suport a la vaga feninista convocada aquest 8 de mar\u00e7, per promoure una altra forma d\u2019entendre i organitzar la vida, l\u2019economia i les relacions, i lluitar contra les desigualtats i precarietats de g\u00e8nere que encara prevalen en la nostra societat.<\/p>\n<p>Us deixem amb la reivinicaci\u00f3 que fan les nostres companyes de la Facultat de N\u00e0utica de Barcelona,<\/p>\n<p>&nbsp;<\/p>\n<ul>\n<li dir=\"auto\"><em>Mural: Egressades de l&#8217;FNB des de l&#8217;any 80<\/em><\/li>\n<\/ul>\n<div dir=\"auto\"><em>L\u2019any 1960 hi havia una disposici\u00f3 legal que impedia a les dones ingressar a les Forces Armades, impediment que s\u2019estenia tamb\u00e9 a les escoles de Marina Civil. Aquesta disposici\u00f3 no es va derogar fins l\u2019any 80, despr\u00e9s de l\u2019arribada de la Constituci\u00f3 del 78, que establia la igualtat davant la llei d\u2019homes i dones, sense discriminaci\u00f3 de sexe. \u00c9s per aquest motiu que fins el curs 1979-1980, les dones no es van poder matricular per primera vegada en estudis n\u00e0utics de la Marina Civil a Espanya i no \u00e9s fins l\u2019any 1984 que a l\u2019FNB hi ha la primera titulada. Des de llavors m\u00e9s de tres-centes estudiants han passat per la nostra escola.<\/em><\/div>\n<div dir=\"auto\"><\/div>\n<ul>\n<li dir=\"auto\"><em>Cartells: informem amb xifres reals sobre temes d&#8217;igualtat. Penjada de cartells amb dades informatives sobre q\u00fcestions de desigualtat de g\u00e8nere.<\/em><\/li>\n<li dir=\"auto\"><em>Encintem de lila l&#8217;entrada de l&#8217;escola<\/em><\/li>\n<li dir=\"auto\"><em>Repartim lla\u00e7os i pulseres liles<\/em><\/li>\n<li dir=\"auto\"><em>Venir durant aquesta jornada amb una pe\u00e7a de roba de color lila<\/em><\/li>\n<\/ul>\n<p>&nbsp;<\/p>\n<table style=\"border-collapse: collapse; width: 100%;\" border=\"1\">\n<tbody>\n<tr>\n<td style=\"width: 50%;\"><img loading=\"lazy\" decoding=\"async\" class=\"alignleft size-large wp-image-2940\" src=\"https:\/\/agora.xtec.cat\/ins-nauticabcn\/wp-content\/uploads\/usu313\/2019\/03\/fnb-1024x768.jpg\" alt=\"\" width=\"1024\" height=\"768\" srcset=\"https:\/\/agora.xtec.cat\/ins-nauticabcn\/wp-content\/uploads\/usu313\/2019\/03\/fnb-1024x768.jpg 1024w, https:\/\/agora.xtec.cat\/ins-nauticabcn\/wp-content\/uploads\/usu313\/2019\/03\/fnb-300x225.jpg 300w, https:\/\/agora.xtec.cat\/ins-nauticabcn\/wp-content\/uploads\/usu313\/2019\/03\/fnb-768x576.jpg 768w, https:\/\/agora.xtec.cat\/ins-nauticabcn\/wp-content\/uploads\/usu313\/2019\/03\/fnb-200x150.jpg 200w, https:\/\/agora.xtec.cat\/ins-nauticabcn\/wp-content\/uploads\/usu313\/2019\/03\/fnb.jpg 1599w\" sizes=\"auto, (max-width: 1024px) 100vw, 1024px\" \/><\/td>\n<td style=\"width: 50%;\"><img loading=\"lazy\" decoding=\"async\" class=\"alignleft size-large wp-image-2941\" src=\"https:\/\/agora.xtec.cat\/ins-nauticabcn\/wp-content\/uploads\/usu313\/2019\/03\/fnb2-1024x768.jpg\" alt=\"\" width=\"1024\" height=\"768\" srcset=\"https:\/\/agora.xtec.cat\/ins-nauticabcn\/wp-content\/uploads\/usu313\/2019\/03\/fnb2-1024x768.jpg 1024w, https:\/\/agora.xtec.cat\/ins-nauticabcn\/wp-content\/uploads\/usu313\/2019\/03\/fnb2-300x225.jpg 300w, https:\/\/agora.xtec.cat\/ins-nauticabcn\/wp-content\/uploads\/usu313\/2019\/03\/fnb2-768x576.jpg 768w, https:\/\/agora.xtec.cat\/ins-nauticabcn\/wp-content\/uploads\/usu313\/2019\/03\/fnb2-200x150.jpg 200w, https:\/\/agora.xtec.cat\/ins-nauticabcn\/wp-content\/uploads\/usu313\/2019\/03\/fnb2.jpg 1599w\" sizes=\"auto, (max-width: 1024px) 100vw, 1024px\" \/><\/td>\n<\/tr>\n<\/tbody>\n<\/table>\n<p>&nbsp;<\/p>\n<p><a href=\"https:\/\/www.vagafeminista.cat\/\">https:\/\/www.vagafeminista.cat\/<\/a><\/p>\n<p><a href=\"https:\/\/www.ara.cat\/opinio\/natza-farre-ens-veiem-al-carrer_0_2187981373.html\">https:\/\/www.ara.cat\/opinio\/natza-farre-ens-veiem-al-carrer_0_2187981373.html<\/a><\/p>\n<p>&nbsp;<\/p>\n","protected":false},"excerpt":{"rendered":"<p>Des de l&#8217;Institut de N\u00e0utica de Barcelona, donem tot el nostre suport a la vaga feninista convocada aquest 8 de mar\u00e7, per promoure una altra forma d\u2019entendre i organitzar la vida, l\u2019economia i les relacions, i lluitar contra les desigualtats i precarietats de g\u00e8nere que&hellip;  <a href=\"https:\/\/agora.xtec.cat\/ins-nauticabcn\/general\/vaga-feminista\/\" title=\"Read Vaga Feminista\">Llegeix m\u00e9s\u00bb<\/a><\/p>\n","protected":false},"author":1,"featured_media":2936,"comment_status":"closed","ping_status":"closed","sticky":false,"template":"","format":"standard","meta":{"_bbp_topic_count":0,"_bbp_reply_count":0,"_bbp_total_topic_count":0,"_bbp_total_reply_count":0,"_bbp_voice_count":0,"_bbp_anonymous_reply_count":0,"_bbp_topic_count_hidden":0,"_bbp_reply_count_hidden":0,"_bbp_forum_subforum_count":0,"footnotes":""},"categories":[1,29],"tags":[],"class_list":["post-2935","post","type-post","status-publish","format-standard","has-post-thumbnail","hentry","category-general","category-portada"],"post_mailing_queue_ids":[],"_links":{"self":[{"href":"https:\/\/agora.xtec.cat\/ins-nauticabcn\/wp-json\/wp\/v2\/posts\/2935","targetHints":{"allow":["GET"]}}],"collection":[{"href":"https:\/\/agora.xtec.cat\/ins-nauticabcn\/wp-json\/wp\/v2\/posts"}],"about":[{"href":"https:\/\/agora.xtec.cat\/ins-nauticabcn\/wp-json\/wp\/v2\/types\/post"}],"author":[{"embeddable":true,"href":"https:\/\/agora.xtec.cat\/ins-nauticabcn\/wp-json\/wp\/v2\/users\/1"}],"replies":[{"embeddable":true,"href":"https:\/\/agora.xtec.cat\/ins-nauticabcn\/wp-json\/wp\/v2\/comments?post=2935"}],"version-history":[{"count":3,"href":"https:\/\/agora.xtec.cat\/ins-nauticabcn\/wp-json\/wp\/v2\/posts\/2935\/revisions"}],"predecessor-version":[{"id":2939,"href":"https:\/\/agora.xtec.cat\/ins-nauticabcn\/wp-json\/wp\/v2\/posts\/2935\/revisions\/2939"}],"wp:featuredmedia":[{"embeddable":true,"href":"https:\/\/agora.xtec.cat\/ins-nauticabcn\/wp-json\/wp\/v2\/media\/2936"}],"wp:attachment":[{"href":"https:\/\/agora.xtec.cat\/ins-nauticabcn\/wp-json\/wp\/v2\/media?parent=2935"}],"wp:term":[{"taxonomy":"category","embeddable":true,"href":"https:\/\/agora.xtec.cat\/ins-nauticabcn\/wp-json\/wp\/v2\/categories?post=2935"},{"taxonomy":"post_tag","embeddable":true,"href":"https:\/\/agora.xtec.cat\/ins-nauticabcn\/wp-json\/wp\/v2\/tags?post=2935"}],"curies":[{"name":"wp","href":"https:\/\/api.w.org\/{rel}","templated":true}]}}