{"id":2864,"date":"2019-02-08T11:57:29","date_gmt":"2019-02-08T10:57:29","guid":{"rendered":"http:\/\/agora.xtec.cat\/ins-nauticabcn\/?p=2864"},"modified":"2019-02-15T06:02:40","modified_gmt":"2019-02-15T05:02:40","slug":"4a-setmana-blava-de-linb","status":"publish","type":"post","link":"https:\/\/agora.xtec.cat\/ins-nauticabcn\/general\/4a-setmana-blava-de-linb\/","title":{"rendered":"4a Setmana Blava de l&#8217;INB"},"content":{"rendered":"<p>Ja tenim aqu\u00ed la 4a Setmana Blava!<\/p>\n<p>Anualment, des de l\u2019Institut de N\u00e0utica de Barcelona organitzem la Setmana Blava, on durant uns dies, deixem de fer les activitats acad\u00e8miques convencionals, i organitzem un seguit de confer\u00e8ncies, visites, col\u00b7loquis, sortides amb vaixell i activitats diverses relacionades amb el mon de la n\u00e0utica i el mar, adre\u00e7ades principalment als nostres alumnes, per a que tinguin l\u2019oportunitat de copsar de primera m\u00e0 el sector professional al quan estan dedicant els seus esfor\u00e7os.<\/p>\n<p>Aquest any, despr\u00e9s de l&#8217;\u00e8xit de l&#8217;any passat, <strong>tornem a obrir\u00a0algunes de les activitats<\/strong>\u00a0que organitzem\u00a0<strong>a la ciutadania en general<\/strong>\u00a0i al sector n\u00e0utic en particular, aix\u00ed que\u00a0<strong>sou tot@s benvinguts\/des<\/strong>!<\/p>\n<p>Aix\u00ed que us volem anunciar que la setmana del 18 al 22 de febrer, tindr\u00e0 lloc la 4a Setmana Blava de l\u2019INB.<\/p>\n<p>Us hi esperem!<\/p>\n<p><a href=\"https:\/\/agora.xtec.cat\/ins-nauticabcn\/wp-content\/uploads\/usu313\/2019\/02\/Programa-ACTIVITATS-OBERTES-Def.pdf\">Cartell de les activitats obertes a la ciutadania<\/a><\/p>\n<p><img loading=\"lazy\" decoding=\"async\" class=\"alignleft size-full wp-image-2879\" src=\"https:\/\/agora.xtec.cat\/ins-nauticabcn\/wp-content\/uploads\/usu313\/2019\/02\/Screen-Shot-02-15-19-at-05.56-AM.png\" alt=\"\" width=\"821\" height=\"901\" srcset=\"https:\/\/agora.xtec.cat\/ins-nauticabcn\/wp-content\/uploads\/usu313\/2019\/02\/Screen-Shot-02-15-19-at-05.56-AM.png 821w, https:\/\/agora.xtec.cat\/ins-nauticabcn\/wp-content\/uploads\/usu313\/2019\/02\/Screen-Shot-02-15-19-at-05.56-AM-273x300.png 273w, https:\/\/agora.xtec.cat\/ins-nauticabcn\/wp-content\/uploads\/usu313\/2019\/02\/Screen-Shot-02-15-19-at-05.56-AM-768x843.png 768w\" sizes=\"auto, (max-width: 821px) 100vw, 821px\" \/><\/p>\n<p>&nbsp;<\/p>\n<p>&nbsp;<\/p>\n<p>&nbsp;<\/p>\n<p>&nbsp;<\/p>\n<p>&nbsp;<\/p>\n<p>&nbsp;<\/p>\n<p>&nbsp;<\/p>\n<p>&nbsp;<\/p>\n<p>&nbsp;<\/p>\n<p>&nbsp;<\/p>\n<p>&nbsp;<\/p>\n<p>&nbsp;<\/p>\n<p>&nbsp;<\/p>\n<p>&nbsp;<\/p>\n<p>&nbsp;<\/p>\n<p>&nbsp;<\/p>\n<p>&nbsp;<\/p>\n<p>&nbsp;<\/p>\n<p>&nbsp;<\/p>\n<p>&nbsp;<\/p>\n<p>&nbsp;<\/p>\n<p>&nbsp;<\/p>\n<p><img loading=\"lazy\" decoding=\"async\" class=\"alignleft size-full wp-image-2880\" src=\"https:\/\/agora.xtec.cat\/ins-nauticabcn\/wp-content\/uploads\/usu313\/2019\/02\/Screen-Shot-02-15-19-at-05.56-AM-001.png\" alt=\"\" width=\"791\" height=\"311\" srcset=\"https:\/\/agora.xtec.cat\/ins-nauticabcn\/wp-content\/uploads\/usu313\/2019\/02\/Screen-Shot-02-15-19-at-05.56-AM-001.png 791w, https:\/\/agora.xtec.cat\/ins-nauticabcn\/wp-content\/uploads\/usu313\/2019\/02\/Screen-Shot-02-15-19-at-05.56-AM-001-300x118.png 300w, https:\/\/agora.xtec.cat\/ins-nauticabcn\/wp-content\/uploads\/usu313\/2019\/02\/Screen-Shot-02-15-19-at-05.56-AM-001-768x302.png 768w\" sizes=\"auto, (max-width: 791px) 100vw, 791px\" \/><\/p>\n<p>&nbsp;<\/p>\n<p>&nbsp;<\/p>\n<p>&nbsp;<\/p>\n","protected":false},"excerpt":{"rendered":"<p>Ja tenim aqu\u00ed la 4a Setmana Blava!<\/p>\n<p>Anualment, des de l\u2019Institut de N\u00e0utica de Barcelona organitzem la Setmana Blava, on durant uns dies, deixem de fer les activitats acad\u00e8miques convencionals, i organitzem un seguit de confer\u00e8ncies, visites, col\u00b7loquis, sortides amb vaixell i activitats diverses relacionades amb el mon de la n\u00e0utica i el mar&hellip;  <a href=\"https:\/\/agora.xtec.cat\/ins-nauticabcn\/general\/4a-setmana-blava-de-linb\/\" title=\"Read 4a Setmana Blava de l&#8217;INB\">Llegeix m\u00e9s\u00bb<\/a><\/p>\n","protected":false},"author":1,"featured_media":2862,"comment_status":"closed","ping_status":"closed","sticky":false,"template":"","format":"standard","meta":{"_bbp_topic_count":0,"_bbp_reply_count":0,"_bbp_total_topic_count":0,"_bbp_total_reply_count":0,"_bbp_voice_count":0,"_bbp_anonymous_reply_count":0,"_bbp_topic_count_hidden":0,"_bbp_reply_count_hidden":0,"_bbp_forum_subforum_count":0,"footnotes":""},"categories":[1,29,109],"tags":[],"class_list":["post-2864","post","type-post","status-publish","format-standard","has-post-thumbnail","hentry","category-general","category-portada","category-setmana-blava"],"post_mailing_queue_ids":[],"_links":{"self":[{"href":"https:\/\/agora.xtec.cat\/ins-nauticabcn\/wp-json\/wp\/v2\/posts\/2864","targetHints":{"allow":["GET"]}}],"collection":[{"href":"https:\/\/agora.xtec.cat\/ins-nauticabcn\/wp-json\/wp\/v2\/posts"}],"about":[{"href":"https:\/\/agora.xtec.cat\/ins-nauticabcn\/wp-json\/wp\/v2\/types\/post"}],"author":[{"embeddable":true,"href":"https:\/\/agora.xtec.cat\/ins-nauticabcn\/wp-json\/wp\/v2\/users\/1"}],"replies":[{"embeddable":true,"href":"https:\/\/agora.xtec.cat\/ins-nauticabcn\/wp-json\/wp\/v2\/comments?post=2864"}],"version-history":[{"count":3,"href":"https:\/\/agora.xtec.cat\/ins-nauticabcn\/wp-json\/wp\/v2\/posts\/2864\/revisions"}],"predecessor-version":[{"id":2882,"href":"https:\/\/agora.xtec.cat\/ins-nauticabcn\/wp-json\/wp\/v2\/posts\/2864\/revisions\/2882"}],"wp:featuredmedia":[{"embeddable":true,"href":"https:\/\/agora.xtec.cat\/ins-nauticabcn\/wp-json\/wp\/v2\/media\/2862"}],"wp:attachment":[{"href":"https:\/\/agora.xtec.cat\/ins-nauticabcn\/wp-json\/wp\/v2\/media?parent=2864"}],"wp:term":[{"taxonomy":"category","embeddable":true,"href":"https:\/\/agora.xtec.cat\/ins-nauticabcn\/wp-json\/wp\/v2\/categories?post=2864"},{"taxonomy":"post_tag","embeddable":true,"href":"https:\/\/agora.xtec.cat\/ins-nauticabcn\/wp-json\/wp\/v2\/tags?post=2864"}],"curies":[{"name":"wp","href":"https:\/\/api.w.org\/{rel}","templated":true}]}}