{"id":2761,"date":"2018-11-16T12:33:14","date_gmt":"2018-11-16T11:33:14","guid":{"rendered":"http:\/\/agora.xtec.cat\/ins-nauticabcn\/?p=2761"},"modified":"2018-12-05T10:23:55","modified_gmt":"2018-12-05T09:23:55","slug":"nou-periode-de-matricula-cicles-esportius","status":"publish","type":"post","link":"https:\/\/agora.xtec.cat\/ins-nauticabcn\/general\/nou-periode-de-matricula-cicles-esportius\/","title":{"rendered":"Nou per\u00edode de matr\u00edcula Cicles Esportius!"},"content":{"rendered":"<p><strong>Hem obert un nou per\u00edode de preinscripci\u00f3 i matr\u00edcula dels cursos seg\u00fcents:<\/strong><\/p>\n<p><span style=\"color: #ff9900;\"><strong>Grau Mitj\u00e0 SALVAMENT I SOCORRISME\u00a0(CICLE FINAL)<\/strong><\/span><\/p>\n<p>Per a l\u2019alumnat que ja t\u00e9 el Cicle Inicial, en format semipresencial.<\/p>\n<p>M\u00e9s informaci\u00f3 a:<a href=\"http:\/\/agora.xtec.cat\/ins-nauticabcn\/secretaria\/preinscripcio-i-matricula\/\"> Preinscripci\u00f3 i matr\u00edcula<\/a><\/p>\n<p>&nbsp;<\/p>\n<p><strong><span style=\"color: #ff9900;\">Grau Mitj\u00e0 CICLE INICIAL obert a tot els esports (Vela, Busseig, Salvament i Socorrisme i per l&#8217;alumnat d&#8217; AAFE)<\/span><br \/>\n<\/strong><\/p>\n<p>Per a l\u2019alumnat que tingui els requisits, o que l\u2019obtinguin en la propera convocat\u00f2ria de la <a href=\"http:\/\/ensenyament.gencat.cat\/ca\/serveis-tramits\/proves\/proves-acces\/espec-esportius\/\">prova d\u2019acc\u00e9s.<\/a><\/p>\n<p>M\u00e9s informaci\u00f3 a:<a href=\"http:\/\/agora.xtec.cat\/ins-nauticabcn\/secretaria\/preinscripcio-i-matricula\/\"> Preinscripci\u00f3 i matr\u00edcula<\/a><\/p>\n<p>&nbsp;<\/p>\n<p><strong><span style=\"color: #ff9900;\">BLOC COM\u00da (CICLE FINAL) INTENSIU! Obert a tot els esports (Vela, Busseig, Salvament i Socorrisme&#8230;)<\/span><br \/>\n<\/strong><\/p>\n<p>V\u00e0lid per a a totes les modalitats esportives, i en format intensiu i semipresencial<\/p>\n<p>M\u00e9s informaci\u00f3 a:<a href=\"http:\/\/agora.xtec.cat\/ins-nauticabcn\/secretaria\/preinscripcio-i-matricula\/\"> Preinscripci\u00f3 i matr\u00edcula<\/a><\/p>\n<p>&nbsp;<\/p>\n<p><img loading=\"lazy\" decoding=\"async\" class=\"size-large wp-image-2762 aligncenter\" src=\"https:\/\/agora.xtec.cat\/ins-nauticabcn\/wp-content\/uploads\/usu313\/2018\/11\/103-1024x683.jpg\" alt=\"\" width=\"1024\" height=\"683\" srcset=\"https:\/\/agora.xtec.cat\/ins-nauticabcn\/wp-content\/uploads\/usu313\/2018\/11\/103.jpg 1024w, https:\/\/agora.xtec.cat\/ins-nauticabcn\/wp-content\/uploads\/usu313\/2018\/11\/103-300x200.jpg 300w, https:\/\/agora.xtec.cat\/ins-nauticabcn\/wp-content\/uploads\/usu313\/2018\/11\/103-768x512.jpg 768w\" sizes=\"auto, (max-width: 1024px) 100vw, 1024px\" \/><\/p>\n<p>&nbsp;<\/p>\n<p>&nbsp;<\/p>\n<p>&nbsp;<\/p>\n","protected":false},"excerpt":{"rendered":"<p>Hem obert un nou per\u00edode de preinscripci\u00f3 i matr\u00edcula dels cursos seg\u00fcents:<br \/>\nGrau Mitj\u00e0 SALVAMENT I SOCORRISME (CICLE FINAL)<br \/>\nGrau Mitj\u00e0 CICLE INICIAL obert a tot els esports (Vela, Busseig, Salvament i Socorrisme i per l&#8217;alumnat d&#8217; AAFE)<br \/>\nBLOC COM\u00da (CICLE FINAL) INTENSIU! (Vela, Busseig, Salvament i Socorrisme)&hellip;  <a href=\"https:\/\/agora.xtec.cat\/ins-nauticabcn\/general\/nou-periode-de-matricula-cicles-esportius\/\" title=\"Read Nou per\u00edode de matr\u00edcula Cicles Esportius!\">Llegeix m\u00e9s\u00bb<\/a><\/p>\n","protected":false},"author":1,"featured_media":2762,"comment_status":"closed","ping_status":"closed","sticky":false,"template":"","format":"standard","meta":{"_bbp_topic_count":0,"_bbp_reply_count":0,"_bbp_total_topic_count":0,"_bbp_total_reply_count":0,"_bbp_voice_count":0,"_bbp_anonymous_reply_count":0,"_bbp_topic_count_hidden":0,"_bbp_reply_count_hidden":0,"_bbp_forum_subforum_count":0,"footnotes":""},"categories":[96,94,1,29,101],"tags":[],"class_list":["post-2761","post","type-post","status-publish","format-standard","has-post-thumbnail","hentry","category-ensenyaments-esportius","category-esports","category-general","category-portada","category-secretaria"],"post_mailing_queue_ids":[],"_links":{"self":[{"href":"https:\/\/agora.xtec.cat\/ins-nauticabcn\/wp-json\/wp\/v2\/posts\/2761","targetHints":{"allow":["GET"]}}],"collection":[{"href":"https:\/\/agora.xtec.cat\/ins-nauticabcn\/wp-json\/wp\/v2\/posts"}],"about":[{"href":"https:\/\/agora.xtec.cat\/ins-nauticabcn\/wp-json\/wp\/v2\/types\/post"}],"author":[{"embeddable":true,"href":"https:\/\/agora.xtec.cat\/ins-nauticabcn\/wp-json\/wp\/v2\/users\/1"}],"replies":[{"embeddable":true,"href":"https:\/\/agora.xtec.cat\/ins-nauticabcn\/wp-json\/wp\/v2\/comments?post=2761"}],"version-history":[{"count":3,"href":"https:\/\/agora.xtec.cat\/ins-nauticabcn\/wp-json\/wp\/v2\/posts\/2761\/revisions"}],"predecessor-version":[{"id":2768,"href":"https:\/\/agora.xtec.cat\/ins-nauticabcn\/wp-json\/wp\/v2\/posts\/2761\/revisions\/2768"}],"wp:featuredmedia":[{"embeddable":true,"href":"https:\/\/agora.xtec.cat\/ins-nauticabcn\/wp-json\/wp\/v2\/media\/2762"}],"wp:attachment":[{"href":"https:\/\/agora.xtec.cat\/ins-nauticabcn\/wp-json\/wp\/v2\/media?parent=2761"}],"wp:term":[{"taxonomy":"category","embeddable":true,"href":"https:\/\/agora.xtec.cat\/ins-nauticabcn\/wp-json\/wp\/v2\/categories?post=2761"},{"taxonomy":"post_tag","embeddable":true,"href":"https:\/\/agora.xtec.cat\/ins-nauticabcn\/wp-json\/wp\/v2\/tags?post=2761"}],"curies":[{"name":"wp","href":"https:\/\/api.w.org\/{rel}","templated":true}]}}