{"id":2717,"date":"2018-11-05T20:27:59","date_gmt":"2018-11-05T19:27:59","guid":{"rendered":"http:\/\/agora.xtec.cat\/ins-nauticabcn\/?p=2717"},"modified":"2018-11-22T14:30:26","modified_gmt":"2018-11-22T13:30:26","slug":"bateig-de-vela-al-cmv-centre-municipal-de-vela","status":"publish","type":"post","link":"https:\/\/agora.xtec.cat\/ins-nauticabcn\/general\/bateig-de-vela-al-cmv-centre-municipal-de-vela\/","title":{"rendered":"Bateig de Vela al CMV (Centre Municipal de Vela)"},"content":{"rendered":"<p>L\u2019alumnat de l&#8217;Institut de N\u00e0utica de Barcelona, format per la fam\u00edlia d&#8217;esports i la fam\u00edlia de vaixells, ha realitzat un bateig de vela al CMV (Centre municipal de Vela de Barcelona).<\/p>\n<p>Aquesta activitat es realitza amb l\u2019objectiu de con\u00e8ixer de m\u00e9s a prop aquest esport relacionat amb el mon n\u00e0utic, i tamb\u00e9 serveix per desenvolupar els vincles entre l\u2019alumnat, i treballar la cohesi\u00f3 de grup en un entorn tan privilegiat com \u00e9s la costa barcelonina.<\/p>\n<p>Des de l&#8217;Institut de N\u00e0utica de Barcelona volem agra\u00efr al CMV la seva predisposici\u00f3 a realitzar l&#8217;activitat, i esperem mantenir la col\u00b7laboraci\u00f3 amb aquest i d&#8217;altres projectes futurs.<\/p>\n\n\t\t<style type=\"text\/css\">\n\t\t\t#gallery-1 {\n\t\t\t\tmargin: auto;\n\t\t\t}\n\t\t\t#gallery-1 .gallery-item {\n\t\t\t\tfloat: left;\n\t\t\t\tmargin-top: 10px;\n\t\t\t\ttext-align: center;\n\t\t\t\twidth: 25%;\n\t\t\t}\n\t\t\t#gallery-1 img {\n\t\t\t\tborder: 2px solid #cfcfcf;\n\t\t\t}\n\t\t\t#gallery-1 .gallery-caption {\n\t\t\t\tmargin-left: 0;\n\t\t\t}\n\t\t\t\/* see gallery_shortcode() in wp-includes\/media.php *\/\n\t\t<\/style>\n\t\t<div id='gallery-1' class='gallery galleryid-2717 gallery-columns-4 gallery-size-full'><dl class='gallery-item'>\n\t\t\t<dt class='gallery-icon portrait'>\n\t\t\t\t<a href='https:\/\/agora.xtec.cat\/ins-nauticabcn\/foto3-4\/'><img loading=\"lazy\" decoding=\"async\" width=\"830\" height=\"1011\" src=\"https:\/\/agora.xtec.cat\/ins-nauticabcn\/wp-content\/uploads\/usu313\/2018\/11\/foto3.jpeg\" class=\"attachment-full size-full\" alt=\"\" srcset=\"https:\/\/agora.xtec.cat\/ins-nauticabcn\/wp-content\/uploads\/usu313\/2018\/11\/foto3.jpeg 830w, https:\/\/agora.xtec.cat\/ins-nauticabcn\/wp-content\/uploads\/usu313\/2018\/11\/foto3-246x300.jpeg 246w, https:\/\/agora.xtec.cat\/ins-nauticabcn\/wp-content\/uploads\/usu313\/2018\/11\/foto3-768x935.jpeg 768w\" sizes=\"auto, (max-width: 830px) 100vw, 830px\" \/><\/a>\n\t\t\t<\/dt><\/dl><dl class='gallery-item'>\n\t\t\t<dt class='gallery-icon landscape'>\n\t\t\t\t<a href='https:\/\/agora.xtec.cat\/ins-nauticabcn\/foto1-vela\/'><img loading=\"lazy\" decoding=\"async\" width=\"1600\" height=\"1093\" src=\"https:\/\/agora.xtec.cat\/ins-nauticabcn\/wp-content\/uploads\/usu313\/2018\/11\/foto1-VELA.jpeg\" class=\"attachment-full size-full\" alt=\"\" srcset=\"https:\/\/agora.xtec.cat\/ins-nauticabcn\/wp-content\/uploads\/usu313\/2018\/11\/foto1-VELA.jpeg 1600w, https:\/\/agora.xtec.cat\/ins-nauticabcn\/wp-content\/uploads\/usu313\/2018\/11\/foto1-VELA-300x205.jpeg 300w, https:\/\/agora.xtec.cat\/ins-nauticabcn\/wp-content\/uploads\/usu313\/2018\/11\/foto1-VELA-768x525.jpeg 768w, https:\/\/agora.xtec.cat\/ins-nauticabcn\/wp-content\/uploads\/usu313\/2018\/11\/foto1-VELA-1024x700.jpeg 1024w\" sizes=\"auto, (max-width: 1600px) 100vw, 1600px\" \/><\/a>\n\t\t\t<\/dt><\/dl><dl class='gallery-item'>\n\t\t\t<dt class='gallery-icon landscape'>\n\t\t\t\t<a href='https:\/\/agora.xtec.cat\/ins-nauticabcn\/foto-bateig-vela-4-2\/'><img loading=\"lazy\" decoding=\"async\" width=\"1119\" height=\"747\" src=\"https:\/\/agora.xtec.cat\/ins-nauticabcn\/wp-content\/uploads\/usu313\/2018\/11\/Foto-bateig-vela-4-1.jpg\" class=\"attachment-full size-full\" alt=\"\" srcset=\"https:\/\/agora.xtec.cat\/ins-nauticabcn\/wp-content\/uploads\/usu313\/2018\/11\/Foto-bateig-vela-4-1.jpg 1119w, https:\/\/agora.xtec.cat\/ins-nauticabcn\/wp-content\/uploads\/usu313\/2018\/11\/Foto-bateig-vela-4-1-300x200.jpg 300w, https:\/\/agora.xtec.cat\/ins-nauticabcn\/wp-content\/uploads\/usu313\/2018\/11\/Foto-bateig-vela-4-1-768x513.jpg 768w, https:\/\/agora.xtec.cat\/ins-nauticabcn\/wp-content\/uploads\/usu313\/2018\/11\/Foto-bateig-vela-4-1-1024x684.jpg 1024w\" sizes=\"auto, (max-width: 1119px) 100vw, 1119px\" \/><\/a>\n\t\t\t<\/dt><\/dl><dl class='gallery-item'>\n\t\t\t<dt class='gallery-icon landscape'>\n\t\t\t\t<a href='https:\/\/agora.xtec.cat\/ins-nauticabcn\/general\/bateig-de-vela-al-cmv-centre-municipal-de-vela\/attachment\/foto-bateig-vela-3\/'><img loading=\"lazy\" decoding=\"async\" width=\"4607\" height=\"3072\" src=\"https:\/\/agora.xtec.cat\/ins-nauticabcn\/wp-content\/uploads\/usu313\/2018\/11\/Foto-bateig-vela-3.jpg\" class=\"attachment-full size-full\" alt=\"\" srcset=\"https:\/\/agora.xtec.cat\/ins-nauticabcn\/wp-content\/uploads\/usu313\/2018\/11\/Foto-bateig-vela-3.jpg 4607w, https:\/\/agora.xtec.cat\/ins-nauticabcn\/wp-content\/uploads\/usu313\/2018\/11\/Foto-bateig-vela-3-300x200.jpg 300w, https:\/\/agora.xtec.cat\/ins-nauticabcn\/wp-content\/uploads\/usu313\/2018\/11\/Foto-bateig-vela-3-768x512.jpg 768w, https:\/\/agora.xtec.cat\/ins-nauticabcn\/wp-content\/uploads\/usu313\/2018\/11\/Foto-bateig-vela-3-1024x683.jpg 1024w\" sizes=\"auto, (max-width: 4607px) 100vw, 4607px\" \/><\/a>\n\t\t\t<\/dt><\/dl><br style=\"clear: both\" \/><dl class='gallery-item'>\n\t\t\t<dt class='gallery-icon landscape'>\n\t\t\t\t<a href='https:\/\/agora.xtec.cat\/ins-nauticabcn\/foto-bateig-vela-2\/'><img loading=\"lazy\" decoding=\"async\" width=\"4607\" height=\"3072\" src=\"https:\/\/agora.xtec.cat\/ins-nauticabcn\/wp-content\/uploads\/usu313\/2018\/11\/Foto-bateig-vela-2.jpg\" class=\"attachment-full size-full\" alt=\"\" srcset=\"https:\/\/agora.xtec.cat\/ins-nauticabcn\/wp-content\/uploads\/usu313\/2018\/11\/Foto-bateig-vela-2.jpg 4607w, https:\/\/agora.xtec.cat\/ins-nauticabcn\/wp-content\/uploads\/usu313\/2018\/11\/Foto-bateig-vela-2-300x200.jpg 300w, https:\/\/agora.xtec.cat\/ins-nauticabcn\/wp-content\/uploads\/usu313\/2018\/11\/Foto-bateig-vela-2-768x512.jpg 768w, https:\/\/agora.xtec.cat\/ins-nauticabcn\/wp-content\/uploads\/usu313\/2018\/11\/Foto-bateig-vela-2-1024x683.jpg 1024w\" sizes=\"auto, (max-width: 4607px) 100vw, 4607px\" \/><\/a>\n\t\t\t<\/dt><\/dl><dl class='gallery-item'>\n\t\t\t<dt class='gallery-icon landscape'>\n\t\t\t\t<a href='https:\/\/agora.xtec.cat\/ins-nauticabcn\/foto-bateig-vela-4\/'><img loading=\"lazy\" decoding=\"async\" width=\"1328\" height=\"747\" src=\"https:\/\/agora.xtec.cat\/ins-nauticabcn\/wp-content\/uploads\/usu313\/2018\/11\/Foto-bateig-vela-4.jpg\" class=\"attachment-full size-full\" alt=\"\" srcset=\"https:\/\/agora.xtec.cat\/ins-nauticabcn\/wp-content\/uploads\/usu313\/2018\/11\/Foto-bateig-vela-4.jpg 1328w, https:\/\/agora.xtec.cat\/ins-nauticabcn\/wp-content\/uploads\/usu313\/2018\/11\/Foto-bateig-vela-4-300x169.jpg 300w, https:\/\/agora.xtec.cat\/ins-nauticabcn\/wp-content\/uploads\/usu313\/2018\/11\/Foto-bateig-vela-4-768x432.jpg 768w, https:\/\/agora.xtec.cat\/ins-nauticabcn\/wp-content\/uploads\/usu313\/2018\/11\/Foto-bateig-vela-4-1024x576.jpg 1024w\" sizes=\"auto, (max-width: 1328px) 100vw, 1328px\" \/><\/a>\n\t\t\t<\/dt><\/dl><dl class='gallery-item'>\n\t\t\t<dt class='gallery-icon landscape'>\n\t\t\t\t<a href='https:\/\/agora.xtec.cat\/ins-nauticabcn\/foto-bateig-vela-5\/'><img loading=\"lazy\" decoding=\"async\" width=\"1328\" height=\"747\" src=\"https:\/\/agora.xtec.cat\/ins-nauticabcn\/wp-content\/uploads\/usu313\/2018\/11\/Foto-bateig-vela-5.jpg\" class=\"attachment-full size-full\" alt=\"\" srcset=\"https:\/\/agora.xtec.cat\/ins-nauticabcn\/wp-content\/uploads\/usu313\/2018\/11\/Foto-bateig-vela-5.jpg 1328w, https:\/\/agora.xtec.cat\/ins-nauticabcn\/wp-content\/uploads\/usu313\/2018\/11\/Foto-bateig-vela-5-300x169.jpg 300w, https:\/\/agora.xtec.cat\/ins-nauticabcn\/wp-content\/uploads\/usu313\/2018\/11\/Foto-bateig-vela-5-768x432.jpg 768w, https:\/\/agora.xtec.cat\/ins-nauticabcn\/wp-content\/uploads\/usu313\/2018\/11\/Foto-bateig-vela-5-1024x576.jpg 1024w\" sizes=\"auto, (max-width: 1328px) 100vw, 1328px\" \/><\/a>\n\t\t\t<\/dt><\/dl><dl class='gallery-item'>\n\t\t\t<dt class='gallery-icon landscape'>\n\t\t\t\t<a href='https:\/\/agora.xtec.cat\/ins-nauticabcn\/foto-bateig-vela-7\/'><img loading=\"lazy\" decoding=\"async\" width=\"1600\" height=\"1200\" src=\"https:\/\/agora.xtec.cat\/ins-nauticabcn\/wp-content\/uploads\/usu313\/2018\/11\/Foto-bateig-vela-7.jpg\" class=\"attachment-full size-full\" alt=\"\" srcset=\"https:\/\/agora.xtec.cat\/ins-nauticabcn\/wp-content\/uploads\/usu313\/2018\/11\/Foto-bateig-vela-7.jpg 1600w, https:\/\/agora.xtec.cat\/ins-nauticabcn\/wp-content\/uploads\/usu313\/2018\/11\/Foto-bateig-vela-7-300x225.jpg 300w, https:\/\/agora.xtec.cat\/ins-nauticabcn\/wp-content\/uploads\/usu313\/2018\/11\/Foto-bateig-vela-7-768x576.jpg 768w, https:\/\/agora.xtec.cat\/ins-nauticabcn\/wp-content\/uploads\/usu313\/2018\/11\/Foto-bateig-vela-7-1024x768.jpg 1024w, https:\/\/agora.xtec.cat\/ins-nauticabcn\/wp-content\/uploads\/usu313\/2018\/11\/Foto-bateig-vela-7-200x150.jpg 200w\" sizes=\"auto, (max-width: 1600px) 100vw, 1600px\" \/><\/a>\n\t\t\t<\/dt><\/dl><br style=\"clear: both\" \/><dl class='gallery-item'>\n\t\t\t<dt class='gallery-icon landscape'>\n\t\t\t\t<a href='https:\/\/agora.xtec.cat\/ins-nauticabcn\/foto-bateig-vela-1\/'><img loading=\"lazy\" decoding=\"async\" width=\"4608\" height=\"3126\" src=\"https:\/\/agora.xtec.cat\/ins-nauticabcn\/wp-content\/uploads\/usu313\/2018\/11\/Foto-bateig-vela-1.jpg\" class=\"attachment-full size-full\" alt=\"\" srcset=\"https:\/\/agora.xtec.cat\/ins-nauticabcn\/wp-content\/uploads\/usu313\/2018\/11\/Foto-bateig-vela-1.jpg 4608w, https:\/\/agora.xtec.cat\/ins-nauticabcn\/wp-content\/uploads\/usu313\/2018\/11\/Foto-bateig-vela-1-300x204.jpg 300w, https:\/\/agora.xtec.cat\/ins-nauticabcn\/wp-content\/uploads\/usu313\/2018\/11\/Foto-bateig-vela-1-768x521.jpg 768w, https:\/\/agora.xtec.cat\/ins-nauticabcn\/wp-content\/uploads\/usu313\/2018\/11\/Foto-bateig-vela-1-1024x695.jpg 1024w\" sizes=\"auto, (max-width: 4608px) 100vw, 4608px\" \/><\/a>\n\t\t\t<\/dt><\/dl><dl class='gallery-item'>\n\t\t\t<dt class='gallery-icon portrait'>\n\t\t\t\t<a href='https:\/\/agora.xtec.cat\/ins-nauticabcn\/foto-bateig-vela-6\/'><img loading=\"lazy\" decoding=\"async\" width=\"1200\" height=\"1600\" src=\"https:\/\/agora.xtec.cat\/ins-nauticabcn\/wp-content\/uploads\/usu313\/2018\/11\/Foto-bateig-vela-6.jpg\" class=\"attachment-full size-full\" alt=\"\" srcset=\"https:\/\/agora.xtec.cat\/ins-nauticabcn\/wp-content\/uploads\/usu313\/2018\/11\/Foto-bateig-vela-6.jpg 1200w, https:\/\/agora.xtec.cat\/ins-nauticabcn\/wp-content\/uploads\/usu313\/2018\/11\/Foto-bateig-vela-6-225x300.jpg 225w, https:\/\/agora.xtec.cat\/ins-nauticabcn\/wp-content\/uploads\/usu313\/2018\/11\/Foto-bateig-vela-6-768x1024.jpg 768w\" sizes=\"auto, (max-width: 1200px) 100vw, 1200px\" \/><\/a>\n\t\t\t<\/dt><\/dl>\n\t\t\t<br style='clear: both' \/>\n\t\t<\/div>\n\n<p>&nbsp;<\/p>\n","protected":false},"excerpt":{"rendered":"<p>L\u2019alumnat de l&#8217;Institut de N\u00e0utica de Barcelona, format per la fam\u00edlia d&#8217;esports i la fam\u00edlia de vaixells, ha realitzat un bateig de vela al CMV (Centre municipal de Vela de Barcelona).&hellip;  <a href=\"https:\/\/agora.xtec.cat\/ins-nauticabcn\/general\/bateig-de-vela-al-cmv-centre-municipal-de-vela\/\" title=\"Read Bateig de Vela al CMV (Centre Municipal de Vela)\">Llegeix m\u00e9s\u00bb<\/a><\/p>\n","protected":false},"author":1,"featured_media":2713,"comment_status":"closed","ping_status":"closed","sticky":false,"template":"","format":"standard","meta":{"_bbp_topic_count":0,"_bbp_reply_count":0,"_bbp_total_topic_count":0,"_bbp_total_reply_count":0,"_bbp_voice_count":0,"_bbp_anonymous_reply_count":0,"_bbp_topic_count_hidden":0,"_bbp_reply_count_hidden":0,"_bbp_forum_subforum_count":0,"footnotes":""},"categories":[94,1,95,29,108],"tags":[],"class_list":["post-2717","post","type-post","status-publish","format-standard","has-post-thumbnail","hentry","category-esports","category-general","category-manteniment-de-vaixells","category-portada","category-sortides"],"post_mailing_queue_ids":[],"_links":{"self":[{"href":"https:\/\/agora.xtec.cat\/ins-nauticabcn\/wp-json\/wp\/v2\/posts\/2717","targetHints":{"allow":["GET"]}}],"collection":[{"href":"https:\/\/agora.xtec.cat\/ins-nauticabcn\/wp-json\/wp\/v2\/posts"}],"about":[{"href":"https:\/\/agora.xtec.cat\/ins-nauticabcn\/wp-json\/wp\/v2\/types\/post"}],"author":[{"embeddable":true,"href":"https:\/\/agora.xtec.cat\/ins-nauticabcn\/wp-json\/wp\/v2\/users\/1"}],"replies":[{"embeddable":true,"href":"https:\/\/agora.xtec.cat\/ins-nauticabcn\/wp-json\/wp\/v2\/comments?post=2717"}],"version-history":[{"count":3,"href":"https:\/\/agora.xtec.cat\/ins-nauticabcn\/wp-json\/wp\/v2\/posts\/2717\/revisions"}],"predecessor-version":[{"id":2737,"href":"https:\/\/agora.xtec.cat\/ins-nauticabcn\/wp-json\/wp\/v2\/posts\/2717\/revisions\/2737"}],"wp:featuredmedia":[{"embeddable":true,"href":"https:\/\/agora.xtec.cat\/ins-nauticabcn\/wp-json\/wp\/v2\/media\/2713"}],"wp:attachment":[{"href":"https:\/\/agora.xtec.cat\/ins-nauticabcn\/wp-json\/wp\/v2\/media?parent=2717"}],"wp:term":[{"taxonomy":"category","embeddable":true,"href":"https:\/\/agora.xtec.cat\/ins-nauticabcn\/wp-json\/wp\/v2\/categories?post=2717"},{"taxonomy":"post_tag","embeddable":true,"href":"https:\/\/agora.xtec.cat\/ins-nauticabcn\/wp-json\/wp\/v2\/tags?post=2717"}],"curies":[{"name":"wp","href":"https:\/\/api.w.org\/{rel}","templated":true}]}}