{"id":2613,"date":"2022-07-25T09:00:57","date_gmt":"2022-07-25T07:00:57","guid":{"rendered":"http:\/\/agora.xtec.cat\/ins-nauticabcn\/?p=2613"},"modified":"2022-09-01T10:06:08","modified_gmt":"2022-09-01T08:06:08","slug":"instruccions-inici-de-curs-2018-2019","status":"publish","type":"post","link":"https:\/\/agora.xtec.cat\/ins-nauticabcn\/general\/instruccions-inici-de-curs-2018-2019\/","title":{"rendered":"Instruccions inici de curs 2022-2023"},"content":{"rendered":"<p><img loading=\"lazy\" decoding=\"async\" class=\" wp-image-2614 aligncenter\" src=\"http:\/\/agora.xtec.cat\/ins-nauticabcn\/wp-content\/uploads\/usu313\/2018\/07\/Captura-instruccions-inici-de-curs.jpg\" alt=\"\" width=\"410\" height=\"266\" srcset=\"https:\/\/agora.xtec.cat\/ins-nauticabcn\/wp-content\/uploads\/usu313\/2018\/07\/Captura-instruccions-inici-de-curs.jpg 810w, https:\/\/agora.xtec.cat\/ins-nauticabcn\/wp-content\/uploads\/usu313\/2018\/07\/Captura-instruccions-inici-de-curs-300x195.jpg 300w, https:\/\/agora.xtec.cat\/ins-nauticabcn\/wp-content\/uploads\/usu313\/2018\/07\/Captura-instruccions-inici-de-curs-768x499.jpg 768w\" sizes=\"auto, (max-width: 410px) 100vw, 410px\" \/><\/p>\n<h4><span style=\"color: #ff6600;\"><strong>Presentaci\u00f3\/reuni\u00f3 inicial a l\u2019alumnat<\/strong><\/span><\/h4>\n<p>El primer dia del curs 22\/23, \u00e9s el dia de benvinguda i de presentaci\u00f3 del centre, de l\u2019estudi i del professorat.\u00a0 <strong>\u00c9s molt important que tot l\u2019alumnat assisteixi en la data i horari que trobareu a continuaci\u00f3.<\/strong><\/p>\n<p>Aquest primer dia de curs es fa:<\/p>\n<ul>\n<li>1\u00aa part: presentaci\u00f3 general a c\u00e0rrec de l\u2019equip directiu: presentaci\u00f3 de l\u2019institut i del curs i de l\u2019organitzaci\u00f3 general del centre.<\/li>\n<li>2\u00aa part: presentaci\u00f3 espec\u00edfica del cicle i del grup a c\u00e0rrec de tutors\/es i professorat. En aquesta presentaci\u00f3, cada grup a la seva aula de refer\u00e8ncia, s\u2019expliquen aspectes generals del CF, m\u00f2duls i unitats Formatives, distribuci\u00f3 al llarg del curs, criteris d\u2019avaluaci\u00f3, convalidacions, organitzaci\u00f3 dels primers dies de curs&#8230;<\/li>\n<\/ul>\n<p>&nbsp;<\/p>\n<p><strong>Les dates i horaris d\u2019aquesta presentaci\u00f3 inicial s\u00f3n&#8230;<\/strong><\/p>\n<p><span style=\"color: #ff6600;\"><strong>Dimecres, 7 de setembre de 2022 <\/strong><\/span><\/p>\n<p><span style=\"color: #ff6600;\"><strong>A l\u2019edifici Seu de L\u2019INB (carrer de l\u2019Escar 6-8, edifici Consorci El Far)<\/strong><\/span><\/p>\n<p><strong>A les 10 h &#8211; Lloc: auditori Seu (2n pis)<\/strong><\/p>\n<ul>\n<li>1r curs de CFGM Manteniment de vaixells (Torn de mat\u00ed)<\/li>\n<li>1r curs de CFGS d&#8217;Ensenyament i animaci\u00f3 socioesportiva orientat a platja<\/li>\n<li>PFI Auxiliar de Manteniment d\u2019embarcacions esportives i d\u2019esbarjo<\/li>\n<\/ul>\n<p><strong>\u00a0A les 12:30h <\/strong><\/p>\n<ul>\n<li>2n curs de CFGM Manteniment de vaixells (Torn de mat\u00ed) &#8211; Lloc Aula S110<\/li>\n<li>2n curs de CFGS d\u2019Ensenyament i animaci\u00f3 socioesportiva a Platja &#8211; Lloc Aula S112<\/li>\n<\/ul>\n<p><strong>A les 16h &#8211; Lloc: auditori Seu (2n pis)<\/strong><\/p>\n<ul>\n<li>1r curs de CFGM Manteniment de vaixells (Torn de tarda)<\/li>\n<li>1r curs de CFGS Sistemes el\u00e8ctrics i de navegaci\u00f3<\/li>\n<\/ul>\n<p><strong>\u00a0A les 18:00h<\/strong><\/p>\n<ul>\n<li>2n curs de Manteniment de vaixells (Torn de tarda) &#8211; Lloc Aula S209<\/li>\n<li>2n curs de CFGS Sistemes el\u00e8ctrics i de navegaci\u00f3 &#8211; Lloc Aula S212<\/li>\n<\/ul>\n<p><strong>&#8212;&#8212;&#8212;&#8212;&#8212;&#8212;&#8212;&#8212;&#8212;&#8212;&#8212;&#8212;&#8212;&#8212;&#8212;&#8212;&#8212;&#8212;&#8212;&#8212;&#8212;&#8212;&#8212;&#8212;&#8212;&#8212;&#8212;&#8212;&#8212;&#8212;&#8212;&#8212;&#8212;&#8212;&#8212;<\/strong><\/p>\n<p><span style=\"color: #ff6600;\"><strong>Dilluns, 12 de setembre de 2022 <\/strong><\/span><\/p>\n<p><span style=\"color: #ff6600;\"><strong>A l\u2019edifici seu (carrer de l\u2019Escar 6-8, edifici Consorci El Far)<\/strong><\/span><\/p>\n<p><strong>Presentaci\u00f3 i inici de classes.<\/strong><\/p>\n<p><strong>A les 8:00h<\/strong><\/p>\n<ul>\n<li>\u00a0Cicle Inicial CFGM Salvament i Socorrisme<\/li>\n<\/ul>\n<p><em>(El llistat d\u2019alumnat amb la distribuci\u00f3 dels grups el trobareu a l&#8217;entrada de les aules)<\/em><\/p>\n<p><strong>&#8212;&#8212;&#8212;&#8212;&#8212;&#8212;&#8212;&#8212;&#8212;&#8212;&#8212;&#8212;&#8212;&#8212;&#8212;&#8212;&#8212;&#8212;&#8212;&#8212;&#8212;&#8212;&#8212;&#8212;&#8212;&#8212;&#8212;&#8212;&#8212;&#8212;&#8212;&#8212;&#8212;&#8212;&#8212;<\/strong><\/p>\n<p><span style=\"color: #ff6600;\"><strong>Dilluns, 3 d&#8217;octubre de 2022 <\/strong><\/span><\/p>\n<p><span style=\"color: #ff6600;\"><strong>A l\u2019<\/strong><strong>edifici seu (carrer de l\u2019Escar 6-8, edifici Consorci El Far)<\/strong><\/span><\/p>\n<p><strong>Presentaci\u00f3 i inici de classes.<\/strong><\/p>\n<p><strong>A les 8:00h<\/strong><\/p>\n<ul>\n<li>Cicle Inicial CFGM Salvament i Socorrisme &#8211; Lloc Aula 211 <em>(per l&#8217;alumnat que fa la prova espec\u00edfica al setembre\/octubre)<\/em><\/li>\n<li>Batxillerat Esportiu Cicle Inicial CFGM Salvament i Socorrisme &#8211; Lloc Aula 212<\/li>\n<li>Batxillerat Esportiu Cicle Inicial CFGM Vela &#8211; Lloc Aula 212<\/li>\n<li>CFGS Salvament i Socorrisme &#8211; Lloc Aula 209<\/li>\n<\/ul>\n<p><strong>A les 15:00h<\/strong><\/p>\n<ul>\n<li>Cicle Inicial CFGM Vela &#8211; Lloc Aula 209<\/li>\n<li>Cicle Inicial CFGM Busseig &#8211; Lloc Aula 211<\/li>\n<li>Cicle Inicial CFGM Pirag\u00fcisme &#8211; Lloc Aula 211<\/li>\n<\/ul>\n<p><em>(El llistat d\u2019alumnat amb la distribuci\u00f3 dels grups el trobareu a l&#8217;entrada de les aules)<\/em><\/p>\n<h4><\/h4>\n<h4><\/h4>\n<p>&nbsp;<\/p>\n<p>&nbsp;<\/p>\n<p>&nbsp;<\/p>\n<h4><\/h4>\n<h4><\/h4>\n<h4><span style=\"color: #ff6600;\"><strong>Presentaci\u00f3\/reuni\u00f3 de fam\u00edlies amb tutors\/es<\/strong><\/span><\/h4>\n<p>Es desenvolupar\u00e0 una reuni\u00f3 de l\u2019equip directiu i els tutors o tutores de grup, amb les fam\u00edlies de l\u2019alumnat de primer curs de grau mitj\u00e0 (FP i Ens. Esportius) i de PFI, menor d\u2019edat, per donar informaci\u00f3 del funcionament del curs, dates d\u2019avaluaci\u00f3, lliurament de notes,\u2026<\/p>\n<p><strong>Aquesta reuni\u00f3 tindr\u00e0 lloc a finals d\u2019octubre, principis de novembre.\u00a0 Rebreu la convocat\u00f2ria a trav\u00e9s del vostre fill\/a i tamb\u00e9 disposareu de tota la informaci\u00f3 a la web.\u00a0 <\/strong><\/p>\n<p>Els tutors\/es tenen una hora setmanal de visita, en la qual poden rebre al pare\/mare amb una cita pr\u00e8via.<\/p>\n<p>&nbsp;<\/p>\n","protected":false},"excerpt":{"rendered":"<p>Presentaci\u00f3\/reuni\u00f3 inicial a l\u2019alumnat<br \/>\nEl primer dia del curs 22\/23, \u00e9s el dia de benvinguda i de presentaci\u00f3 del centre, de l\u2019estudi i del professorat.\u00a0 \u00c9s molt important que tot l\u2019alumnat assisteixi en la data i horari que trobareu a continuaci\u00f3.<br \/>\nAquest primer dia de curs es&hellip;  <a href=\"https:\/\/agora.xtec.cat\/ins-nauticabcn\/general\/instruccions-inici-de-curs-2018-2019\/\" title=\"Read Instruccions inici de curs 2022-2023\">Llegeix m\u00e9s\u00bb<\/a><\/p>\n","protected":false},"author":1,"featured_media":2615,"comment_status":"closed","ping_status":"closed","sticky":false,"template":"","format":"standard","meta":{"_bbp_topic_count":0,"_bbp_reply_count":0,"_bbp_total_topic_count":0,"_bbp_total_reply_count":0,"_bbp_voice_count":0,"_bbp_anonymous_reply_count":0,"_bbp_topic_count_hidden":0,"_bbp_reply_count_hidden":0,"_bbp_forum_subforum_count":0,"footnotes":""},"categories":[1,29,101],"tags":[],"class_list":["post-2613","post","type-post","status-publish","format-standard","has-post-thumbnail","hentry","category-general","category-portada","category-secretaria"],"post_mailing_queue_ids":[],"_links":{"self":[{"href":"https:\/\/agora.xtec.cat\/ins-nauticabcn\/wp-json\/wp\/v2\/posts\/2613","targetHints":{"allow":["GET"]}}],"collection":[{"href":"https:\/\/agora.xtec.cat\/ins-nauticabcn\/wp-json\/wp\/v2\/posts"}],"about":[{"href":"https:\/\/agora.xtec.cat\/ins-nauticabcn\/wp-json\/wp\/v2\/types\/post"}],"author":[{"embeddable":true,"href":"https:\/\/agora.xtec.cat\/ins-nauticabcn\/wp-json\/wp\/v2\/users\/1"}],"replies":[{"embeddable":true,"href":"https:\/\/agora.xtec.cat\/ins-nauticabcn\/wp-json\/wp\/v2\/comments?post=2613"}],"version-history":[{"count":3,"href":"https:\/\/agora.xtec.cat\/ins-nauticabcn\/wp-json\/wp\/v2\/posts\/2613\/revisions"}],"predecessor-version":[{"id":6284,"href":"https:\/\/agora.xtec.cat\/ins-nauticabcn\/wp-json\/wp\/v2\/posts\/2613\/revisions\/6284"}],"wp:featuredmedia":[{"embeddable":true,"href":"https:\/\/agora.xtec.cat\/ins-nauticabcn\/wp-json\/wp\/v2\/media\/2615"}],"wp:attachment":[{"href":"https:\/\/agora.xtec.cat\/ins-nauticabcn\/wp-json\/wp\/v2\/media?parent=2613"}],"wp:term":[{"taxonomy":"category","embeddable":true,"href":"https:\/\/agora.xtec.cat\/ins-nauticabcn\/wp-json\/wp\/v2\/categories?post=2613"},{"taxonomy":"post_tag","embeddable":true,"href":"https:\/\/agora.xtec.cat\/ins-nauticabcn\/wp-json\/wp\/v2\/tags?post=2613"}],"curies":[{"name":"wp","href":"https:\/\/api.w.org\/{rel}","templated":true}]}}