{"id":2605,"date":"2018-07-17T12:54:15","date_gmt":"2018-07-17T10:54:15","guid":{"rendered":"http:\/\/agora.xtec.cat\/ins-nauticabcn\/?p=2605"},"modified":"2018-11-23T13:50:32","modified_gmt":"2018-11-23T12:50:32","slug":"projecte-erasmus-a-franca","status":"publish","type":"post","link":"https:\/\/agora.xtec.cat\/ins-nauticabcn\/general\/projecte-erasmus-a-franca\/","title":{"rendered":"Projecte Erasmus + a Fran\u00e7a"},"content":{"rendered":"<p>L\u2019alumne de 2n curs del cicle de Grau Mitj\u00e0 de Manteniment de Vaixells de l\u2019Institut de N\u00e0utica, Jean Michel Perrot, est\u00e0 finalitzant les seves pr\u00e0ctiques d\u2019empresa (FCT) a l\u2019estranger, gr\u00e0cies a la beca concedida dins del projecte Erasmus +.<\/p>\n<p>Concretament, les pr\u00e0ctiques sestant realitzant a l\u2019empresa Catana, ubicada a la localitat francesa Canet-en-Roussillon (Perpignan), la qual est\u00e0 especialitzada en el sector de la n\u00e0utica i del manteniment de vaixells.<\/p>\n<p>D\u2019aquesta manera, des de l\u2019Institut de N\u00e0utica de Barcelona, seguim apostant pel projecte Erasmus +, amb la intenci\u00f3 d\u2019augmentar el n\u00famero de beques pel proper curs en tots els estudis que s\u2019imparteixen en el centre.<\/p>\n\n\t\t<style type=\"text\/css\">\n\t\t\t#gallery-1 {\n\t\t\t\tmargin: auto;\n\t\t\t}\n\t\t\t#gallery-1 .gallery-item {\n\t\t\t\tfloat: left;\n\t\t\t\tmargin-top: 10px;\n\t\t\t\ttext-align: center;\n\t\t\t\twidth: 50%;\n\t\t\t}\n\t\t\t#gallery-1 img {\n\t\t\t\tborder: 2px solid #cfcfcf;\n\t\t\t}\n\t\t\t#gallery-1 .gallery-caption {\n\t\t\t\tmargin-left: 0;\n\t\t\t}\n\t\t\t\/* see gallery_shortcode() in wp-includes\/media.php *\/\n\t\t<\/style>\n\t\t<div id='gallery-1' class='gallery galleryid-2605 gallery-columns-2 gallery-size-full'><dl class='gallery-item'>\n\t\t\t<dt class='gallery-icon landscape'>\n\t\t\t\t<a href='https:\/\/agora.xtec.cat\/ins-nauticabcn\/foto-perpignan-2\/'><img loading=\"lazy\" decoding=\"async\" width=\"1393\" height=\"949\" src=\"https:\/\/agora.xtec.cat\/ins-nauticabcn\/wp-content\/uploads\/usu313\/2018\/07\/Foto-perpignan-2.jpg\" class=\"attachment-full size-full\" alt=\"\" srcset=\"https:\/\/agora.xtec.cat\/ins-nauticabcn\/wp-content\/uploads\/usu313\/2018\/07\/Foto-perpignan-2.jpg 1393w, https:\/\/agora.xtec.cat\/ins-nauticabcn\/wp-content\/uploads\/usu313\/2018\/07\/Foto-perpignan-2-300x204.jpg 300w, https:\/\/agora.xtec.cat\/ins-nauticabcn\/wp-content\/uploads\/usu313\/2018\/07\/Foto-perpignan-2-768x523.jpg 768w, https:\/\/agora.xtec.cat\/ins-nauticabcn\/wp-content\/uploads\/usu313\/2018\/07\/Foto-perpignan-2-1024x698.jpg 1024w\" sizes=\"auto, (max-width: 1393px) 100vw, 1393px\" \/><\/a>\n\t\t\t<\/dt><\/dl><dl class='gallery-item'>\n\t\t\t<dt class='gallery-icon landscape'>\n\t\t\t\t<a href='https:\/\/agora.xtec.cat\/ins-nauticabcn\/foto-perpigan-1\/'><img loading=\"lazy\" decoding=\"async\" width=\"2560\" height=\"1536\" src=\"https:\/\/agora.xtec.cat\/ins-nauticabcn\/wp-content\/uploads\/usu313\/2018\/07\/Foto-Perpigan-1.jpg\" class=\"attachment-full size-full\" alt=\"\" srcset=\"https:\/\/agora.xtec.cat\/ins-nauticabcn\/wp-content\/uploads\/usu313\/2018\/07\/Foto-Perpigan-1.jpg 2560w, https:\/\/agora.xtec.cat\/ins-nauticabcn\/wp-content\/uploads\/usu313\/2018\/07\/Foto-Perpigan-1-300x180.jpg 300w, https:\/\/agora.xtec.cat\/ins-nauticabcn\/wp-content\/uploads\/usu313\/2018\/07\/Foto-Perpigan-1-768x461.jpg 768w, https:\/\/agora.xtec.cat\/ins-nauticabcn\/wp-content\/uploads\/usu313\/2018\/07\/Foto-Perpigan-1-1024x614.jpg 1024w\" sizes=\"auto, (max-width: 2560px) 100vw, 2560px\" \/><\/a>\n\t\t\t<\/dt><\/dl><br style=\"clear: both\" \/>\n\t\t<\/div>\n\n","protected":false},"excerpt":{"rendered":"<p>L\u2019alumne de 2n curs del cicle de Grau Mitj\u00e0 de Manteniment de Vaixells de l\u2019Institut de N\u00e0utica, Jean Michel Parrot, est\u00e0 finalitzant les seves pr\u00e0ctiques d\u2019empresa (FCT) a l\u2019estranger, gr\u00e0cies a la beca concedida dins del projecte Erasmus +.&hellip;  <a href=\"https:\/\/agora.xtec.cat\/ins-nauticabcn\/general\/projecte-erasmus-a-franca\/\" title=\"Read Projecte Erasmus + a Fran\u00e7a\">Llegeix m\u00e9s\u00bb<\/a><\/p>\n","protected":false},"author":1,"featured_media":2603,"comment_status":"closed","ping_status":"closed","sticky":false,"template":"","format":"standard","meta":{"_bbp_topic_count":0,"_bbp_reply_count":0,"_bbp_total_topic_count":0,"_bbp_total_reply_count":0,"_bbp_voice_count":0,"_bbp_anonymous_reply_count":0,"_bbp_topic_count_hidden":0,"_bbp_reply_count_hidden":0,"_bbp_forum_subforum_count":0,"footnotes":""},"categories":[102,1,95,29],"tags":[],"class_list":["post-2605","post","type-post","status-publish","format-standard","has-post-thumbnail","hentry","category-erasmus","category-general","category-manteniment-de-vaixells","category-portada"],"post_mailing_queue_ids":[],"_links":{"self":[{"href":"https:\/\/agora.xtec.cat\/ins-nauticabcn\/wp-json\/wp\/v2\/posts\/2605","targetHints":{"allow":["GET"]}}],"collection":[{"href":"https:\/\/agora.xtec.cat\/ins-nauticabcn\/wp-json\/wp\/v2\/posts"}],"about":[{"href":"https:\/\/agora.xtec.cat\/ins-nauticabcn\/wp-json\/wp\/v2\/types\/post"}],"author":[{"embeddable":true,"href":"https:\/\/agora.xtec.cat\/ins-nauticabcn\/wp-json\/wp\/v2\/users\/1"}],"replies":[{"embeddable":true,"href":"https:\/\/agora.xtec.cat\/ins-nauticabcn\/wp-json\/wp\/v2\/comments?post=2605"}],"version-history":[{"count":3,"href":"https:\/\/agora.xtec.cat\/ins-nauticabcn\/wp-json\/wp\/v2\/posts\/2605\/revisions"}],"predecessor-version":[{"id":2621,"href":"https:\/\/agora.xtec.cat\/ins-nauticabcn\/wp-json\/wp\/v2\/posts\/2605\/revisions\/2621"}],"wp:featuredmedia":[{"embeddable":true,"href":"https:\/\/agora.xtec.cat\/ins-nauticabcn\/wp-json\/wp\/v2\/media\/2603"}],"wp:attachment":[{"href":"https:\/\/agora.xtec.cat\/ins-nauticabcn\/wp-json\/wp\/v2\/media?parent=2605"}],"wp:term":[{"taxonomy":"category","embeddable":true,"href":"https:\/\/agora.xtec.cat\/ins-nauticabcn\/wp-json\/wp\/v2\/categories?post=2605"},{"taxonomy":"post_tag","embeddable":true,"href":"https:\/\/agora.xtec.cat\/ins-nauticabcn\/wp-json\/wp\/v2\/tags?post=2605"}],"curies":[{"name":"wp","href":"https:\/\/api.w.org\/{rel}","templated":true}]}}