{"id":1841,"date":"2017-10-03T09:49:45","date_gmt":"2017-10-03T07:49:45","guid":{"rendered":"http:\/\/agora.xtec.cat\/ins-nauticabcn\/?p=1841"},"modified":"2017-10-03T09:49:45","modified_gmt":"2017-10-03T07:49:45","slug":"avui-3-doctubre-ens-adherim-a-laturada-general","status":"publish","type":"post","link":"https:\/\/agora.xtec.cat\/ins-nauticabcn\/general\/avui-3-doctubre-ens-adherim-a-laturada-general\/","title":{"rendered":"Avui 3 d&#8217;octubre, ens adherim a l&#8217;Aturada General"},"content":{"rendered":"<p>L\u2019Institut de N\u00e0utica de Barcelona s\u2019<strong>adhereix a la convocat\u00f2ria<\/strong> d\u2019ATURADA GENERAL d\u2019avui dia 3 d\u2019octubre<\/p>\n<p>La Taula per la Democr\u00e0cia, formada per agents socials, partits pol\u00edtics i entitats de la societat civil, ha convocat una ATURADA GENERAL de l\u2019economia catalana com a protesta i en resposta a l\u2019operatiu policial desplegat per l\u2019Estat el passat dia 1 d\u2019octubre per impossibilitar la celebraci\u00f3 del refer\u00e8ndum convocat.<\/p>\n<p>Informen a tota la comunitat educativa de l\u2019Institut de N\u00e0utica de Barcelona que la direcci\u00f3 ha decidit finalment afegir-se a la convocat\u00f2ria. Per tant, avui, 3 d\u2019octubre, l\u2019institut no far\u00e0 cap tipus d\u2019activitat acad\u00e8mica ni servei.<\/p>\n<p>Els serveis m\u00ednims que hav\u00edem organitzat no han estat necessaris<\/p>\n<p>Demanem disculpes al professorat, a les fam\u00edlies i a l\u2019alumnat per la precipitaci\u00f3 en la comunicaci\u00f3 per\u00f2 ha estat motivada per els excepcionals aconteixements d\u2019aquests dies i per els diversos comunicats que hem anat rebent del Consorci d\u2019educaci\u00f3 de Barcelona<\/p>\n<p>Atentament,<\/p>\n<p>Feliu L\u00f3pez<\/p>\n<p>Director<\/p>\n","protected":false},"excerpt":{"rendered":"<p>L\u2019Institut de N\u00e0utica de Barcelona s\u2019adhereix a la convocat\u00f2ria d\u2019ATURADA GENERAL d\u2019avui dia 3 d\u2019octubre<br \/>\nLa Taula per la Democr\u00e0cia, formada per agents socials, partits pol\u00edtics i entitats de la societat civil, ha convocat una ATURADA GENERAL de l\u2019economia catalana com a protesta i en resposta&hellip;  <a href=\"https:\/\/agora.xtec.cat\/ins-nauticabcn\/general\/avui-3-doctubre-ens-adherim-a-laturada-general\/\" title=\"Read Avui 3 d&#8217;octubre, ens adherim a l&#8217;Aturada General\">Llegeix m\u00e9s\u00bb<\/a><\/p>\n","protected":false},"author":1,"featured_media":0,"comment_status":"closed","ping_status":"closed","sticky":false,"template":"","format":"standard","meta":{"_bbp_topic_count":0,"_bbp_reply_count":0,"_bbp_total_topic_count":0,"_bbp_total_reply_count":0,"_bbp_voice_count":0,"_bbp_anonymous_reply_count":0,"_bbp_topic_count_hidden":0,"_bbp_reply_count_hidden":0,"_bbp_forum_subforum_count":0,"footnotes":""},"categories":[1,29],"tags":[],"class_list":["post-1841","post","type-post","status-publish","format-standard","hentry","category-general","category-portada"],"post_mailing_queue_ids":[],"_links":{"self":[{"href":"https:\/\/agora.xtec.cat\/ins-nauticabcn\/wp-json\/wp\/v2\/posts\/1841","targetHints":{"allow":["GET"]}}],"collection":[{"href":"https:\/\/agora.xtec.cat\/ins-nauticabcn\/wp-json\/wp\/v2\/posts"}],"about":[{"href":"https:\/\/agora.xtec.cat\/ins-nauticabcn\/wp-json\/wp\/v2\/types\/post"}],"author":[{"embeddable":true,"href":"https:\/\/agora.xtec.cat\/ins-nauticabcn\/wp-json\/wp\/v2\/users\/1"}],"replies":[{"embeddable":true,"href":"https:\/\/agora.xtec.cat\/ins-nauticabcn\/wp-json\/wp\/v2\/comments?post=1841"}],"version-history":[{"count":2,"href":"https:\/\/agora.xtec.cat\/ins-nauticabcn\/wp-json\/wp\/v2\/posts\/1841\/revisions"}],"predecessor-version":[{"id":1843,"href":"https:\/\/agora.xtec.cat\/ins-nauticabcn\/wp-json\/wp\/v2\/posts\/1841\/revisions\/1843"}],"wp:attachment":[{"href":"https:\/\/agora.xtec.cat\/ins-nauticabcn\/wp-json\/wp\/v2\/media?parent=1841"}],"wp:term":[{"taxonomy":"category","embeddable":true,"href":"https:\/\/agora.xtec.cat\/ins-nauticabcn\/wp-json\/wp\/v2\/categories?post=1841"},{"taxonomy":"post_tag","embeddable":true,"href":"https:\/\/agora.xtec.cat\/ins-nauticabcn\/wp-json\/wp\/v2\/tags?post=1841"}],"curies":[{"name":"wp","href":"https:\/\/api.w.org\/{rel}","templated":true}]}}