{"id":1836,"date":"2017-10-02T16:08:43","date_gmt":"2017-10-02T14:08:43","guid":{"rendered":"http:\/\/agora.xtec.cat\/ins-nauticabcn\/?p=1836"},"modified":"2017-10-02T16:08:43","modified_gmt":"2017-10-02T14:08:43","slug":"repercusions-de-l1-doctubre","status":"publish","type":"post","link":"https:\/\/agora.xtec.cat\/ins-nauticabcn\/general\/repercusions-de-l1-doctubre\/","title":{"rendered":"Repercusions de l&#8217;1 d&#8217;octubre"},"content":{"rendered":"<p>Despr\u00e9s dels greus incidents ocorreguts ahir dia 1 d\u2019octubre de 2017, manifestem el nostre rebuig a la viol\u00e8ncia exercida ahir per la gu\u00e0rdia civil i la policia nacional contra les ciutadanes i els ciutadans de Catalunya, aix\u00ed com a qualsevol forma de viol\u00e8ncia, com s\u2019estableix en el nostre projecte educatiu i en coher\u00e8ncia amb la transmissi\u00f3 de valors que fomentem al nostre centre .<\/p>\n<p>Dem\u00e0 dimarts 3 d\u2019octubre hi ha convocada una aturada general per a tot el pa\u00eds per la \u201cTaula per la democr\u00e0cia\u201d i altres entitats o organitzacions.<\/p>\n<p>Al nostre institut es preveu per a dem\u00e0 dimarts un seguiment important de la vaga per part de docents, PAS i alumnat. Tot i aix\u00f2, hem organitzat uns serveis m\u00ednims seguint les indicacions del Consorci d\u2019Educaci\u00f3 de Barcelona.<\/p>\n<p>Hi ha tamb\u00e9 convocades altres mobilitzacions durant els propers dies, que anirem seguint per a mirar de donar la resposta oportuna.<\/p>\n<p>Feliu L\u00f3pez, director de l\u2019Institut de N\u00e0utica de Barcelona<\/p>\n","protected":false},"excerpt":{"rendered":"<p>Despr\u00e9s dels greus incidents ocorreguts ahir dia 1 d\u2019octubre de 2017, manifestem el nostre rebuig a la viol\u00e8ncia exercida ahir per la gu\u00e0rdia civil i la policia nacional contra les ciutadanes i els ciutadans de Catalunya, aix\u00ed com a qualsevol forma de viol\u00e8ncia, com s\u2019estableix&hellip;  <a href=\"https:\/\/agora.xtec.cat\/ins-nauticabcn\/general\/repercusions-de-l1-doctubre\/\" title=\"Read Repercusions de l&#8217;1 d&#8217;octubre\">Llegeix m\u00e9s\u00bb<\/a><\/p>\n","protected":false},"author":1,"featured_media":1837,"comment_status":"closed","ping_status":"closed","sticky":false,"template":"","format":"standard","meta":{"_bbp_topic_count":0,"_bbp_reply_count":0,"_bbp_total_topic_count":0,"_bbp_total_reply_count":0,"_bbp_voice_count":0,"_bbp_anonymous_reply_count":0,"_bbp_topic_count_hidden":0,"_bbp_reply_count_hidden":0,"_bbp_forum_subforum_count":0,"footnotes":""},"categories":[1,29],"tags":[],"class_list":["post-1836","post","type-post","status-publish","format-standard","has-post-thumbnail","hentry","category-general","category-portada"],"post_mailing_queue_ids":[],"_links":{"self":[{"href":"https:\/\/agora.xtec.cat\/ins-nauticabcn\/wp-json\/wp\/v2\/posts\/1836","targetHints":{"allow":["GET"]}}],"collection":[{"href":"https:\/\/agora.xtec.cat\/ins-nauticabcn\/wp-json\/wp\/v2\/posts"}],"about":[{"href":"https:\/\/agora.xtec.cat\/ins-nauticabcn\/wp-json\/wp\/v2\/types\/post"}],"author":[{"embeddable":true,"href":"https:\/\/agora.xtec.cat\/ins-nauticabcn\/wp-json\/wp\/v2\/users\/1"}],"replies":[{"embeddable":true,"href":"https:\/\/agora.xtec.cat\/ins-nauticabcn\/wp-json\/wp\/v2\/comments?post=1836"}],"version-history":[{"count":3,"href":"https:\/\/agora.xtec.cat\/ins-nauticabcn\/wp-json\/wp\/v2\/posts\/1836\/revisions"}],"predecessor-version":[{"id":1840,"href":"https:\/\/agora.xtec.cat\/ins-nauticabcn\/wp-json\/wp\/v2\/posts\/1836\/revisions\/1840"}],"wp:featuredmedia":[{"embeddable":true,"href":"https:\/\/agora.xtec.cat\/ins-nauticabcn\/wp-json\/wp\/v2\/media\/1837"}],"wp:attachment":[{"href":"https:\/\/agora.xtec.cat\/ins-nauticabcn\/wp-json\/wp\/v2\/media?parent=1836"}],"wp:term":[{"taxonomy":"category","embeddable":true,"href":"https:\/\/agora.xtec.cat\/ins-nauticabcn\/wp-json\/wp\/v2\/categories?post=1836"},{"taxonomy":"post_tag","embeddable":true,"href":"https:\/\/agora.xtec.cat\/ins-nauticabcn\/wp-json\/wp\/v2\/tags?post=1836"}],"curies":[{"name":"wp","href":"https:\/\/api.w.org\/{rel}","templated":true}]}}