{"id":1766,"date":"2017-09-06T17:21:43","date_gmt":"2017-09-06T15:21:43","guid":{"rendered":"http:\/\/agora.xtec.cat\/ins-nauticabcn\/?p=1766"},"modified":"2017-09-08T12:26:39","modified_gmt":"2017-09-08T10:26:39","slug":"nous-cursos-ocupacionals-per-a-setembre-i-octubre","status":"publish","type":"post","link":"https:\/\/agora.xtec.cat\/ins-nauticabcn\/general\/nous-cursos-ocupacionals-per-a-setembre-i-octubre\/","title":{"rendered":"Nous cursos Ocupacionals per a setembre i octubre!"},"content":{"rendered":"<p>Seguint la nostra filosofia d&#8217;ofertar aquella formaci\u00f3 de l&#8217;\u00e0mbit n\u00e0utic que demanda el sector professional, hem preparat dos cursos per a aquesta tardor de pintura d&#8217;embarcacions i materials compostos, amb col\u00b7laboraci\u00f3 amb Barcelona Activa, la Fundaci\u00f3 Exit i Barcelona Cl\u00faster N\u00e0utic<\/p>\n<p>Teniu com sempre la informaci\u00f3 a l&#8217;apartat de <a href=\"http:\/\/agora.xtec.cat\/ins-nauticabcn\/estudis\/formacio-continua\/\">Formaci\u00f3 Cont\u00ednua i Ocupacional<\/a> de la nostra p\u00e0gina web<\/p>\n<p><a href=\"http:\/\/agora.xtec.cat\/ins-nauticabcn\/wp-content\/uploads\/usu313\/2017\/09\/Screen-Shot-09-08-17-at-12.25-PM.png\"><img loading=\"lazy\" decoding=\"async\" class=\"aligncenter wp-image-1783 size-full\" src=\"http:\/\/agora.xtec.cat\/ins-nauticabcn\/wp-content\/uploads\/usu313\/2017\/09\/Screen-Shot-09-08-17-at-12.25-PM.png\" alt=\"\" width=\"740\" height=\"597\" srcset=\"https:\/\/agora.xtec.cat\/ins-nauticabcn\/wp-content\/uploads\/usu313\/2017\/09\/Screen-Shot-09-08-17-at-12.25-PM.png 740w, https:\/\/agora.xtec.cat\/ins-nauticabcn\/wp-content\/uploads\/usu313\/2017\/09\/Screen-Shot-09-08-17-at-12.25-PM-300x242.png 300w\" sizes=\"auto, (max-width: 740px) 100vw, 740px\" \/><\/a><\/p>\n","protected":false},"excerpt":{"rendered":"<p>Seguint la nostra filosofia d&#8217;ofertar aquella formaci\u00f3 de l&#8217;\u00e0mbit n\u00e0utic que demanda el sector professional, hem preparat dos cursos per a aquesta tardor de pintura d&#8217;embarcacions i materials compostos, amb col\u00b7laboraci\u00f3 amb Barcelona Activa, la Fundaci\u00f3 Exit i Barcelona Cl\u00faster N\u00e0utic<br \/>\nTeniu com sempre la informaci\u00f3&hellip;  <a href=\"https:\/\/agora.xtec.cat\/ins-nauticabcn\/general\/nous-cursos-ocupacionals-per-a-setembre-i-octubre\/\" title=\"Read Nous cursos Ocupacionals per a setembre i octubre!\">Llegeix m\u00e9s\u00bb<\/a><\/p>\n","protected":false},"author":1,"featured_media":1783,"comment_status":"closed","ping_status":"closed","sticky":false,"template":"","format":"standard","meta":{"_bbp_topic_count":0,"_bbp_reply_count":0,"_bbp_total_topic_count":0,"_bbp_total_reply_count":0,"_bbp_voice_count":0,"_bbp_anonymous_reply_count":0,"_bbp_topic_count_hidden":0,"_bbp_reply_count_hidden":0,"_bbp_forum_subforum_count":0,"footnotes":""},"categories":[1,29],"tags":[],"class_list":["post-1766","post","type-post","status-publish","format-standard","has-post-thumbnail","hentry","category-general","category-portada"],"post_mailing_queue_ids":[],"_links":{"self":[{"href":"https:\/\/agora.xtec.cat\/ins-nauticabcn\/wp-json\/wp\/v2\/posts\/1766","targetHints":{"allow":["GET"]}}],"collection":[{"href":"https:\/\/agora.xtec.cat\/ins-nauticabcn\/wp-json\/wp\/v2\/posts"}],"about":[{"href":"https:\/\/agora.xtec.cat\/ins-nauticabcn\/wp-json\/wp\/v2\/types\/post"}],"author":[{"embeddable":true,"href":"https:\/\/agora.xtec.cat\/ins-nauticabcn\/wp-json\/wp\/v2\/users\/1"}],"replies":[{"embeddable":true,"href":"https:\/\/agora.xtec.cat\/ins-nauticabcn\/wp-json\/wp\/v2\/comments?post=1766"}],"version-history":[{"count":3,"href":"https:\/\/agora.xtec.cat\/ins-nauticabcn\/wp-json\/wp\/v2\/posts\/1766\/revisions"}],"predecessor-version":[{"id":1784,"href":"https:\/\/agora.xtec.cat\/ins-nauticabcn\/wp-json\/wp\/v2\/posts\/1766\/revisions\/1784"}],"wp:featuredmedia":[{"embeddable":true,"href":"https:\/\/agora.xtec.cat\/ins-nauticabcn\/wp-json\/wp\/v2\/media\/1783"}],"wp:attachment":[{"href":"https:\/\/agora.xtec.cat\/ins-nauticabcn\/wp-json\/wp\/v2\/media?parent=1766"}],"wp:term":[{"taxonomy":"category","embeddable":true,"href":"https:\/\/agora.xtec.cat\/ins-nauticabcn\/wp-json\/wp\/v2\/categories?post=1766"},{"taxonomy":"post_tag","embeddable":true,"href":"https:\/\/agora.xtec.cat\/ins-nauticabcn\/wp-json\/wp\/v2\/tags?post=1766"}],"curies":[{"name":"wp","href":"https:\/\/api.w.org\/{rel}","templated":true}]}}