{"id":161,"date":"2014-09-19T16:00:03","date_gmt":"2014-09-19T16:00:03","guid":{"rendered":"http:\/\/agora.xtec.cat\/ins-nauticabcn\/\/?p=161"},"modified":"2015-04-20T06:00:02","modified_gmt":"2015-04-20T05:00:02","slug":"noticia-7","status":"publish","type":"post","link":"https:\/\/agora.xtec.cat\/ins-nauticabcn\/portada\/noticia-7\/","title":{"rendered":"Inici de les obres"},"content":{"rendered":"<p>En unes setmanes, s&#8217;iniciaran les obres per a ubicar la seu principal de l&#8217;Institut de N\u00e0utica de Barcelona a l&#8217;edifici que compartirem amb el <a href=\"http:\/\/www.consorcielfar.org\/\">Consorci El Far<\/a> (C\/ Escar 6-8)<\/p>\n<p>Els canvis principals consistiran en:<\/p>\n<p><!--more--><\/p>\n<p>&nbsp;<\/p>\n<ul>\n<li>Adequaci\u00f3 de la planta baixa, per a ubicar l&#8217;espai de Consergeria, Secretaria i Direcci\u00f3 del centre<\/li>\n<li>Adequaci\u00f3 de l&#8217;aulari de la \u00faltima planta<\/li>\n<li>Adequaci\u00f3 de les aules-tallers el\u00e8ctriques, autom\u00e0tiques i de comunicacions de l&#8217;edifici de l&#8217;escola Drassana (Passeig Joan de Borb\u00f3 100)<a href=\"http:\/\/agora.xtec.cat\/ins-nauticabcn\/wp-content\/uploads\/usu313\/2014\/09\/Edifici-Consorci-El-Far-\u00a9-Consorci-El-Far-M.l-Medir1.jpg\"><img loading=\"lazy\" decoding=\"async\" class=\"aligncenter wp-image-332 size-large\" src=\"http:\/\/agora.xtec.cat\/ins-nauticabcn\/wp-content\/uploads\/usu313\/2014\/09\/Edifici-Consorci-El-Far-\u00a9-Consorci-El-Far-M.l-Medir1-1024x678.jpg\" alt=\"Edifici Consorci El Far \u00a9 Consorci El Far- M.l Medir\" width=\"1024\" height=\"678\" srcset=\"https:\/\/agora.xtec.cat\/ins-nauticabcn\/wp-content\/uploads\/usu313\/2014\/09\/Edifici-Consorci-El-Far-\u00a9-Consorci-El-Far-M.l-Medir1-1024x678.jpg 1024w, https:\/\/agora.xtec.cat\/ins-nauticabcn\/wp-content\/uploads\/usu313\/2014\/09\/Edifici-Consorci-El-Far-\u00a9-Consorci-El-Far-M.l-Medir1-300x198.jpg 300w, https:\/\/agora.xtec.cat\/ins-nauticabcn\/wp-content\/uploads\/usu313\/2014\/09\/Edifici-Consorci-El-Far-\u00a9-Consorci-El-Far-M.l-Medir1.jpg 1181w\" sizes=\"auto, (max-width: 1024px) 100vw, 1024px\" \/><\/a><\/li>\n<\/ul>\n<p>&nbsp;<\/p>\n","protected":false},"excerpt":{"rendered":"<p>En unes setmanes, s&#8217;iniciaran les obres per a ubicar la seu principal de l&#8217;Institut de N\u00e0utica de Barcelona a l&#8217;edifici que compartirem amb el <a href=\"http:\/\/www.consorcielfar.org\/\">Consorci El Far<\/a> (C\/ Escar 6-8)<br \/>\nEls canvis principals consistiran en:<\/p>\n","protected":false},"author":1,"featured_media":332,"comment_status":"open","ping_status":"open","sticky":false,"template":"","format":"standard","meta":{"_bbp_topic_count":0,"_bbp_reply_count":0,"_bbp_total_topic_count":0,"_bbp_total_reply_count":0,"_bbp_voice_count":0,"_bbp_anonymous_reply_count":0,"_bbp_topic_count_hidden":0,"_bbp_reply_count_hidden":0,"_bbp_forum_subforum_count":0,"footnotes":""},"categories":[29],"tags":[62],"class_list":["post-161","post","type-post","status-publish","format-standard","has-post-thumbnail","hentry","category-portada","tag-edifici"],"post_mailing_queue_ids":[],"_links":{"self":[{"href":"https:\/\/agora.xtec.cat\/ins-nauticabcn\/wp-json\/wp\/v2\/posts\/161","targetHints":{"allow":["GET"]}}],"collection":[{"href":"https:\/\/agora.xtec.cat\/ins-nauticabcn\/wp-json\/wp\/v2\/posts"}],"about":[{"href":"https:\/\/agora.xtec.cat\/ins-nauticabcn\/wp-json\/wp\/v2\/types\/post"}],"author":[{"embeddable":true,"href":"https:\/\/agora.xtec.cat\/ins-nauticabcn\/wp-json\/wp\/v2\/users\/1"}],"replies":[{"embeddable":true,"href":"https:\/\/agora.xtec.cat\/ins-nauticabcn\/wp-json\/wp\/v2\/comments?post=161"}],"version-history":[{"count":4,"href":"https:\/\/agora.xtec.cat\/ins-nauticabcn\/wp-json\/wp\/v2\/posts\/161\/revisions"}],"predecessor-version":[{"id":424,"href":"https:\/\/agora.xtec.cat\/ins-nauticabcn\/wp-json\/wp\/v2\/posts\/161\/revisions\/424"}],"wp:featuredmedia":[{"embeddable":true,"href":"https:\/\/agora.xtec.cat\/ins-nauticabcn\/wp-json\/wp\/v2\/media\/332"}],"wp:attachment":[{"href":"https:\/\/agora.xtec.cat\/ins-nauticabcn\/wp-json\/wp\/v2\/media?parent=161"}],"wp:term":[{"taxonomy":"category","embeddable":true,"href":"https:\/\/agora.xtec.cat\/ins-nauticabcn\/wp-json\/wp\/v2\/categories?post=161"},{"taxonomy":"post_tag","embeddable":true,"href":"https:\/\/agora.xtec.cat\/ins-nauticabcn\/wp-json\/wp\/v2\/tags?post=161"}],"curies":[{"name":"wp","href":"https:\/\/api.w.org\/{rel}","templated":true}]}}