{"id":1314,"date":"2017-02-23T12:38:05","date_gmt":"2017-02-23T11:38:05","guid":{"rendered":"http:\/\/agora.xtec.cat\/ins-nauticabcn\/?p=1314"},"modified":"2017-03-23T22:22:46","modified_gmt":"2017-03-23T21:22:46","slug":"didac-costa-finalitza-la-volta-al-mon-en-solitari","status":"publish","type":"post","link":"https:\/\/agora.xtec.cat\/ins-nauticabcn\/general\/didac-costa-finalitza-la-volta-al-mon-en-solitari\/","title":{"rendered":"D\u00eddac Costa finalitza la volta al mon en solitari"},"content":{"rendered":"<p>En D\u00eddac Costa, ha finalitzat amb \u00e8xit la <a href=\"http:\/\/www.vendeeglobe.org\/en\/news\/18959\/didac-costa-takes-14th-place\">Vend\u00e9e Globe 2017<\/a>, la dur\u00edsima regata en solitari que dona la volta al mon, en un veler IMOCA 60.<\/p>\n<p>Despr\u00e8s de les dificultats inicials que va haver de superar (llamps, avaries en la sortida,..) en D\u00eddac ha demostrat un cop m\u00e9s la seva determinaci\u00f3 i professionalitat, i ha donat una gran alegria a l&#8217;equip de la Fundaci\u00f3 FNOB, amb qui col\u00b7laborem estretament, a m\u00e9s de compartir els taller on es preparen aquest increibles IMOCAs.<\/p>\n<p>Aix\u00ed que la nostra felicitaci\u00f3 al D\u00eddac, i a tot l&#8217;equip (Xose, Javier Vilallonga, Jordi Griso, Mireia,..)!!!!<\/p>\n<p>Per cert en unes setmanes a l&#8217;Institut de N\u00e0utica podrem gaudir de la confer\u00e8ncia que en Jordi Griso, cap de l&#8217;equip del vaixell del Didac impartir\u00e0 a casa nostra en el si de la Nostra Setmana Blava, on de ben segur que entusiasmar\u00e0 als nostres alumnes amb les experi\u00e8ncies d&#8217;aquesta regata transoce\u00e0nica.<\/p>\n<p><strong>El <a href=\"http:\/\/www.fnob.org\/ca\/el-dia-25-de-marc-barcelona-donara-la-benvinguda-didac-costa\">D\u00eddac arriba al Port<\/a> de Barcelona el proper 25 de mar\u00e7, vine a rebre&#8217;l com es mereix!<\/strong><\/p>\n<p>&nbsp;<\/p>\n<p><a href=\"http:\/\/agora.xtec.cat\/ins-nauticabcn\/wp-content\/uploads\/usu313\/2017\/02\/didac.jpg\"><img loading=\"lazy\" decoding=\"async\" class=\"aligncenter size-large wp-image-1315\" src=\"http:\/\/agora.xtec.cat\/ins-nauticabcn\/wp-content\/uploads\/usu313\/2017\/02\/didac-1024x683.jpg\" alt=\"didac\" width=\"1024\" height=\"683\" srcset=\"https:\/\/agora.xtec.cat\/ins-nauticabcn\/wp-content\/uploads\/usu313\/2017\/02\/didac-1024x683.jpg 1024w, https:\/\/agora.xtec.cat\/ins-nauticabcn\/wp-content\/uploads\/usu313\/2017\/02\/didac-300x200.jpg 300w, https:\/\/agora.xtec.cat\/ins-nauticabcn\/wp-content\/uploads\/usu313\/2017\/02\/didac-768x512.jpg 768w, https:\/\/agora.xtec.cat\/ins-nauticabcn\/wp-content\/uploads\/usu313\/2017\/02\/didac.jpg 1680w\" sizes=\"auto, (max-width: 1024px) 100vw, 1024px\" \/><\/a><\/p>\n<p>&nbsp;<\/p>\n<p>&nbsp;<\/p>\n<p>&nbsp;<\/p>\n<p>&nbsp;<\/p>\n","protected":false},"excerpt":{"rendered":"<p>En D\u00eddac Costa, ha finalitzat amb \u00e8xit la <a href=\"http:\/\/www.vendeeglobe.org\/en\/news\/18959\/didac-costa-takes-14th-place\">Vend\u00e9e Globe 2017<\/a>, la dur\u00edsima regata en solitari que dona la volta al mon, en un veler IMOCA 60.<br \/>\nDespr\u00e8s de les dificultats inicials que va haver de superar (llamps, avaries en la sortida,..) en D\u00eddac ha&hellip;  <a href=\"https:\/\/agora.xtec.cat\/ins-nauticabcn\/general\/didac-costa-finalitza-la-volta-al-mon-en-solitari\/\" title=\"Read D\u00eddac Costa finalitza la volta al mon en solitari\">Llegeix m\u00e9s\u00bb<\/a><\/p>\n","protected":false},"author":1,"featured_media":1315,"comment_status":"open","ping_status":"open","sticky":false,"template":"","format":"standard","meta":{"_bbp_topic_count":0,"_bbp_reply_count":0,"_bbp_total_topic_count":0,"_bbp_total_reply_count":0,"_bbp_voice_count":0,"_bbp_anonymous_reply_count":0,"_bbp_topic_count_hidden":0,"_bbp_reply_count_hidden":0,"_bbp_forum_subforum_count":0,"footnotes":""},"categories":[1,29],"tags":[],"class_list":["post-1314","post","type-post","status-publish","format-standard","has-post-thumbnail","hentry","category-general","category-portada"],"post_mailing_queue_ids":[],"_links":{"self":[{"href":"https:\/\/agora.xtec.cat\/ins-nauticabcn\/wp-json\/wp\/v2\/posts\/1314","targetHints":{"allow":["GET"]}}],"collection":[{"href":"https:\/\/agora.xtec.cat\/ins-nauticabcn\/wp-json\/wp\/v2\/posts"}],"about":[{"href":"https:\/\/agora.xtec.cat\/ins-nauticabcn\/wp-json\/wp\/v2\/types\/post"}],"author":[{"embeddable":true,"href":"https:\/\/agora.xtec.cat\/ins-nauticabcn\/wp-json\/wp\/v2\/users\/1"}],"replies":[{"embeddable":true,"href":"https:\/\/agora.xtec.cat\/ins-nauticabcn\/wp-json\/wp\/v2\/comments?post=1314"}],"version-history":[{"count":4,"href":"https:\/\/agora.xtec.cat\/ins-nauticabcn\/wp-json\/wp\/v2\/posts\/1314\/revisions"}],"predecessor-version":[{"id":1352,"href":"https:\/\/agora.xtec.cat\/ins-nauticabcn\/wp-json\/wp\/v2\/posts\/1314\/revisions\/1352"}],"wp:featuredmedia":[{"embeddable":true,"href":"https:\/\/agora.xtec.cat\/ins-nauticabcn\/wp-json\/wp\/v2\/media\/1315"}],"wp:attachment":[{"href":"https:\/\/agora.xtec.cat\/ins-nauticabcn\/wp-json\/wp\/v2\/media?parent=1314"}],"wp:term":[{"taxonomy":"category","embeddable":true,"href":"https:\/\/agora.xtec.cat\/ins-nauticabcn\/wp-json\/wp\/v2\/categories?post=1314"},{"taxonomy":"post_tag","embeddable":true,"href":"https:\/\/agora.xtec.cat\/ins-nauticabcn\/wp-json\/wp\/v2\/tags?post=1314"}],"curies":[{"name":"wp","href":"https:\/\/api.w.org\/{rel}","templated":true}]}}