{"id":1215,"date":"2016-10-07T12:25:32","date_gmt":"2016-10-07T11:25:32","guid":{"rendered":"http:\/\/agora.xtec.cat\/ins-nauticabcn\/?p=1215"},"modified":"2016-11-23T12:32:18","modified_gmt":"2016-11-23T11:32:18","slug":"nous-cursos-de-formacio-continua-io-ocupacional","status":"publish","type":"post","link":"https:\/\/agora.xtec.cat\/ins-nauticabcn\/general\/nous-cursos-de-formacio-continua-io-ocupacional\/","title":{"rendered":"Nous cursos de Formaci\u00f3 continua i\/o ocupacional"},"content":{"rendered":"<p>Alineats amb\u00a0el nostre projecte educatiu, de ser un referent en l&#8217;\u00e0mbit n\u00e0utic al territori, l&#8217;Institut de N\u00e0utica de Barcelona enceta la temporada amb\u00a0nous cursos de formaci\u00f3 continua i ocupacional, adre\u00e7ats a oferir\u00a0itineraris professionals, tant a treballadors en actiu que volen actualitzar-se, com a propietaris d&#8217;embarcacions que volen fer-se el seu propi manteniment, com a joves en recerca de feina que volen iniciar-se en el mon del manteniment dels vaixells d&#8217;esbarjo.<\/p>\n<p>Els cursos programats aquesta tardor son:<\/p>\n<ul>\n<li><a href=\"http:\/\/agora.xtec.cat\/ins-nauticabcn\/wp-content\/uploads\/usu313\/2016\/10\/INB_composites.pdf\">Curs de construcci\u00f3 i reparaci\u00f3 en materials compostos<\/a> (145h)<\/li>\n<\/ul>\n<p style=\"padding-left: 60px;\">Garantia Juvenil . Adre\u00e7at a joves entre 16 i 29 anys (menys de 30) que ni treballen ni estudien. Inici al novembre 2016<\/p>\n<p style=\"padding-left: 60px;\">Si esteu interessats en aquest curs, escriviu un correu a l&#8217;INB (a8074847@xtec.cat), indicant les vostres dades: Nom Cognom, DNI, e-mail, i tel\u00e8fon.<\/p>\n<ul>\n<li><a href=\"http:\/\/agora.xtec.cat\/ins-nauticabcn\/wp-content\/uploads\/usu313\/2016\/10\/fitxa-del-curs-de-manteniment-de-vaixells-de_-fibra.pdf\">Curs de Manteniment de vaixells de fibra<\/a>. (12h).<\/li>\n<\/ul>\n<p style=\"padding-left: 60px;\">Formaci\u00f3 no subvencionada, en col\u00b7laboraci\u00f3 amb el Museu Mar\u00edtim de Barcelona. Adre\u00e7at a propietaris d&#8217;embarcacions que volen fer-se el seu propi manteniment.<\/p>\n<p style=\"padding-left: 60px;\">El curs consta de 3\u00a0sessions, els dies\u00a012, 19 i 26 de novembre, en horari de 9:30h a 13:30h<\/p>\n<p style=\"padding-left: 60px;\">Si esteu interessats en aquest curs, la persona de contacte \u00e9s: Cristina Puig (puigrcr@mmb.cat)<\/p>\n<ul>\n<li><a href=\"http:\/\/agora.xtec.cat\/ins-nauticabcn\/wp-content\/uploads\/usu313\/2016\/10\/fitxa-del-curs-de-mant.-de-motor.pdf\">Curs de Manteniment de motors de vaixells<\/a>. (12h).<\/li>\n<\/ul>\n<p style=\"padding-left: 60px;\">Formaci\u00f3 no subvencionada, en col\u00b7laboraci\u00f3 amb el Museu Mar\u00edtim de Barcelona. Adre\u00e7at a propietaris d&#8217;embarcacions que volen fer-se el seu propi manteniment.<\/p>\n<p style=\"padding-left: 60px;\">El curs consta de 4 sessions, els dies\u00a07, 8, 14 i 15 de novembre, en horari de 18h a 21h<\/p>\n<p style=\"padding-left: 60px;\">Si esteu interessats en aquest curs, la persona de contacte \u00e9s: Cristina Puig (puigrcr@mmb.cat)<\/p>\n<table>\n<tbody>\n<tr>\n<td><a style=\"font-size: 16px;\" href=\"http:\/\/agora.xtec.cat\/ins-nauticabcn\/wp-content\/uploads\/usu313\/2016\/10\/20131116_curs-motor_ERAfecas_1-5.jpg\"><span style=\"color: #222222;\"><img loading=\"lazy\" decoding=\"async\" class=\" wp-image-1225\" src=\"http:\/\/agora.xtec.cat\/ins-nauticabcn\/wp-content\/uploads\/usu313\/2016\/10\/20131116_curs-motor_ERAfecas_1-5-300x225.jpg\" alt=\"OLYMPUS DIGITAL CAMERA\" width=\"496\" height=\"372\" srcset=\"https:\/\/agora.xtec.cat\/ins-nauticabcn\/wp-content\/uploads\/usu313\/2016\/10\/20131116_curs-motor_ERAfecas_1-5-300x225.jpg 300w, https:\/\/agora.xtec.cat\/ins-nauticabcn\/wp-content\/uploads\/usu313\/2016\/10\/20131116_curs-motor_ERAfecas_1-5-768x576.jpg 768w, https:\/\/agora.xtec.cat\/ins-nauticabcn\/wp-content\/uploads\/usu313\/2016\/10\/20131116_curs-motor_ERAfecas_1-5.jpg 1024w, https:\/\/agora.xtec.cat\/ins-nauticabcn\/wp-content\/uploads\/usu313\/2016\/10\/20131116_curs-motor_ERAfecas_1-5-200x150.jpg 200w\" sizes=\"auto, (max-width: 496px) 100vw, 496px\" \/><\/span><\/a><\/td>\n<td><a style=\"font-size: 16px;\" href=\"http:\/\/agora.xtec.cat\/ins-nauticabcn\/wp-content\/uploads\/usu313\/2016\/10\/P1010061-1.jpg\"><span style=\"color: #222222;\"><img loading=\"lazy\" decoding=\"async\" class=\"wp-image-1226\" src=\"http:\/\/agora.xtec.cat\/ins-nauticabcn\/wp-content\/uploads\/usu313\/2016\/10\/P1010061-1-300x225.jpg\" alt=\"OLYMPUS DIGITAL CAMERA\" width=\"489\" height=\"367\" srcset=\"https:\/\/agora.xtec.cat\/ins-nauticabcn\/wp-content\/uploads\/usu313\/2016\/10\/P1010061-1-300x225.jpg 300w, https:\/\/agora.xtec.cat\/ins-nauticabcn\/wp-content\/uploads\/usu313\/2016\/10\/P1010061-1-768x576.jpg 768w, https:\/\/agora.xtec.cat\/ins-nauticabcn\/wp-content\/uploads\/usu313\/2016\/10\/P1010061-1.jpg 1024w, https:\/\/agora.xtec.cat\/ins-nauticabcn\/wp-content\/uploads\/usu313\/2016\/10\/P1010061-1-200x150.jpg 200w\" sizes=\"auto, (max-width: 489px) 100vw, 489px\" \/><\/span><\/a><\/td>\n<\/tr>\n<\/tbody>\n<\/table>\n","protected":false},"excerpt":{"rendered":"<p>Alineats amb\u00a0el nostre projecte educatiu, de ser un referent en l&#8217;\u00e0mbit n\u00e0utic al territori, l&#8217;Institut de N\u00e0utica de Barcelona enceta la temporada amb\u00a0nous cursos de formaci\u00f3 continua i ocupacional, adre\u00e7ats a oferir\u00a0itineraris professionals, tant a treballadors en actiu que volen actualitzar-se, com a propietaris d&#8217;embarcacions&hellip;  <a href=\"https:\/\/agora.xtec.cat\/ins-nauticabcn\/general\/nous-cursos-de-formacio-continua-io-ocupacional\/\" title=\"Read Nous cursos de Formaci\u00f3 continua i\/o ocupacional\">Llegeix m\u00e9s\u00bb<\/a><\/p>\n","protected":false},"author":1,"featured_media":1220,"comment_status":"open","ping_status":"open","sticky":false,"template":"","format":"standard","meta":{"_bbp_topic_count":0,"_bbp_reply_count":0,"_bbp_total_topic_count":0,"_bbp_total_reply_count":0,"_bbp_voice_count":0,"_bbp_anonymous_reply_count":0,"_bbp_topic_count_hidden":0,"_bbp_reply_count_hidden":0,"_bbp_forum_subforum_count":0,"footnotes":""},"categories":[1,29],"tags":[],"class_list":["post-1215","post","type-post","status-publish","format-standard","has-post-thumbnail","hentry","category-general","category-portada"],"post_mailing_queue_ids":[],"_links":{"self":[{"href":"https:\/\/agora.xtec.cat\/ins-nauticabcn\/wp-json\/wp\/v2\/posts\/1215","targetHints":{"allow":["GET"]}}],"collection":[{"href":"https:\/\/agora.xtec.cat\/ins-nauticabcn\/wp-json\/wp\/v2\/posts"}],"about":[{"href":"https:\/\/agora.xtec.cat\/ins-nauticabcn\/wp-json\/wp\/v2\/types\/post"}],"author":[{"embeddable":true,"href":"https:\/\/agora.xtec.cat\/ins-nauticabcn\/wp-json\/wp\/v2\/users\/1"}],"replies":[{"embeddable":true,"href":"https:\/\/agora.xtec.cat\/ins-nauticabcn\/wp-json\/wp\/v2\/comments?post=1215"}],"version-history":[{"count":3,"href":"https:\/\/agora.xtec.cat\/ins-nauticabcn\/wp-json\/wp\/v2\/posts\/1215\/revisions"}],"predecessor-version":[{"id":1277,"href":"https:\/\/agora.xtec.cat\/ins-nauticabcn\/wp-json\/wp\/v2\/posts\/1215\/revisions\/1277"}],"wp:featuredmedia":[{"embeddable":true,"href":"https:\/\/agora.xtec.cat\/ins-nauticabcn\/wp-json\/wp\/v2\/media\/1220"}],"wp:attachment":[{"href":"https:\/\/agora.xtec.cat\/ins-nauticabcn\/wp-json\/wp\/v2\/media?parent=1215"}],"wp:term":[{"taxonomy":"category","embeddable":true,"href":"https:\/\/agora.xtec.cat\/ins-nauticabcn\/wp-json\/wp\/v2\/categories?post=1215"},{"taxonomy":"post_tag","embeddable":true,"href":"https:\/\/agora.xtec.cat\/ins-nauticabcn\/wp-json\/wp\/v2\/tags?post=1215"}],"curies":[{"name":"wp","href":"https:\/\/api.w.org\/{rel}","templated":true}]}}