{"id":1131,"date":"2016-07-18T10:09:02","date_gmt":"2016-07-18T09:09:02","guid":{"rendered":"http:\/\/agora.xtec.cat\/ins-nauticabcn\/?p=1131"},"modified":"2016-09-05T14:22:14","modified_gmt":"2016-09-05T13:22:14","slug":"calendari-de-setembre","status":"publish","type":"post","link":"https:\/\/agora.xtec.cat\/ins-nauticabcn\/general\/calendari-de-setembre\/","title":{"rendered":"Calendari de setembre"},"content":{"rendered":"<p>Abans d&#8217;anar de vacances, per als que encara esteu pendents de matricular-vos al setembre, per als que ja esteu matriculats i voleu saber l&#8217;inici de les classes, o per als que encara us esteu rumiant si voleu venir a l&#8217;Institut de N\u00e0utica de Barcelona, us actualitzem\u00a0tota la informaci\u00f3 respecte:<\/p>\n<ul>\n<li>per\u00edodes de preinscripci\u00f3 i matr\u00edcula al setembre<\/li>\n<li>calendari inici de curs<\/li>\n<li>requisits i documentaci\u00f3<\/li>\n<li>publicaci\u00f3 de places vacants<\/li>\n<\/ul>\n<p style=\"padding-left: 30px;\"><a href=\"http:\/\/agora.xtec.cat\/ins-nauticabcn\/wp-content\/uploads\/usu313\/2015\/03\/calendari-de-setembre.pdf\">Calendari<\/a> de setembre<\/p>\n<p><span style=\"font-family: inherit; font-size: 1em; line-height: 1.6;\">La informaci\u00f3 la trobareu com sempre tamb\u00e9 actualitzada a l&#8217;apartat de\u00a0<\/span><a style=\"font-family: inherit; font-size: 1em; line-height: 1.6;\" href=\"http:\/\/agora.xtec.cat\/ins-nauticabcn\/secretaria\/preinscripcio-i-matricula\/\">Preinscripci\u00f3 i Matricula<\/a><span style=\"font-family: inherit; font-size: 1em; line-height: 1.6;\">\u00a0de la nostra web<\/span><\/p>\n","protected":false},"excerpt":{"rendered":"<p>Abans d&#8217;anar de vacances, per als que encara esteu pendents de matricular-vos al setembre, per als que ja esteu matriculats i voleu saber l&#8217;inici de les classes, o per als que encara us esteu rumiant si voleu venir a l&#8217;Institut de N\u00e0utica de Barcelona, us&hellip;  <a href=\"https:\/\/agora.xtec.cat\/ins-nauticabcn\/general\/calendari-de-setembre\/\" title=\"Read Calendari de setembre\">Llegeix m\u00e9s\u00bb<\/a><\/p>\n","protected":false},"author":1,"featured_media":1132,"comment_status":"open","ping_status":"open","sticky":false,"template":"","format":"standard","meta":{"_bbp_topic_count":0,"_bbp_reply_count":0,"_bbp_total_topic_count":0,"_bbp_total_reply_count":0,"_bbp_voice_count":0,"_bbp_anonymous_reply_count":0,"_bbp_topic_count_hidden":0,"_bbp_reply_count_hidden":0,"_bbp_forum_subforum_count":0,"footnotes":""},"categories":[1,29],"tags":[],"class_list":["post-1131","post","type-post","status-publish","format-standard","has-post-thumbnail","hentry","category-general","category-portada"],"post_mailing_queue_ids":[],"_links":{"self":[{"href":"https:\/\/agora.xtec.cat\/ins-nauticabcn\/wp-json\/wp\/v2\/posts\/1131","targetHints":{"allow":["GET"]}}],"collection":[{"href":"https:\/\/agora.xtec.cat\/ins-nauticabcn\/wp-json\/wp\/v2\/posts"}],"about":[{"href":"https:\/\/agora.xtec.cat\/ins-nauticabcn\/wp-json\/wp\/v2\/types\/post"}],"author":[{"embeddable":true,"href":"https:\/\/agora.xtec.cat\/ins-nauticabcn\/wp-json\/wp\/v2\/users\/1"}],"replies":[{"embeddable":true,"href":"https:\/\/agora.xtec.cat\/ins-nauticabcn\/wp-json\/wp\/v2\/comments?post=1131"}],"version-history":[{"count":3,"href":"https:\/\/agora.xtec.cat\/ins-nauticabcn\/wp-json\/wp\/v2\/posts\/1131\/revisions"}],"predecessor-version":[{"id":1147,"href":"https:\/\/agora.xtec.cat\/ins-nauticabcn\/wp-json\/wp\/v2\/posts\/1131\/revisions\/1147"}],"wp:featuredmedia":[{"embeddable":true,"href":"https:\/\/agora.xtec.cat\/ins-nauticabcn\/wp-json\/wp\/v2\/media\/1132"}],"wp:attachment":[{"href":"https:\/\/agora.xtec.cat\/ins-nauticabcn\/wp-json\/wp\/v2\/media?parent=1131"}],"wp:term":[{"taxonomy":"category","embeddable":true,"href":"https:\/\/agora.xtec.cat\/ins-nauticabcn\/wp-json\/wp\/v2\/categories?post=1131"},{"taxonomy":"post_tag","embeddable":true,"href":"https:\/\/agora.xtec.cat\/ins-nauticabcn\/wp-json\/wp\/v2\/tags?post=1131"}],"curies":[{"name":"wp","href":"https:\/\/api.w.org\/{rel}","templated":true}]}}