{"id":11007,"date":"2026-09-03T13:20:15","date_gmt":"2026-09-03T11:20:15","guid":{"rendered":"https:\/\/agora.xtec.cat\/ins-nauticabcn\/?p=11007"},"modified":"2026-09-03T14:29:10","modified_gmt":"2026-09-03T12:29:10","slug":"gestio-vacants-fp-setembre","status":"publish","type":"post","link":"https:\/\/agora.xtec.cat\/ins-nauticabcn\/general\/gestio-vacants-fp-setembre\/","title":{"rendered":"GESTI\u00d3 VACANTS FP Setembre"},"content":{"rendered":"<p class=\"wp-block-paragraph\">Durant el mes de setembre es gestionaran les places vacants de Formaci\u00f3 Professional mitjan\u00e7ant una\u00a0<strong>cua virtual<\/strong>, d\u2019acord amb el procediment establert pel Departament d\u2019Educaci\u00f3 i Formaci\u00f3 Professional de la Generalitat de Catalunya.<\/p>\n<p class=\"wp-block-paragraph\">La inscripci\u00f3 a la cua virtual \u00e9s\u00a0<strong>obligat\u00f2ria per a les persones interessades a optar a una pla\u00e7a vacant<\/strong>\u00a0al nostre centre.<\/p>\n<h4><strong><span style=\"color: #3366ff;\">Com puc saber si hi ha places vacants?<\/span><\/strong><\/h4>\n<p>El dia 7 de setembre, el Departament d&#8217;Educaci\u00f3 i Formaci\u00f3 Professional, publicar\u00e0 al web de\u00a0<a href=\"https:\/\/preinscripcio.gencat.cat\/ca\/inici\/\">preinscripci\u00f3<\/a>\u00a0les places vacants, per centre educatiu.<\/p>\n<p>Per accedir a aquestes places,\u00a0<strong>caldr\u00e0 que t&#8217;apuntis al web del centre escollit (no hi vagis presencialment)<\/strong>\u00a0durant el dia 7 de setembre.<\/p>\n<h4 class=\"wp-block-heading\"><strong><span style=\"color: #3366ff;\">Com funciona la cua virtual?<\/span><\/strong><\/h4>\n<p class=\"wp-block-paragraph\">La cua virtual \u00e9s \u00fanica per al centre i es gestiona de manera diferenciada segons el tipus d\u2019ensenyament:<\/p>\n<ul class=\"wp-block-list\">\n<li><strong>Grau mitj\u00e0<\/strong><\/li>\n<li><strong>Grau superior<\/strong><\/li>\n<\/ul>\n<p class=\"wp-block-paragraph\">La cua no es correspon amb un cicle formatiu concret. Per tant, en el moment de fer la inscripci\u00f3\u00a0<strong>no es sol\u00b7licita pla\u00e7a per a un cicle determinat<\/strong>, sin\u00f3 que la inscripci\u00f3 es fa a nivell de centre.<\/p>\n<p class=\"wp-block-paragraph\">Les persones interessades seran ateses\u00a0<strong>estrictament per ordre d\u2019inscripci\u00f3<\/strong>, segons la data i l\u2019hora en qu\u00e8 s\u2019hagin inscrit a la cua.<\/p>\n<p>El centre atendr\u00e0 l&#8217;alumnat seguint l&#8217;ordre assignat pel gestor de cues. Quan arribi el teu torn, podr\u00e0s optar a qualsevol de les vacants disponibles en aquell moment i dels cicles formatius per als quals compleixis els requisits d&#8217;acc\u00e9s. Per tant, la possibilitat d&#8217;obtenir pla\u00e7a dependr\u00e0 tant de la posici\u00f3 a la cua com de les vacants disponibles en cada cicle en el moment de l&#8217;atenci\u00f3.<\/p>\n<p class=\"wp-block-paragraph\">\u00c9s possible inscriure\u2019s simult\u00e0niament a la cua virtual de diferents centres que disposin de places vacants.<\/p>\n<h4 class=\"wp-block-heading\"><strong><span style=\"color: #3366ff;\">La inscripci\u00f3 garanteix una pla\u00e7a?<\/span><\/strong><\/h4>\n<p class=\"wp-block-paragraph\"><strong>No.<\/strong>\u00a0La posici\u00f3 a la cua virtual determina \u00fanicament l\u2019ordre en qu\u00e8 ser\u00e0 atesa cada persona i\u00a0<strong>no garanteix l\u2019obtenci\u00f3 d\u2019una pla\u00e7a<\/strong>.<\/p>\n<p class=\"wp-block-paragraph\">L\u2019adjudicaci\u00f3 dependr\u00e0 de les vacants disponibles en cada cicle formatiu en el moment de l\u2019atenci\u00f3 i de les opcions escollides per les persones que hagin estat ateses anteriorment.<\/p>\n<h4 class=\"wp-block-heading\"><strong><span style=\"color: #3366ff;\">Requisits d\u2019acc\u00e9s<\/span><\/strong><\/h4>\n<p class=\"wp-block-paragraph\"><strong>Recordeu que, per poder optar a una pla\u00e7a, cal complir els requisits d\u2019acc\u00e9s corresponents al grau i al cicle formatiu que es vulgui cursar.<\/strong><\/p>\n<p class=\"wp-block-paragraph\">La inscripci\u00f3 a la cua virtual\u00a0<strong>no implica que es compleixin els requisits d\u2019acc\u00e9s ni garanteix l\u2019admissi\u00f3 al centre<\/strong>. En el moment de gestionar la pla\u00e7a, caldr\u00e0 acreditar el compliment dels requisits corresponents mitjan\u00e7ant la documentaci\u00f3 necess\u00e0ria.<\/p>\n<h4 class=\"wp-block-heading\"><strong><span style=\"color: #3366ff;\">Quan es pot fer la inscripci\u00f3?<\/span><\/strong><\/h4>\n<p class=\"wp-block-paragraph\">La inscripci\u00f3 a la cua virtual s\u2019activar\u00e0 el\u00a0<strong>7 de setembre de 2026, a partir de les 09.00 h<\/strong>, i estar\u00e0 disponible fins a les\u00a0<strong>23.59 h<\/strong>.<\/p>\n<p class=\"wp-block-paragraph\"><span style=\"color: #ff6600;\"><strong>Per inscriure-us a la cua virtual del nostre centre, podeu accedir al seg\u00fcent\u00a0<a style=\"color: #ff6600;\" href=\"https:\/\/aplicacions.gestioeducativa.gencat.cat\/ords\/pls\/apex\/f?p=20160079072543618:650:::NO:650:P650_CENTRE:7A9573EE8A9EA855A3137F8E3CF58ACCA1BC5059FD518C8A\" target=\"_blank\" rel=\"noopener\">ENLLA\u00c7<\/a>.<\/strong><\/span><\/p>\n<p class=\"wp-block-paragraph\">Recordeu que hi haur\u00e0 una cua espec\u00edfica per a\u00a0<strong>grau mitj\u00e0<\/strong>\u00a0i una altra per a\u00a0<strong>grau superior<\/strong>.<\/p>\n<h4><strong><span style=\"color: #3366ff;\">Quan es tindr\u00e0 resposta a la sol\u00b7licitud?<\/span><\/strong><\/h4>\n<p>A partir del dia 8 de setembre el centre gestionar\u00e0 les sol\u00b7licituds. <strong>Ens posarem en contacte amb les persones aspirants per correu electr\u00f2nic,<\/strong> cal que estigueu atents per poder finalitzar el proc\u00e9s de matr\u00edcula.<\/p>\n<p>La gesti\u00f3 de les vacants ha d&#8217;estar finalitzada com a molt tard el dia 10 de setembre al mat\u00ed.<\/p>\n<p class=\"wp-block-paragraph\">Per a qualsevol dubte relacionat amb el procediment, podeu contactar amb el centre (a8074847@xtec.cat)<\/p>\n<p><img decoding=\"async\" class=\"aligncenter\" src=\"https:\/\/agora.xtec.cat\/ins-nauticabcn\/wp-content\/uploads\/usu313\/2026\/09\/Captura-de-pantalla-2026-09-03-141921.jpg\" \/><\/p>\n","protected":false},"excerpt":{"rendered":"<p>Durant el mes de setembre es gestionaran les places vacants de Formaci\u00f3 Professional mitjan\u00e7ant una\u00a0cua virtual, d\u2019acord amb el procediment establert pel Departament d\u2019Educaci\u00f3 i Formaci\u00f3 Professional de la Generalitat de Catalunya.<\/p>\n<p>La inscripci\u00f3 a la cua virtual \u00e9s\u00a0obligat\u00f2ria per a les persones interessades a optar a una pla\u00e7a vacant\u00a0al nostre centre.&hellip;  <a href=\"https:\/\/agora.xtec.cat\/ins-nauticabcn\/general\/gestio-vacants-fp-setembre\/\" title=\"Read GESTI\u00d3 VACANTS FP Setembre\">Llegeix m\u00e9s\u00bb<\/a><\/p>\n","protected":false},"author":1,"featured_media":11011,"comment_status":"closed","ping_status":"open","sticky":false,"template":"","format":"standard","meta":{"_bbp_topic_count":0,"_bbp_reply_count":0,"_bbp_total_topic_count":0,"_bbp_total_reply_count":0,"_bbp_voice_count":0,"_bbp_anonymous_reply_count":0,"_bbp_topic_count_hidden":0,"_bbp_reply_count_hidden":0,"_bbp_forum_subforum_count":0,"footnotes":""},"categories":[1,29],"tags":[],"class_list":["post-11007","post","type-post","status-publish","format-standard","has-post-thumbnail","hentry","category-general","category-portada"],"post_mailing_queue_ids":[],"_links":{"self":[{"href":"https:\/\/agora.xtec.cat\/ins-nauticabcn\/wp-json\/wp\/v2\/posts\/11007","targetHints":{"allow":["GET"]}}],"collection":[{"href":"https:\/\/agora.xtec.cat\/ins-nauticabcn\/wp-json\/wp\/v2\/posts"}],"about":[{"href":"https:\/\/agora.xtec.cat\/ins-nauticabcn\/wp-json\/wp\/v2\/types\/post"}],"author":[{"embeddable":true,"href":"https:\/\/agora.xtec.cat\/ins-nauticabcn\/wp-json\/wp\/v2\/users\/1"}],"replies":[{"embeddable":true,"href":"https:\/\/agora.xtec.cat\/ins-nauticabcn\/wp-json\/wp\/v2\/comments?post=11007"}],"version-history":[{"count":4,"href":"https:\/\/agora.xtec.cat\/ins-nauticabcn\/wp-json\/wp\/v2\/posts\/11007\/revisions"}],"predecessor-version":[{"id":11012,"href":"https:\/\/agora.xtec.cat\/ins-nauticabcn\/wp-json\/wp\/v2\/posts\/11007\/revisions\/11012"}],"wp:featuredmedia":[{"embeddable":true,"href":"https:\/\/agora.xtec.cat\/ins-nauticabcn\/wp-json\/wp\/v2\/media\/11011"}],"wp:attachment":[{"href":"https:\/\/agora.xtec.cat\/ins-nauticabcn\/wp-json\/wp\/v2\/media?parent=11007"}],"wp:term":[{"taxonomy":"category","embeddable":true,"href":"https:\/\/agora.xtec.cat\/ins-nauticabcn\/wp-json\/wp\/v2\/categories?post=11007"},{"taxonomy":"post_tag","embeddable":true,"href":"https:\/\/agora.xtec.cat\/ins-nauticabcn\/wp-json\/wp\/v2\/tags?post=11007"}],"curies":[{"name":"wp","href":"https:\/\/api.w.org\/{rel}","templated":true}]}}