{"id":10557,"date":"2026-04-21T12:33:10","date_gmt":"2026-04-21T10:33:10","guid":{"rendered":"https:\/\/agora.xtec.cat\/ins-nauticabcn\/?p=10557"},"modified":"2026-04-24T12:25:24","modified_gmt":"2026-04-24T10:25:24","slug":"matricula-cicle-inicial-salvament-i-socorrisme-intensiu-destiu-curs-2025-2026","status":"publish","type":"post","link":"https:\/\/agora.xtec.cat\/ins-nauticabcn\/general\/matricula-cicle-inicial-salvament-i-socorrisme-intensiu-destiu-curs-2025-2026\/","title":{"rendered":"Matr\u00edcula Cicle inicial SALVAMENT I SOCORRISME Intensiu d\u2019estiu. Curs 2025-2026"},"content":{"rendered":"<p>Us informem de les dates de matr\u00edcula per al curs intensiu del Cicle Inicial de Salvament i socorrisme per aquest estiu 2026 per alumnat provinent de l&#8217;INS Vall d&#8217;Hebron (alumnat de Condicionament f\u00edsic, Animaci\u00f3 Socioesportiva i Guia medi natural):<\/p>\n<p><img decoding=\"async\" src=\"https:\/\/agora.xtec.cat\/ins-nauticabcn\/wp-content\/uploads\/usu313\/2026\/04\/CALENDARI-INTENSIU-SOS.png\" \/><\/p>\n<h3><strong>GUIAM + SOS<\/strong><\/h3>\n<ul>\n<li>L\u2019alumnat que tingui superat el <strong>CFGM Guia en el medi natural i de temps de lleure\u00a0 <\/strong>que vulgui matricular al <strong>Cicle Inicial de Salvament i Socorrisme<\/strong> nom\u00e9s haur\u00e0 de cursar el m\u00f2dul del Bloc Com\u00fa \u201cMP04 <em>Organitzaci\u00f3 esportiva\u201d <\/em>10hrs i els\u00a0 quatre m\u00f2duls del Bloc Espec\u00edfic i les pr\u00e0ctiques. Aquest alumnat pot demanar la convalidaci\u00f3 de la prova espec\u00edfica d&#8217;acc\u00e9s.<\/li>\n<li><strong>Trobareu tota la informaci\u00f3 per fer la preinscripci\u00f3 i matr\u00edcula<\/strong> <a href=\"https:\/\/agora.xtec.cat\/ins-nauticabcn\/preinscripcio-i-matricula-cicle-inicial-salvament-i-socorrisme-maig-2026-per-alumnat-de-cicles-formatius\/\" target=\"_blank\" rel=\"noopener\"><strong>aqu\u00ed.<\/strong>\u00a0<\/a><\/li>\n<\/ul>\n<h3><strong>EAS + SOS<\/strong><\/h3>\n<ul>\n<li>L\u2019alumnat que tingui superat el <strong>CFGS Ensenyament i animaci\u00f3 socioesportiva<\/strong>\u00a0que vulgui matricular al <strong>Cicle Inicial de Salvament i Socorrisme,<\/strong> nom\u00e9s haur\u00e0 de cursar els quatre m\u00f2duls del Bloc Espec\u00edfic\u00a0i les pr\u00e0ctiques.<\/li>\n<li><strong>Trobareu tota la informaci\u00f3 per fer la preinscripci\u00f3 i matr\u00edcula<\/strong> <a href=\"https:\/\/agora.xtec.cat\/ins-nauticabcn\/preinscripcio-i-matricula-cicle-inicial-salvament-i-socorrisme-maig-2026-per-alumnat-de-cicles-formatius\/\" target=\"_blank\" rel=\"noopener\"><strong>aqu\u00ed.\u00a0<\/strong><\/a><\/li>\n<\/ul>\n<h3><strong>CF + SOS<\/strong><\/h3>\n<ul>\n<li>L\u2019alumnat que tingui superat el <strong>CFGS Condicionament\u00a0 F\u00edsic <\/strong>que vulgui matricular al <strong>Cicle Inicial de Salvament i Socorrisme,<\/strong> nom\u00e9s haur\u00e0 de cursar els m\u00f2duls del Bloc Com\u00fa \u201cMP03 <em>Activitat F\u00edsica Adaptada i Discapacitat<\/em>\u201d 10hrs i \u201cMP04 <em>Organitzaci\u00f3 Esportiva<\/em>\u201d 10hrs i els quatre m\u00f2duls del Bloc Espec\u00edfic i les pr\u00e0ctiques.<\/li>\n<li><strong>Trobareu tota la informaci\u00f3 per fer la preinscripci\u00f3 i matr\u00edcula <\/strong><a href=\"https:\/\/agora.xtec.cat\/ins-nauticabcn\/preinscripcio-i-matricula-cicle-inicial-salvament-i-socorrisme-maig-2026-per-alumnat-de-cicles-formatius\/\" target=\"_blank\" rel=\"noopener\"><strong>aqu\u00ed.<\/strong>\u00a0<\/a><\/li>\n<\/ul>\n<p><span style=\"text-decoration: underline;\"><strong>L&#8217;horari del curs ser\u00e0: bloc espec\u00edfic al mat\u00ed (de 8h a 14:30h) en format presencial i bloc com\u00fa de tarda (de 15h a 21:30h) en format semi-presencial. <\/strong><\/span><\/p>\n<p><span style=\"text-decoration: underline;\"><strong>El curs finalitza el 29 de juny de 2026.<\/strong><\/span><\/p>\n","protected":false},"excerpt":{"rendered":"<p>Us informem de les dates de matr\u00edcula per al curs intensiu del Cicle Inicial de Salvament i socorrisme per aquest estiu 2026 per alumnat provinent de l&#8217;INS Vall d&#8217;Hebron (alumnat de Condicionament f\u00edsic, Animaci\u00f3 Socioesportiva i Guia medi natural):&hellip;  <a href=\"https:\/\/agora.xtec.cat\/ins-nauticabcn\/general\/matricula-cicle-inicial-salvament-i-socorrisme-intensiu-destiu-curs-2025-2026\/\" title=\"Read Matr\u00edcula Cicle inicial SALVAMENT I SOCORRISME Intensiu d\u2019estiu. Curs 2025-2026\">Llegeix m\u00e9s\u00bb<\/a><\/p>\n","protected":false},"author":1,"featured_media":7463,"comment_status":"closed","ping_status":"open","sticky":false,"template":"","format":"standard","meta":{"_bbp_topic_count":0,"_bbp_reply_count":0,"_bbp_total_topic_count":0,"_bbp_total_reply_count":0,"_bbp_voice_count":0,"_bbp_anonymous_reply_count":0,"_bbp_topic_count_hidden":0,"_bbp_reply_count_hidden":0,"_bbp_forum_subforum_count":0,"footnotes":""},"categories":[1,29],"tags":[],"class_list":["post-10557","post","type-post","status-publish","format-standard","has-post-thumbnail","hentry","category-general","category-portada"],"post_mailing_queue_ids":[],"_links":{"self":[{"href":"https:\/\/agora.xtec.cat\/ins-nauticabcn\/wp-json\/wp\/v2\/posts\/10557","targetHints":{"allow":["GET"]}}],"collection":[{"href":"https:\/\/agora.xtec.cat\/ins-nauticabcn\/wp-json\/wp\/v2\/posts"}],"about":[{"href":"https:\/\/agora.xtec.cat\/ins-nauticabcn\/wp-json\/wp\/v2\/types\/post"}],"author":[{"embeddable":true,"href":"https:\/\/agora.xtec.cat\/ins-nauticabcn\/wp-json\/wp\/v2\/users\/1"}],"replies":[{"embeddable":true,"href":"https:\/\/agora.xtec.cat\/ins-nauticabcn\/wp-json\/wp\/v2\/comments?post=10557"}],"version-history":[{"count":5,"href":"https:\/\/agora.xtec.cat\/ins-nauticabcn\/wp-json\/wp\/v2\/posts\/10557\/revisions"}],"predecessor-version":[{"id":10566,"href":"https:\/\/agora.xtec.cat\/ins-nauticabcn\/wp-json\/wp\/v2\/posts\/10557\/revisions\/10566"}],"wp:featuredmedia":[{"embeddable":true,"href":"https:\/\/agora.xtec.cat\/ins-nauticabcn\/wp-json\/wp\/v2\/media\/7463"}],"wp:attachment":[{"href":"https:\/\/agora.xtec.cat\/ins-nauticabcn\/wp-json\/wp\/v2\/media?parent=10557"}],"wp:term":[{"taxonomy":"category","embeddable":true,"href":"https:\/\/agora.xtec.cat\/ins-nauticabcn\/wp-json\/wp\/v2\/categories?post=10557"},{"taxonomy":"post_tag","embeddable":true,"href":"https:\/\/agora.xtec.cat\/ins-nauticabcn\/wp-json\/wp\/v2\/tags?post=10557"}],"curies":[{"name":"wp","href":"https:\/\/api.w.org\/{rel}","templated":true}]}}