{"id":10526,"date":"2026-04-15T12:11:25","date_gmt":"2026-04-15T10:11:25","guid":{"rendered":"https:\/\/agora.xtec.cat\/ins-nauticabcn\/?p=10526"},"modified":"2026-04-27T12:47:46","modified_gmt":"2026-04-27T10:47:46","slug":"calendaris-preinscripcio-i-matricula-ensenyaments-esportius-curs-2026-2027","status":"publish","type":"post","link":"https:\/\/agora.xtec.cat\/ins-nauticabcn\/general\/calendaris-preinscripcio-i-matricula-ensenyaments-esportius-curs-2026-2027\/","title":{"rendered":"Preinscripci\u00f3 i matr\u00edcula Ensenyaments Esportius. Curs 2026-2027"},"content":{"rendered":"<p>&nbsp;<\/p>\n<p><strong><span style=\"color: #ff6600;\">ACCEDIU A LES INSTRUCCIONS PER FER LA PREINSCRIPCI\u00d3 A LES DIFERENTS ESPECIALITATS<\/span><\/strong>\u00a0<a href=\"https:\/\/agora.xtec.cat\/ins-nauticabcn\/estudis\/\" target=\"_blank\" rel=\"noopener\"><strong>AQU\u00cd<\/strong><\/a><\/p>\n<p><strong><span style=\"color: #0000ff;\">FORMULARI PREINSCRIPCI\u00d3<\/span>\u00a0<a href=\"https:\/\/forms.gle\/YwweDMK3BkZUi2uMA\" target=\"_blank\" rel=\"noopener\">AQU\u00cd<\/a><\/strong><\/p>\n<p>__________________________________________________________________________________________________________________________________________________<\/p>\n<p>A continuaci\u00f3 trobareu els <strong>calendaris amb les dates importants<\/strong> per fer la preinscripci\u00f3 i matr\u00edcula per al curs 2026-2027 dels diferents estudis esportius que s&#8217;imparteixen a l&#8217;Institut de N\u00e0utica de Barcelona:<\/p>\n<p><a href=\"https:\/\/agora.xtec.cat\/ins-nauticabcn\/wp-content\/uploads\/usu313\/2026\/04\/CALENDARI-DE-PREINSCRIPCIO-I-MATRICULA-BATX-ESPORTIU-GM-SOS-CURS-2026-2027.docx.pdf\" target=\"_blank\" rel=\"noopener\">BATXILLERAT ESPORTIU (CFGM SALVAMENT I SOCORRISME &#8211; Cicle Inicial)<\/a><\/p>\n<p><a href=\"https:\/\/agora.xtec.cat\/ins-nauticabcn\/wp-content\/uploads\/usu313\/2026\/04\/CALENDARI-DE-PREINSCRIPCIO-I-MATRICULA-BATX-ESPORTIU-GM-VELA-CURS-2026-2027.docx-1.pdf\" target=\"_blank\" rel=\"noopener\">BATXILLERAT ESPORTIU (CFGM VELA AMB APARELL FIX I APARELL LLIURE &#8211; Cicle Inicial)<\/a><\/p>\n<p><a href=\"https:\/\/agora.xtec.cat\/ins-nauticabcn\/wp-content\/uploads\/usu313\/2026\/04\/CALENDARI-CI-VELA-SOS-BUSSEIG-I-PIRAG-26-27.pdf\" target=\"_blank\" rel=\"noopener\">ENSENYAMENTS ESPORTIUS GRAU MITJ\u00c0 Cicle Inicial (SALVAMENT I SOCORRISME, VELA AMB APARELL FIX I APARELL LLIURE, BUSSEIG ESPORTIU, PIRAG\u00dcISME)<\/a><\/p>\n<p><a href=\"https:\/\/agora.xtec.cat\/ins-nauticabcn\/wp-content\/uploads\/usu313\/2026\/04\/CALENDARI-GS-SOS-VELA-FIX-VELA-LLIU-I-PIRAG.pdf\" target=\"_blank\" rel=\"noopener\">ENSENYAMENTS ESPORTIUS GRAU SUPERIOR (VELA APARELL FIX, VELA APARELL LLIURE, SALVAMENT I SOCORRISME, PIRAG\u00dcISME EN AIG\u00dcES TRANQUIL\u00b7LES)<\/a><\/p>\n<ul style=\"list-style-type: disc;\">\n<li><span style=\"text-decoration: underline;\">L&#8217;oferta de places, modalitat i torn per els estudis del grau mitj\u00e0 \u00e9s la seg\u00fcent:<\/span><\/li>\n<\/ul>\n<p><strong>CFGM SALVAMENT I SOCORRISME (cicle inicial):<\/strong> 2 grups de 30 places amb inici de classes al mes de setembre i 1 grup de 30 places amb inici de classes al mes d&#8217;octubre. Torn mat\u00ed. Modalitat presencial.<\/p>\n<p><strong>CFGM VELA AMB APARELL FIX I APARELL LLIURE (cicle inicial):<\/strong> 1 grup de 30 places amb inici de classes al mes d&#8217;octubre. Torn tarda. Modalitat semipresencial.<\/p>\n<p><strong>CFGM BUSSEIG ESPORTIU (cicle inicial):<\/strong> 1 grup de 15 places amb inici de classes al mes d&#8217;octubre. Torn mat\u00ed. Modalitat presencial<\/p>\n<p><strong>CFGM PIRAG\u00dcISME (cicle inicial):<\/strong> 1 grup de 15 places amb inici de classes al mes de setembre. Torn tarda i caps de setmana. Modalitat semipresencial.<\/p>\n<ul style=\"list-style-type: disc;\">\n<li><span style=\"text-decoration: underline;\">L&#8217;oferta de places, modalitat i torn per els estudis de grau superior \u00e9s la seg\u00fcent:<\/span><\/li>\n<\/ul>\n<p><strong>CFGS SALVAMENT I SOCORRISME:<\/strong> 30 places amb inici de classes al mes d&#8217;octubre. Torn mat\u00ed. Modalitat presencial.<\/p>\n<p><strong>CFGS VELA AMB APARELL FIX:<\/strong> 30 places amb inici de classes al mes d&#8217;octubre. Torn tarda. Modalitat semipresencial.<\/p>\n<p><strong>CFGS VELA AMB APARELL LLIURE:<\/strong> 30 places amb inici de classes al mes d&#8217;octubre. Torn tarda. Modalitat semipresencial.<\/p>\n<p><strong>CFGS PIRAG\u00dcISME EN AIG\u00dcES TRANQUIL\u00b7LES:<\/strong> 30 places amb inici de classes al mes d&#8217;octubre. Torn tarda. Modalitat semipresencial.<\/p>\n<p>&nbsp;<\/p>\n<h5><span style=\"color: #000080;\"><strong>FES DEL MAR LA TEVA PROFESSI\u00d3!!<\/strong><\/span><\/h5>\n<p><img loading=\"lazy\" decoding=\"async\" class=\"alignleft\" src=\"https:\/\/agora.xtec.cat\/ins-nauticabcn\/wp-content\/uploads\/usu313\/2026\/04\/IMG-20210218-WA0016.jpg\" width=\"293\" height=\"390\" \/><\/p>\n<p>&nbsp;<\/p>\n<p><span style=\"color: #000080;\"><strong>\u00a0 \u00a0 \u00a0\u00a0<\/strong><\/span><\/p>\n<p><img loading=\"lazy\" decoding=\"async\" class=\"alignleft\" src=\"https:\/\/agora.xtec.cat\/ins-nauticabcn\/wp-content\/uploads\/usu313\/2022\/10\/IMG_20220309_104414-scaled.jpg\" width=\"602\" height=\"301\" \/><\/p>\n<p>&nbsp;<\/p>\n<p>&nbsp;<\/p>\n","protected":false},"excerpt":{"rendered":"<p>&nbsp;<br \/>\nACCEDIU A LES INSTRUCCIONS PER FER LA PREINSCRIPCI\u00d3 A LES DIFERENTS ESPECIALITATS\u00a0<a href=\"https:\/\/agora.xtec.cat\/ins-nauticabcn\/estudis\/\" target=\"_blank\" rel=\"noopener\">AQU\u00cd<\/a><br \/>\nFORMULARI PREINSCRIPCI\u00d3\u00a0<a href=\"https:\/\/forms.gle\/YwweDMK3BkZUi2uMA\" target=\"_blank\" rel=\"noopener\">AQU\u00cd<\/a><br \/>\n__________________________________________________________________________________________________________________________________________________<br \/>\nA continuaci\u00f3 trobareu els calendaris amb les dates importants per fer la preinscripci\u00f3 i matr\u00edcula per al curs 2026-2027 dels diferents estudis esportius que s&#8217;imparteixen a l&#8217;Institut&hellip;  <a href=\"https:\/\/agora.xtec.cat\/ins-nauticabcn\/general\/calendaris-preinscripcio-i-matricula-ensenyaments-esportius-curs-2026-2027\/\" title=\"Read Preinscripci\u00f3 i matr\u00edcula Ensenyaments Esportius. Curs 2026-2027\">Llegeix m\u00e9s\u00bb<\/a><\/p>\n","protected":false},"author":1,"featured_media":10527,"comment_status":"closed","ping_status":"open","sticky":false,"template":"","format":"standard","meta":{"_bbp_topic_count":0,"_bbp_reply_count":0,"_bbp_total_topic_count":0,"_bbp_total_reply_count":0,"_bbp_voice_count":0,"_bbp_anonymous_reply_count":0,"_bbp_topic_count_hidden":0,"_bbp_reply_count_hidden":0,"_bbp_forum_subforum_count":0,"footnotes":""},"categories":[1,29],"tags":[],"class_list":["post-10526","post","type-post","status-publish","format-standard","has-post-thumbnail","hentry","category-general","category-portada"],"post_mailing_queue_ids":[],"_links":{"self":[{"href":"https:\/\/agora.xtec.cat\/ins-nauticabcn\/wp-json\/wp\/v2\/posts\/10526","targetHints":{"allow":["GET"]}}],"collection":[{"href":"https:\/\/agora.xtec.cat\/ins-nauticabcn\/wp-json\/wp\/v2\/posts"}],"about":[{"href":"https:\/\/agora.xtec.cat\/ins-nauticabcn\/wp-json\/wp\/v2\/types\/post"}],"author":[{"embeddable":true,"href":"https:\/\/agora.xtec.cat\/ins-nauticabcn\/wp-json\/wp\/v2\/users\/1"}],"replies":[{"embeddable":true,"href":"https:\/\/agora.xtec.cat\/ins-nauticabcn\/wp-json\/wp\/v2\/comments?post=10526"}],"version-history":[{"count":6,"href":"https:\/\/agora.xtec.cat\/ins-nauticabcn\/wp-json\/wp\/v2\/posts\/10526\/revisions"}],"predecessor-version":[{"id":10664,"href":"https:\/\/agora.xtec.cat\/ins-nauticabcn\/wp-json\/wp\/v2\/posts\/10526\/revisions\/10664"}],"wp:featuredmedia":[{"embeddable":true,"href":"https:\/\/agora.xtec.cat\/ins-nauticabcn\/wp-json\/wp\/v2\/media\/10527"}],"wp:attachment":[{"href":"https:\/\/agora.xtec.cat\/ins-nauticabcn\/wp-json\/wp\/v2\/media?parent=10526"}],"wp:term":[{"taxonomy":"category","embeddable":true,"href":"https:\/\/agora.xtec.cat\/ins-nauticabcn\/wp-json\/wp\/v2\/categories?post=10526"},{"taxonomy":"post_tag","embeddable":true,"href":"https:\/\/agora.xtec.cat\/ins-nauticabcn\/wp-json\/wp\/v2\/tags?post=10526"}],"curies":[{"name":"wp","href":"https:\/\/api.w.org\/{rel}","templated":true}]}}