{"id":11725,"date":"2026-04-09T10:39:07","date_gmt":"2026-04-09T08:39:07","guid":{"rendered":"https:\/\/agora.xtec.cat\/ins-mila-bcn\/?p=11725"},"modified":"2026-04-09T10:39:30","modified_gmt":"2026-04-09T08:39:30","slug":"erasmus-fent-classes-de-castella-a-linstitut-nissnikun-school-de-finlandia","status":"publish","type":"post","link":"https:\/\/agora.xtec.cat\/ins-mila-bcn\/general\/erasmus-fent-classes-de-castella-a-linstitut-nissnikun-school-de-finlandia\/","title":{"rendered":"Erasmus+ fent classes de castell\u00e0 a l\u2019institut Nissnikun School de Finl\u00e0ndia"},"content":{"rendered":"<p>Avui, la Merc\u00e8 i la S\u00f2nia estan fent classes de castell\u00e0 a l\u2019institut Nissnikun School de Finl\u00e0ndia\u00a0<img decoding=\"async\" class=\"an1\" draggable=\"false\" src=\"https:\/\/fonts.gstatic.com\/s\/e\/notoemoji\/17.0\/1f1eb_1f1ee\/32.png\" alt=\"\ud83c\uddeb\ud83c\uddee\" data-emoji=\"\ud83c\uddeb\ud83c\uddee\" aria-label=\"\ud83c\uddeb\ud83c\uddee\" \/>\u00a0dins del programa Erasmus+. Una experi\u00e8ncia d\u2019intercanvi, aprenentatge i connexi\u00f3 entre cultures\u00a0<img decoding=\"async\" class=\"an1\" draggable=\"false\" src=\"https:\/\/fonts.gstatic.com\/s\/e\/notoemoji\/17.0\/2728\/32.png\" alt=\"\u2728\" data-emoji=\"\u2728\" aria-label=\"\u2728\" \/><\/p>\n<p>Hoy, Merc\u00e8 y Sonia est\u00e1n dando clases de espa\u00f1ol en el instituto Nissnikun School de Finlandia\u00a0<img decoding=\"async\" class=\"an1\" draggable=\"false\" src=\"https:\/\/fonts.gstatic.com\/s\/e\/notoemoji\/17.0\/1f1eb_1f1ee\/32.png\" alt=\"\ud83c\uddeb\ud83c\uddee\" data-emoji=\"\ud83c\uddeb\ud83c\uddee\" aria-label=\"\ud83c\uddeb\ud83c\uddee\" \/>\u00a0dentro del programa Erasmus+. Una experiencia de intercambio, aprendizaje y conexi\u00f3n entre culturas\u00a0<img decoding=\"async\" class=\"an1\" draggable=\"false\" src=\"https:\/\/fonts.gstatic.com\/s\/e\/notoemoji\/17.0\/2728\/32.png\" alt=\"\u2728\" data-emoji=\"\u2728\" aria-label=\"\u2728\" \/><\/p>\n<p>Today, Merc\u00e8 and Sonia are teaching Spanish at Nissnikun School in Finland\u00a0<img decoding=\"async\" class=\"an1\" draggable=\"false\" src=\"https:\/\/fonts.gstatic.com\/s\/e\/notoemoji\/17.0\/1f1eb_1f1ee\/32.png\" alt=\"\ud83c\uddeb\ud83c\uddee\" data-emoji=\"\ud83c\uddeb\ud83c\uddee\" aria-label=\"\ud83c\uddeb\ud83c\uddee\" \/>\u00a0as part of the Erasmus+ programme. A great experience of exchange, learning and cultural connection\u00a0<img decoding=\"async\" class=\"an1\" draggable=\"false\" src=\"https:\/\/fonts.gstatic.com\/s\/e\/notoemoji\/17.0\/2728\/32.png\" alt=\"\u2728\" data-emoji=\"\u2728\" aria-label=\"\u2728\" \/><\/p>\n<p>#erasmusplus #jobshadowing #education #exchange #teachers #learning #school #finland<\/p>\n<p><img loading=\"lazy\" decoding=\"async\" class=\"alignnone size-full wp-image-11726\" src=\"https:\/\/agora.xtec.cat\/ins-mila-bcn\/wp-content\/uploads\/usu1834\/2026\/04\/2171ab9a-f3ef-4d0e-b9f6-b9705aae03aa.jpeg\" alt=\"\" width=\"1600\" height=\"1200\" srcset=\"https:\/\/agora.xtec.cat\/ins-mila-bcn\/wp-content\/uploads\/usu1834\/2026\/04\/2171ab9a-f3ef-4d0e-b9f6-b9705aae03aa.jpeg 1600w, https:\/\/agora.xtec.cat\/ins-mila-bcn\/wp-content\/uploads\/usu1834\/2026\/04\/2171ab9a-f3ef-4d0e-b9f6-b9705aae03aa-300x225.jpeg 300w, https:\/\/agora.xtec.cat\/ins-mila-bcn\/wp-content\/uploads\/usu1834\/2026\/04\/2171ab9a-f3ef-4d0e-b9f6-b9705aae03aa-1024x768.jpeg 1024w, https:\/\/agora.xtec.cat\/ins-mila-bcn\/wp-content\/uploads\/usu1834\/2026\/04\/2171ab9a-f3ef-4d0e-b9f6-b9705aae03aa-768x576.jpeg 768w, https:\/\/agora.xtec.cat\/ins-mila-bcn\/wp-content\/uploads\/usu1834\/2026\/04\/2171ab9a-f3ef-4d0e-b9f6-b9705aae03aa-1536x1152.jpeg 1536w, https:\/\/agora.xtec.cat\/ins-mila-bcn\/wp-content\/uploads\/usu1834\/2026\/04\/2171ab9a-f3ef-4d0e-b9f6-b9705aae03aa-200x150.jpeg 200w\" sizes=\"auto, (max-width: 1600px) 100vw, 1600px\" \/> <img loading=\"lazy\" decoding=\"async\" class=\"alignnone size-full wp-image-11727\" src=\"https:\/\/agora.xtec.cat\/ins-mila-bcn\/wp-content\/uploads\/usu1834\/2026\/04\/7c08e314-23a1-4f69-8dad-d7a6b53e0105.jpeg\" alt=\"\" width=\"1600\" height=\"1200\" srcset=\"https:\/\/agora.xtec.cat\/ins-mila-bcn\/wp-content\/uploads\/usu1834\/2026\/04\/7c08e314-23a1-4f69-8dad-d7a6b53e0105.jpeg 1600w, https:\/\/agora.xtec.cat\/ins-mila-bcn\/wp-content\/uploads\/usu1834\/2026\/04\/7c08e314-23a1-4f69-8dad-d7a6b53e0105-300x225.jpeg 300w, https:\/\/agora.xtec.cat\/ins-mila-bcn\/wp-content\/uploads\/usu1834\/2026\/04\/7c08e314-23a1-4f69-8dad-d7a6b53e0105-1024x768.jpeg 1024w, https:\/\/agora.xtec.cat\/ins-mila-bcn\/wp-content\/uploads\/usu1834\/2026\/04\/7c08e314-23a1-4f69-8dad-d7a6b53e0105-768x576.jpeg 768w, https:\/\/agora.xtec.cat\/ins-mila-bcn\/wp-content\/uploads\/usu1834\/2026\/04\/7c08e314-23a1-4f69-8dad-d7a6b53e0105-1536x1152.jpeg 1536w, https:\/\/agora.xtec.cat\/ins-mila-bcn\/wp-content\/uploads\/usu1834\/2026\/04\/7c08e314-23a1-4f69-8dad-d7a6b53e0105-200x150.jpeg 200w\" sizes=\"auto, (max-width: 1600px) 100vw, 1600px\" \/> <img loading=\"lazy\" decoding=\"async\" class=\"alignnone size-full wp-image-11728\" src=\"https:\/\/agora.xtec.cat\/ins-mila-bcn\/wp-content\/uploads\/usu1834\/2026\/04\/58b3b416-78a1-4173-b0fc-8e04d744d3c8.jpeg\" alt=\"\" width=\"1200\" height=\"1600\" srcset=\"https:\/\/agora.xtec.cat\/ins-mila-bcn\/wp-content\/uploads\/usu1834\/2026\/04\/58b3b416-78a1-4173-b0fc-8e04d744d3c8.jpeg 1200w, https:\/\/agora.xtec.cat\/ins-mila-bcn\/wp-content\/uploads\/usu1834\/2026\/04\/58b3b416-78a1-4173-b0fc-8e04d744d3c8-225x300.jpeg 225w, https:\/\/agora.xtec.cat\/ins-mila-bcn\/wp-content\/uploads\/usu1834\/2026\/04\/58b3b416-78a1-4173-b0fc-8e04d744d3c8-768x1024.jpeg 768w, https:\/\/agora.xtec.cat\/ins-mila-bcn\/wp-content\/uploads\/usu1834\/2026\/04\/58b3b416-78a1-4173-b0fc-8e04d744d3c8-1152x1536.jpeg 1152w\" sizes=\"auto, (max-width: 1200px) 100vw, 1200px\" \/><\/p>\n","protected":false},"excerpt":{"rendered":"<p>Avui, la Merc\u00e8 i la S\u00f2nia estan fent classes de castell\u00e0 a l\u2019institut Nissnikun School de Finl\u00e0ndia\u00a0\u00a0dins del programa Erasmus+. Una experi\u00e8ncia d\u2019intercanvi, aprenentatge i connexi\u00f3 entre cultures\u00a0<br \/>\nHoy, Merc\u00e8 y Sonia est\u00e1n dando clases de espa\u00f1ol en el instituto Nissnikun School de Finlandia\u00a0\u00a0dentro del programa&hellip;  <a href=\"https:\/\/agora.xtec.cat\/ins-mila-bcn\/general\/erasmus-fent-classes-de-castella-a-linstitut-nissnikun-school-de-finlandia\/\" title=\"Read Erasmus+ fent classes de castell\u00e0 a l\u2019institut Nissnikun School de Finl\u00e0ndia\">Llegeix m\u00e9s\u00bb<\/a><\/p>\n","protected":false},"author":16,"featured_media":11727,"comment_status":"closed","ping_status":"open","sticky":false,"template":"","format":"standard","meta":{"_bbp_topic_count":0,"_bbp_reply_count":0,"_bbp_total_topic_count":0,"_bbp_total_reply_count":0,"_bbp_voice_count":0,"_bbp_anonymous_reply_count":0,"_bbp_topic_count_hidden":0,"_bbp_reply_count_hidden":0,"_bbp_forum_subforum_count":0,"footnotes":""},"categories":[1],"tags":[159,160],"class_list":["post-11725","post","type-post","status-publish","format-standard","has-post-thumbnail","hentry","category-general","tag-erasmus","tag-internacionalitzacio"],"post_mailing_queue_ids":[],"_links":{"self":[{"href":"https:\/\/agora.xtec.cat\/ins-mila-bcn\/wp-json\/wp\/v2\/posts\/11725","targetHints":{"allow":["GET"]}}],"collection":[{"href":"https:\/\/agora.xtec.cat\/ins-mila-bcn\/wp-json\/wp\/v2\/posts"}],"about":[{"href":"https:\/\/agora.xtec.cat\/ins-mila-bcn\/wp-json\/wp\/v2\/types\/post"}],"author":[{"embeddable":true,"href":"https:\/\/agora.xtec.cat\/ins-mila-bcn\/wp-json\/wp\/v2\/users\/16"}],"replies":[{"embeddable":true,"href":"https:\/\/agora.xtec.cat\/ins-mila-bcn\/wp-json\/wp\/v2\/comments?post=11725"}],"version-history":[{"count":1,"href":"https:\/\/agora.xtec.cat\/ins-mila-bcn\/wp-json\/wp\/v2\/posts\/11725\/revisions"}],"predecessor-version":[{"id":11729,"href":"https:\/\/agora.xtec.cat\/ins-mila-bcn\/wp-json\/wp\/v2\/posts\/11725\/revisions\/11729"}],"wp:featuredmedia":[{"embeddable":true,"href":"https:\/\/agora.xtec.cat\/ins-mila-bcn\/wp-json\/wp\/v2\/media\/11727"}],"wp:attachment":[{"href":"https:\/\/agora.xtec.cat\/ins-mila-bcn\/wp-json\/wp\/v2\/media?parent=11725"}],"wp:term":[{"taxonomy":"category","embeddable":true,"href":"https:\/\/agora.xtec.cat\/ins-mila-bcn\/wp-json\/wp\/v2\/categories?post=11725"},{"taxonomy":"post_tag","embeddable":true,"href":"https:\/\/agora.xtec.cat\/ins-mila-bcn\/wp-json\/wp\/v2\/tags?post=11725"}],"curies":[{"name":"wp","href":"https:\/\/api.w.org\/{rel}","templated":true}]}}