{"id":3985,"date":"2026-09-04T08:35:23","date_gmt":"2026-09-04T06:35:23","guid":{"rendered":"https:\/\/agora.xtec.cat\/ins-itaeb\/?p=3985"},"modified":"2026-09-04T09:00:29","modified_gmt":"2026-09-04T07:00:29","slug":"inici-de-curs-2026-27","status":"publish","type":"post","link":"https:\/\/agora.xtec.cat\/ins-itaeb\/general\/inici-de-curs-2026-27\/","title":{"rendered":"Inici de curs 2026-27 a l&#8217;ITAEB"},"content":{"rendered":"<p data-path-to-node=\"3\"><b data-path-to-node=\"3\" data-index-in-node=\"0\"><a href=\"https:\/\/agora.xtec.cat\/ins-itaeb\/wp-content\/uploads\/usu2388\/2026\/09\/alumnat-e1788505043846.png\"><img loading=\"lazy\" decoding=\"async\" class=\"wp-image-3991 size-medium alignleft\" src=\"https:\/\/agora.xtec.cat\/ins-itaeb\/wp-content\/uploads\/usu2388\/2026\/09\/alumnat-e1788505043846-300x289.png\" alt=\"\" width=\"300\" height=\"289\" srcset=\"https:\/\/agora.xtec.cat\/ins-itaeb\/wp-content\/uploads\/usu2388\/2026\/09\/alumnat-e1788505043846-300x289.png 300w, https:\/\/agora.xtec.cat\/ins-itaeb\/wp-content\/uploads\/usu2388\/2026\/09\/alumnat-e1788505043846.png 448w\" sizes=\"auto, (max-width: 300px) 100vw, 300px\" \/><\/a><\/b><\/p>\n<p data-path-to-node=\"3\"><b data-path-to-node=\"3\" data-index-in-node=\"0\"><\/p>\n<p>Benvolgudes fam\u00edlies,<\/b><\/p>\n<p data-path-to-node=\"4\">Des de l&#8217;ITAEB us donem la benvinguda al nou curs acad\u00e8mic, que afrontem amb molta il\u00b7lusi\u00f3 per acompanyar l&#8217;alumnat en la seva etapa formativa i personal.<\/p>\n<p data-path-to-node=\"5\">Us informem dels detalls organitzatius principals per a l&#8217;inici de curs:<\/p>\n<h3 data-path-to-node=\"7\"><\/h3>\n<h3 data-path-to-node=\"7\">Batxillerat: Jornada de Presentaci\u00f3 i afectaci\u00f3 per la vaga docent<\/h3>\n<p data-path-to-node=\"8,0,0\"><b data-path-to-node=\"8,0,0\" data-index-in-node=\"0\">&#8211; Dimarts 8 de setembre (Convocat\u00f2ria de vaga docent):<\/b> L&#8217;inici de curs es veur\u00e0 afectat i no es podr\u00e0 desenvolupar la jornada de presentaci\u00f3 amb normalitat. Els <b data-path-to-node=\"8,0,0\" data-index-in-node=\"159\">serveis m\u00ednims establerts estan garantits<\/b> per a tot l&#8217;alumnat que decideixi assistir al centre.<\/p>\n<p data-path-to-node=\"8,1,0\"><b data-path-to-node=\"8,1,0\" data-index-in-node=\"0\">&#8211; Dimecres 9 de setembre (Jornada de Presentaci\u00f3):<\/b> La presentaci\u00f3 oficial amb el tutor o tutora es far\u00e0 el dia <b data-path-to-node=\"8,1,0\" data-index-in-node=\"108\">9 de setembre<\/b> (tant per a 1r com per a 2n de Batxillerat).<\/p>\n<p data-path-to-node=\"8,2,0\">\ud83d\udce9 <i data-path-to-node=\"8,2,0\" data-index-in-node=\"3\">Aquest proper dilluns rebreu un correu electr\u00f2nic amb les indicacions precises sobre l&#8217;organitzaci\u00f3 d&#8217;aquests primers dies.<\/i><\/p>\n<h3 data-path-to-node=\"10\">Cicles Formatius: Inici de les classes<\/h3>\n<p data-path-to-node=\"11,0,0\"><b data-path-to-node=\"11,0,0\" data-index-in-node=\"0\">Inici del curs:<\/b> Les classes dels Cicles Formatius comen\u00e7aran el <b data-path-to-node=\"11,0,0\" data-index-in-node=\"64\">dilluns 14 de setembre<\/b>.<\/p>\n<p data-path-to-node=\"11,1,0\">\ud83d\udce9 <i data-path-to-node=\"11,1,0\" data-index-in-node=\"3\">M\u00e9s endavant s&#8217;enviar\u00e0 un correu electr\u00f2nic especificat a l&#8217;alumnat i a les fam\u00edlies amb tota la informaci\u00f3 detallada.<\/i><\/p>\n<h3 data-path-to-node=\"13\">\ud83d\udce2 Posicionament de la comunitat educativa<\/h3>\n<p data-path-to-node=\"14\">La comunitat educativa de l\u2019ITAEB vol expressar el seu suport a la convocat\u00f2ria de vaga docent del 8 de setembre, reafirmant el nostre comprom\u00eds ferm amb la millora de la qualitat de l&#8217;educaci\u00f3, de les condicions dels centres i, de manera espec\u00edfica, dels ensenyaments de Batxillerat i Formaci\u00f3 Professional.<\/p>\n<p data-path-to-node=\"16\">Agra\u00efm la vostra comprensi\u00f3 i confian\u00e7a. Restem a la vostra disposici\u00f3 per a qualsevol dubte o aclariment.<\/p>\n","protected":false},"excerpt":{"rendered":"<p><a href=\"https:\/\/agora.xtec.cat\/ins-itaeb\/wp-content\/uploads\/usu2388\/2026\/09\/alumnat-e1788505043846.png\"><\/a><\/p>\n<p>Benvolgudes fam\u00edlies,<br \/>\nDes de l&#8217;ITAEB us donem la benvinguda al nou curs acad\u00e8mic, que afrontem amb molta il\u00b7lusi\u00f3 per acompanyar l&#8217;alumnat en la seva etapa formativa i personal.<br \/>\nUs informem dels detalls organitzatius principals per a l&#8217;inici de curs:<\/p>\n<p>Batxillerat: Jornada de Presentaci\u00f3 i afectaci\u00f3 per la&hellip;  <a href=\"https:\/\/agora.xtec.cat\/ins-itaeb\/general\/inici-de-curs-2026-27\/\" title=\"Read Inici de curs 2026-27 a l&#8217;ITAEB\">Llegeix m\u00e9s\u00bb<\/a><\/p>\n","protected":false},"author":1,"featured_media":0,"comment_status":"closed","ping_status":"open","sticky":false,"template":"","format":"standard","meta":{"_bbp_topic_count":0,"_bbp_reply_count":0,"_bbp_total_topic_count":0,"_bbp_total_reply_count":0,"_bbp_voice_count":0,"_bbp_anonymous_reply_count":0,"_bbp_topic_count_hidden":0,"_bbp_reply_count_hidden":0,"_bbp_forum_subforum_count":0,"footnotes":""},"categories":[1],"tags":[],"class_list":["post-3985","post","type-post","status-publish","format-standard","hentry","category-general"],"post_mailing_queue_ids":[],"_links":{"self":[{"href":"https:\/\/agora.xtec.cat\/ins-itaeb\/wp-json\/wp\/v2\/posts\/3985","targetHints":{"allow":["GET"]}}],"collection":[{"href":"https:\/\/agora.xtec.cat\/ins-itaeb\/wp-json\/wp\/v2\/posts"}],"about":[{"href":"https:\/\/agora.xtec.cat\/ins-itaeb\/wp-json\/wp\/v2\/types\/post"}],"author":[{"embeddable":true,"href":"https:\/\/agora.xtec.cat\/ins-itaeb\/wp-json\/wp\/v2\/users\/1"}],"replies":[{"embeddable":true,"href":"https:\/\/agora.xtec.cat\/ins-itaeb\/wp-json\/wp\/v2\/comments?post=3985"}],"version-history":[{"count":6,"href":"https:\/\/agora.xtec.cat\/ins-itaeb\/wp-json\/wp\/v2\/posts\/3985\/revisions"}],"predecessor-version":[{"id":4003,"href":"https:\/\/agora.xtec.cat\/ins-itaeb\/wp-json\/wp\/v2\/posts\/3985\/revisions\/4003"}],"wp:attachment":[{"href":"https:\/\/agora.xtec.cat\/ins-itaeb\/wp-json\/wp\/v2\/media?parent=3985"}],"wp:term":[{"taxonomy":"category","embeddable":true,"href":"https:\/\/agora.xtec.cat\/ins-itaeb\/wp-json\/wp\/v2\/categories?post=3985"},{"taxonomy":"post_tag","embeddable":true,"href":"https:\/\/agora.xtec.cat\/ins-itaeb\/wp-json\/wp\/v2\/tags?post=3985"}],"curies":[{"name":"wp","href":"https:\/\/api.w.org\/{rel}","templated":true}]}}