{"id":3971,"date":"2026-09-03T15:47:37","date_gmt":"2026-09-03T13:47:37","guid":{"rendered":"https:\/\/agora.xtec.cat\/ins-itaeb\/?p=3971"},"modified":"2026-09-04T08:29:12","modified_gmt":"2026-09-04T06:29:12","slug":"gestio-de-la-cua-virtual-de-les-places-vacants-dfp-del-setembre","status":"publish","type":"post","link":"https:\/\/agora.xtec.cat\/ins-itaeb\/general\/gestio-de-la-cua-virtual-de-les-places-vacants-dfp-del-setembre\/","title":{"rendered":"Gesti\u00f3 de la cua virtual de les vacants d&#8217;FP de setembre"},"content":{"rendered":"<p data-path-to-node=\"3\">Si no vas participar en la preinscripci\u00f3 del Departament d\u2019Educaci\u00f3 o no vas obtenir assignaci\u00f3 als cicles formatius de grau mitj\u00e0 o superior, pots intentar aconseguir una de les places vacants apuntant-te a la <b data-path-to-node=\"3\" data-index-in-node=\"180\">cua virtual<\/b>.<\/p>\n<p data-path-to-node=\"3\"><strong>La inscripci\u00f3 s\u2019obrir\u00e0 de manera centralitzada per a tots els centres el pr\u00f2xim<\/strong> <b data-path-to-node=\"4\" data-index-in-node=\"121\">7 de setembre<\/b>, des de les\u00a0<b data-path-to-node=\"4\" data-index-in-node=\"147\">09:00 h fins a les 23:59 h<\/b>. El Departament d&#8217;Educaci\u00f3 i Formaci\u00f3 Professional, publicar\u00e0 al web de\u00a0<a href=\"https:\/\/preinscripcio.gencat.cat\/ca\/inici\/\">preinscripci\u00f3<\/a>\u00a0les places vacants, per centre educatiu.<\/p>\n<h5><a href=\"https:\/\/aplicacions.gestioeducativa.gencat.cat\/ords\/pls\/apex\/f?p=20160079072543618:650:::NO:650:P650_CENTRE:7A9573EE8A9EA855BE09114894C90545CADB35FA70DA8E71\" target=\"_blank\" rel=\"noopener\"><strong>&gt;&gt; Acc\u00e9s a l&#8217;enlla\u00e7 de la cua virtual<\/strong><\/a><\/h5>\n<h4 data-path-to-node=\"3\">Qu\u00e8 ha de fer l&#8217;alumnat?<\/h4>\n<div>\n<p>L&#8217;alumnat que estigui interessat en alguna de les places vacants del centre haur\u00e0 d\u2019accedir al<span style=\"text-decoration: underline;\"> web del centre i seleccionar l\u2019enlla\u00e7<\/span> per a l\u2019obtenci\u00f3 d\u2019un n\u00famero de torn.<\/p>\n<p><span lang=\"CA-ES\"><span lang=\"CA-ES\">L\u2019alumnat<span style=\"text-decoration: underline;\"> es pot inscriure, simult\u00e0niament, a la cua virtual de qualsevol centre que disposi de vacants<\/span>. En aquesta fase no se sol\u00b7licita pla\u00e7a per a un cicle formatiu concret, sin\u00f3 que la inscripci\u00f3 es fa a nivell de centre.<\/span><\/span><\/p>\n<p><span lang=\"CA-ES\">*Cal tenir present que<span style=\"text-decoration: underline;\"> la <\/span><\/span><span style=\"text-decoration: underline;\"><span lang=\"CA-ES\">posici\u00f3 a la cua determina \u00fanicament l\u2019ordre d&#8217;atenci\u00f3 i no garanteix l\u2019obtenci\u00f3 d\u2019una pla\u00e7a determinada<\/span><\/span><span lang=\"CA-ES\">. At\u00e8s que la cua \u00e9s pr\u00f2pia del centre i no d&#8217;un cicle formatiu espec\u00edfic, l&#8217;adjudicaci\u00f3 final dependr\u00e0 tant de les vacants disponibles en cada cicle en el moment de l&#8217;atenci\u00f3 com de les opcions escollides per les persones que hagin estat ateses amb anterioritat.<\/span><\/p>\n<\/div>\n","protected":false},"excerpt":{"rendered":"<p>Si no vas participar en la preinscripci\u00f3 del Departament d\u2019Educaci\u00f3 o no vas obtenir assignaci\u00f3 als cicles formatius de grau mitj\u00e0 o superior, pots intentar aconseguir una de les places vacants apuntant-te a la cua virtual.<br \/>\nLa inscripci\u00f3 s\u2019obrir\u00e0 de manera centralitzada per a tots els&hellip;  <a href=\"https:\/\/agora.xtec.cat\/ins-itaeb\/general\/gestio-de-la-cua-virtual-de-les-places-vacants-dfp-del-setembre\/\" title=\"Read Gesti\u00f3 de la cua virtual de les vacants d&#8217;FP de setembre\">Llegeix m\u00e9s\u00bb<\/a><\/p>\n","protected":false},"author":1,"featured_media":3977,"comment_status":"closed","ping_status":"open","sticky":false,"template":"","format":"standard","meta":{"_bbp_topic_count":0,"_bbp_reply_count":0,"_bbp_total_topic_count":0,"_bbp_total_reply_count":0,"_bbp_voice_count":0,"_bbp_anonymous_reply_count":0,"_bbp_topic_count_hidden":0,"_bbp_reply_count_hidden":0,"_bbp_forum_subforum_count":0,"footnotes":""},"categories":[1],"tags":[],"class_list":["post-3971","post","type-post","status-publish","format-standard","has-post-thumbnail","hentry","category-general"],"post_mailing_queue_ids":[],"_links":{"self":[{"href":"https:\/\/agora.xtec.cat\/ins-itaeb\/wp-json\/wp\/v2\/posts\/3971","targetHints":{"allow":["GET"]}}],"collection":[{"href":"https:\/\/agora.xtec.cat\/ins-itaeb\/wp-json\/wp\/v2\/posts"}],"about":[{"href":"https:\/\/agora.xtec.cat\/ins-itaeb\/wp-json\/wp\/v2\/types\/post"}],"author":[{"embeddable":true,"href":"https:\/\/agora.xtec.cat\/ins-itaeb\/wp-json\/wp\/v2\/users\/1"}],"replies":[{"embeddable":true,"href":"https:\/\/agora.xtec.cat\/ins-itaeb\/wp-json\/wp\/v2\/comments?post=3971"}],"version-history":[{"count":6,"href":"https:\/\/agora.xtec.cat\/ins-itaeb\/wp-json\/wp\/v2\/posts\/3971\/revisions"}],"predecessor-version":[{"id":3976,"href":"https:\/\/agora.xtec.cat\/ins-itaeb\/wp-json\/wp\/v2\/posts\/3971\/revisions\/3976"}],"wp:featuredmedia":[{"embeddable":true,"href":"https:\/\/agora.xtec.cat\/ins-itaeb\/wp-json\/wp\/v2\/media\/3977"}],"wp:attachment":[{"href":"https:\/\/agora.xtec.cat\/ins-itaeb\/wp-json\/wp\/v2\/media?parent=3971"}],"wp:term":[{"taxonomy":"category","embeddable":true,"href":"https:\/\/agora.xtec.cat\/ins-itaeb\/wp-json\/wp\/v2\/categories?post=3971"},{"taxonomy":"post_tag","embeddable":true,"href":"https:\/\/agora.xtec.cat\/ins-itaeb\/wp-json\/wp\/v2\/tags?post=3971"}],"curies":[{"name":"wp","href":"https:\/\/api.w.org\/{rel}","templated":true}]}}