{"id":3479,"date":"2026-02-13T12:45:46","date_gmt":"2026-02-13T11:45:46","guid":{"rendered":"https:\/\/agora.xtec.cat\/ins-itaeb\/?p=3479"},"modified":"2026-04-17T12:29:33","modified_gmt":"2026-04-17T10:29:33","slug":"jornada-de-portes-obertes-2026","status":"publish","type":"post","link":"https:\/\/agora.xtec.cat\/ins-itaeb\/general\/jornada-de-portes-obertes-2026\/","title":{"rendered":"Jornada de Portes Obertes 2026"},"content":{"rendered":"<p><img loading=\"lazy\" decoding=\"async\" class=\"aligncenter\" src=\"https:\/\/agora.xtec.cat\/ins-itaeb\/wp-content\/uploads\/usu2388\/2026\/01\/PPOO-2025.jpg\" width=\"761\" height=\"275\" \/><\/p>\n<p>A partir del mes de mar\u00e7, acollirem les Jornades de Portes Obertes a l&#8217;ITAEB, on us informarem de les caracter\u00edstiques dels estudis que s&#8217;imparteixen al centre i podreu visitar les nostres instal\u00b7lacions. En aquestes jornades presencials hi participen membres de l&#8217;equip directiu, de l&#8217;equip docent i una representaci\u00f3 de l&#8217;alumnat del centre.<\/p>\n<p><span style=\"text-decoration: underline;\">Per poder assistir-hi \u00e9s imprescindible inscriure&#8217;s al formulari que trobareu enlla\u00e7at en cadascun dels estudis<\/span>.\u00a0Degut a la limitaci\u00f3 d&#8217;aforament, la persona inscrita podr\u00e0 assistir a les Portes Obertes\u00a0<u>amb un \u00fanic acompanyant<\/u>\u00a0 i els formularis es tancaran quan s&#8217;arribi al m\u00e0xim d&#8217;aforament.<\/p>\n<h5>Sessi\u00f3 per streaming<\/h5>\n<p>Per totes aquelles persones interessades que no heu pogut accedir al formulari us informem que la sessi\u00f3 ser\u00e0 emesa per streaming, <strong>podeu accedir a l&#8217;enlla\u00e7 <a href=\"https:\/\/www.twitch.tv\/itaeb\" target=\"_blank\" rel=\"noopener\">aqu\u00ed<\/a>.<\/strong><\/p>\n<h4><span style=\"text-decoration: underline; color: #000000;\"><strong>INSCRIPCI\u00d3:<\/strong><\/span><\/h4>\n<p><strong><span style=\"color: #000000;\">BATXILLERAT TECNOL\u00d2GIC AUDIOVISUAL \/ <\/span><\/strong><strong><span style=\"color: #000000;\">BATXILLERAT ARTS ESC\u00c8NIQUES<\/span><\/strong><\/p>\n<ul>\n<li>Dilluns, 23 de mar\u00e7 de 2026, a les 18:00h a la seu del carrer Almog\u00e0vers, 131-135.\u00a0 <em>Podeu trobar la presentaci\u00f3 <a href=\"https:\/\/agora.xtec.cat\/ins-itaeb\/wp-content\/uploads\/usu2388\/2026\/03\/0.-PPOO-BTX-26.pdf\" target=\"_blank\" rel=\"noopener\">aqu\u00ed<\/a>.<\/em><\/li>\n<\/ul>\n<p><span style=\"color: #009fe3;\"><strong>CFGS T\u00c8CNIQUES D&#8217;ACTUACI\u00d3 TEATRAL<\/strong><\/span><\/p>\n<ul>\n<li>Dimecres, 25 de mar\u00e7 2026, a les 18:00h a la seu del carrer Almog\u00e0vers, 131-135. <em>Podeu trobar la presentaci\u00f3 <a href=\"https:\/\/agora.xtec.cat\/ins-itaeb\/wp-content\/uploads\/usu2388\/2026\/03\/0.-PPOO-TAT-26.pdf\" target=\"_blank\" rel=\"noopener\">aqu\u00ed<\/a>.<\/em><\/li>\n<\/ul>\n<p><span style=\"color: #fbba00;\"><strong>CFGM V\u00cdDEO, DISCJ\u00d2QUEI I SO<\/strong><\/span><\/p>\n<ul>\n<li>Dimecres, 8 d&#8217;abril de 2026, a les 18:00h\u00a0a la seu del carrer Almog\u00e0vers, 131-135. <i>Podeu trobar la presentaci\u00f3 <a href=\"https:\/\/agora.xtec.cat\/ins-itaeb\/wp-content\/uploads\/usu2388\/2026\/04\/0.-PPOO-VDJ-26.pptx.pdf\" target=\"_blank\" rel=\"noopener\">aqu\u00ed<\/a>.<\/i><\/li>\n<\/ul>\n<p><strong><span style=\"color: #fbba00;\">CFGS PRODUCCI\u00d3 D&#8217;AUDIOVISUALS I ESPECTACLES \/ <\/span><\/strong><strong><span style=\"color: #fbba00;\">CFGS REALITZACI\u00d3 DE PROJECTES D&#8217;AUDIOVISUALS I ESPECTACLE\u00a0<\/span><\/strong><\/p>\n<ul>\n<li>Dimecres, 15 d&#8217;abril de 2026, a les 18:00h\u00a0a la seu del carrer Almog\u00e0vers, 131-135. <em>Podeu trobar la presentaci\u00f3 <a href=\"https:\/\/agora.xtec.cat\/ins-itaeb\/wp-content\/uploads\/usu2388\/2026\/02\/0.-PPOO-REA-PROD-26.pdf\" target=\"_blank\" rel=\"noopener\">aqu\u00ed<\/a>.<\/em><\/li>\n<\/ul>\n<p><span style=\"color: #e30613;\"><strong>CFGS D&#8217;ARTS ESC\u00c8NIQUES (Maquin\u00e0ria Esc\u00e8nica, Luminot\u00e8cnia per a les Arts Esc\u00e8niques, Sonoritzaci\u00f3 per a les Arts Esc\u00e8niques)<\/strong><\/span><\/p>\n<ul>\n<li>Dimecres, <strong>22 d&#8217;abril de 2026<\/strong>, a les <strong>16:30h<\/strong> a les instal\u00b7lacions de l&#8217;institut a<strong> l&#8217;edifici Tallers del TNC<\/strong> (Carrer Ribes, cantonada amb carrer Padilla). <strong><a href=\"https:\/\/docs.google.com\/forms\/d\/e\/1FAIpQLSdiXKKTjz5HKL_ip9D_8zbrU4obdTR7OW4sv2l4qeoP90Gt0w\/viewform?usp=sharing&amp;ouid=104446372440318940506\" target=\"_blank\" rel=\"noopener\">Formulari d&#8217;inscripci\u00f3<\/a><\/strong><\/li>\n<\/ul>\n<p>&nbsp;<\/p>\n<p>&nbsp;<\/p>\n","protected":false},"excerpt":{"rendered":"<p>A partir del mes de mar\u00e7, acollirem les Jornades de Portes Obertes a l&#8217;ITAEB, on us informarem de les caracter\u00edstiques dels estudis que s&#8217;imparteixen al centre i podreu visitar les nostres instal\u00b7lacions. En aquestes jornades presencials hi participen membres de l&#8217;equip directiu, de l&#8217;equip docent i una representaci\u00f3 de l&#8217;alumnat del centre.<\/p>\n<p>Per poder assistir-hi \u00e9s imprescindible inscriure&#8217;s al formulari que trobareu enlla\u00e7at en cadascun dels estudis.\u00a0Degut a la limitaci\u00f3 d&#8217;aforament, la persona inscrita podr\u00e0 assistir a les Portes Obertes\u00a0amb un \u00fanic acompanyant\u00a0 i els formularis es tancaran quan s&#8217;arribi al m\u00e0xim d&#8217;aforament.&hellip;  <a href=\"https:\/\/agora.xtec.cat\/ins-itaeb\/general\/jornada-de-portes-obertes-2026\/\" title=\"Read Jornada de Portes Obertes 2026\">Llegeix m\u00e9s\u00bb<\/a><\/p>\n","protected":false},"author":1,"featured_media":3481,"comment_status":"closed","ping_status":"open","sticky":true,"template":"","format":"standard","meta":{"_bbp_topic_count":0,"_bbp_reply_count":0,"_bbp_total_topic_count":0,"_bbp_total_reply_count":0,"_bbp_voice_count":0,"_bbp_anonymous_reply_count":0,"_bbp_topic_count_hidden":0,"_bbp_reply_count_hidden":0,"_bbp_forum_subforum_count":0,"footnotes":""},"categories":[1],"tags":[],"class_list":["post-3479","post","type-post","status-publish","format-standard","has-post-thumbnail","hentry","category-general"],"post_mailing_queue_ids":[],"_links":{"self":[{"href":"https:\/\/agora.xtec.cat\/ins-itaeb\/wp-json\/wp\/v2\/posts\/3479","targetHints":{"allow":["GET"]}}],"collection":[{"href":"https:\/\/agora.xtec.cat\/ins-itaeb\/wp-json\/wp\/v2\/posts"}],"about":[{"href":"https:\/\/agora.xtec.cat\/ins-itaeb\/wp-json\/wp\/v2\/types\/post"}],"author":[{"embeddable":true,"href":"https:\/\/agora.xtec.cat\/ins-itaeb\/wp-json\/wp\/v2\/users\/1"}],"replies":[{"embeddable":true,"href":"https:\/\/agora.xtec.cat\/ins-itaeb\/wp-json\/wp\/v2\/comments?post=3479"}],"version-history":[{"count":7,"href":"https:\/\/agora.xtec.cat\/ins-itaeb\/wp-json\/wp\/v2\/posts\/3479\/revisions"}],"predecessor-version":[{"id":3737,"href":"https:\/\/agora.xtec.cat\/ins-itaeb\/wp-json\/wp\/v2\/posts\/3479\/revisions\/3737"}],"wp:featuredmedia":[{"embeddable":true,"href":"https:\/\/agora.xtec.cat\/ins-itaeb\/wp-json\/wp\/v2\/media\/3481"}],"wp:attachment":[{"href":"https:\/\/agora.xtec.cat\/ins-itaeb\/wp-json\/wp\/v2\/media?parent=3479"}],"wp:term":[{"taxonomy":"category","embeddable":true,"href":"https:\/\/agora.xtec.cat\/ins-itaeb\/wp-json\/wp\/v2\/categories?post=3479"},{"taxonomy":"post_tag","embeddable":true,"href":"https:\/\/agora.xtec.cat\/ins-itaeb\/wp-json\/wp\/v2\/tags?post=3479"}],"curies":[{"name":"wp","href":"https:\/\/api.w.org\/{rel}","templated":true}]}}