{"id":2307,"date":"2026-04-22T08:00:11","date_gmt":"2026-04-22T06:00:11","guid":{"rendered":"https:\/\/agora.xtec.cat\/ins-itaeb\/?p=2307"},"modified":"2026-04-22T18:48:12","modified_gmt":"2026-04-22T16:48:12","slug":"oferta-de-places-i-calendari-per-a-la-convocatoria-de-setembre-de-les-proves-dacces-als-ensenyaments-darts-esceniques","status":"publish","type":"post","link":"https:\/\/agora.xtec.cat\/ins-itaeb\/general\/oferta-de-places-i-calendari-per-a-la-convocatoria-de-setembre-de-les-proves-dacces-als-ensenyaments-darts-esceniques\/","title":{"rendered":"Oberta la inscripci\u00f3 a les Proves d&#8217;Acc\u00e9s als Cicles Formatius d&#8217;Arts Esc\u00e8niques"},"content":{"rendered":"<p><a href=\"https:\/\/agora.xtec.cat\/ins-itaeb\/wp-content\/uploads\/usu2388\/2025\/04\/cartell-proves-web-e1756830850470.jpg\"><img loading=\"lazy\" decoding=\"async\" class=\"alignleft\" src=\"https:\/\/agora.xtec.cat\/ins-itaeb\/wp-content\/uploads\/usu2388\/2025\/04\/cartell-proves-web-e1756830850470.jpg\" alt=\"\" width=\"221\" height=\"168\" \/><\/a><br \/>\nDel <strong>22 d&#8217;abril al 12 de juny<\/strong> s&#8217;obre el per\u00edode d&#8217;inscripci\u00f3 per realitzar les Proves d&#8217;Acc\u00e9s als Cicles Formatius d&#8217;Arts Esc\u00e8niques que impartim a l&#8217;ITAEB.<\/p>\n<p><span style=\"color: #000000;\">&gt; <a href=\"https:\/\/docs.google.com\/forms\/d\/e\/1FAIpQLSeXq1XftApbMQYnKBpzpTkoWpfo84oucKa3UM2Ty8PFwgS7Qg\/viewform\" target=\"_blank\" rel=\"noopener\">Formulari d&#8217;inscripci\u00f3 proves d&#8217;acc\u00e9s Cicles de Luminot\u00e8cnia, Sonoritzaci\u00f3 i Maquin\u00e0ria Esc\u00e8nica\u00a0<\/a><\/span><\/p>\n<p><span style=\"color: #000000; font-family: inherit; font-size: 1em;\">&gt; <\/span><a href=\"https:\/\/forms.gle\/J5HJCS2WSNSno6j97\" target=\"_blank\" rel=\"noopener\">Formulari d&#8217;inscripci\u00f3 proves d&#8217;acc\u00e9s Cicle T\u00e8cniques d&#8217;Actuaci\u00f3 Teatral<\/a><\/p>\n<p>Aqu\u00ed trobareu tota la informaci\u00f3 sobre les proves espec\u00edfiques per al <a href=\"https:\/\/agora.xtec.cat\/ins-itaeb\/secretaria\/preinscripcio-i-matricula-curs-2025-26\/preinscripcio-cfgs-de-tecniques-dactuacio-teatral\/\">CFGS T\u00e8cniques d&#8217;Actuaci\u00f3 Teatral<\/a> i per als <a href=\"https:\/\/agora.xtec.cat\/ins-itaeb\/secretaria\/preinscripcio-i-matricula-curs-2025-26\/preinscripcio-cicles-darts-esceniques\/\">CFGS d&#8217;Arts Esc\u00e8niques (Maquin\u00e0ria, Luminot\u00e8cnia i Sonoritzaci\u00f3 per a les Arts Esc\u00e8niques)<\/a>.<\/p>\n","protected":false},"excerpt":{"rendered":"<p>Del 22 d&#8217;abril al 12 de juny s&#8217;obre el  per\u00edode d&#8217;inscripci\u00f3 per a realitzar les Proves d&#8217;Acc\u00e9s als Cicles Formatius d&#8217;Arts Esc\u00e8niques.&hellip;  <a href=\"https:\/\/agora.xtec.cat\/ins-itaeb\/general\/oferta-de-places-i-calendari-per-a-la-convocatoria-de-setembre-de-les-proves-dacces-als-ensenyaments-darts-esceniques\/\" title=\"Read Oberta la inscripci\u00f3 a les Proves d&#8217;Acc\u00e9s als Cicles Formatius d&#8217;Arts Esc\u00e8niques\">Llegeix m\u00e9s\u00bb<\/a><\/p>\n","protected":false},"author":1,"featured_media":2975,"comment_status":"closed","ping_status":"closed","sticky":false,"template":"","format":"standard","meta":{"_bbp_topic_count":0,"_bbp_reply_count":0,"_bbp_total_topic_count":0,"_bbp_total_reply_count":0,"_bbp_voice_count":0,"_bbp_anonymous_reply_count":0,"_bbp_topic_count_hidden":0,"_bbp_reply_count_hidden":0,"_bbp_forum_subforum_count":0,"footnotes":""},"categories":[30,1,114,29],"tags":[],"class_list":["post-2307","post","type-post","status-publish","format-standard","has-post-thumbnail","hentry","category-cicles-formatius","category-general","category-oferta-formativa","category-portada"],"post_mailing_queue_ids":[],"_links":{"self":[{"href":"https:\/\/agora.xtec.cat\/ins-itaeb\/wp-json\/wp\/v2\/posts\/2307","targetHints":{"allow":["GET"]}}],"collection":[{"href":"https:\/\/agora.xtec.cat\/ins-itaeb\/wp-json\/wp\/v2\/posts"}],"about":[{"href":"https:\/\/agora.xtec.cat\/ins-itaeb\/wp-json\/wp\/v2\/types\/post"}],"author":[{"embeddable":true,"href":"https:\/\/agora.xtec.cat\/ins-itaeb\/wp-json\/wp\/v2\/users\/1"}],"replies":[{"embeddable":true,"href":"https:\/\/agora.xtec.cat\/ins-itaeb\/wp-json\/wp\/v2\/comments?post=2307"}],"version-history":[{"count":7,"href":"https:\/\/agora.xtec.cat\/ins-itaeb\/wp-json\/wp\/v2\/posts\/2307\/revisions"}],"predecessor-version":[{"id":3760,"href":"https:\/\/agora.xtec.cat\/ins-itaeb\/wp-json\/wp\/v2\/posts\/2307\/revisions\/3760"}],"wp:featuredmedia":[{"embeddable":true,"href":"https:\/\/agora.xtec.cat\/ins-itaeb\/wp-json\/wp\/v2\/media\/2975"}],"wp:attachment":[{"href":"https:\/\/agora.xtec.cat\/ins-itaeb\/wp-json\/wp\/v2\/media?parent=2307"}],"wp:term":[{"taxonomy":"category","embeddable":true,"href":"https:\/\/agora.xtec.cat\/ins-itaeb\/wp-json\/wp\/v2\/categories?post=2307"},{"taxonomy":"post_tag","embeddable":true,"href":"https:\/\/agora.xtec.cat\/ins-itaeb\/wp-json\/wp\/v2\/tags?post=2307"}],"curies":[{"name":"wp","href":"https:\/\/api.w.org\/{rel}","templated":true}]}}