{"id":974,"date":"2023-06-30T09:56:01","date_gmt":"2023-06-30T07:56:01","guid":{"rendered":"https:\/\/agora.xtec.cat\/ins-intermunicipal\/?p=974"},"modified":"2023-06-30T19:24:14","modified_gmt":"2023-06-30T17:24:14","slug":"julia-escale-mencio-dhonor-als-premis-a-tdr-en-lambit-de-la-quimica","status":"publish","type":"post","link":"https:\/\/agora.xtec.cat\/ins-intermunicipal\/general\/julia-escale-mencio-dhonor-als-premis-a-tdr-en-lambit-de-la-quimica\/","title":{"rendered":"J\u00falia Escal\u00e9, menci\u00f3 d\u2019honor als Premis a TdR en l\u2019\u00c0mbit de la Qu\u00edmica."},"content":{"rendered":"<p align=\"justify\"><span style=\"font-family: Arial, sans-serif;\"><a href=\"https:\/\/agora.xtec.cat\/ins-intermunicipal\/wp-content\/uploads\/usu2220\/2023\/06\/IMG_0716__1___1688110633_58499.jpg\"><img loading=\"lazy\" decoding=\"async\" class=\"wp-image-978 alignleft\" src=\"https:\/\/agora.xtec.cat\/ins-intermunicipal\/wp-content\/uploads\/usu2220\/2023\/06\/IMG_0716__1___1688110633_58499.jpg\" alt=\"\" width=\"552\" height=\"368\" srcset=\"https:\/\/agora.xtec.cat\/ins-intermunicipal\/wp-content\/uploads\/usu2220\/2023\/06\/IMG_0716__1___1688110633_58499.jpg 900w, https:\/\/agora.xtec.cat\/ins-intermunicipal\/wp-content\/uploads\/usu2220\/2023\/06\/IMG_0716__1___1688110633_58499-300x200.jpg 300w, https:\/\/agora.xtec.cat\/ins-intermunicipal\/wp-content\/uploads\/usu2220\/2023\/06\/IMG_0716__1___1688110633_58499-768x512.jpg 768w\" sizes=\"auto, (max-width: 552px) 100vw, 552px\" \/><\/a>La J\u00falia Escal\u00e9 Burgu\u00e9s<b>, <\/b>alumna de la promoci\u00f3 2021-2023 de Batxillerat de l\u2019INS Intermunicipal del Pened\u00e8s,<b> <\/b>ha rebut una de les 10 mencions honor\u00edfiques que la <a href=\"https:\/\/scq.iec.cat\/\" target=\"_blank\" rel=\"noopener\">Societat Catalana de Qu\u00edmica<\/a> va atorgar en l\u2019acte que es va celebrar a l\u2019Institut d\u2019Estudis Catalans amb motiu de la <a href=\"https:\/\/scq.iec.cat\/wp-content\/uploads\/2023\/05\/Guanyadors-17a-edicio-Premis-TRBatx-dins-lambit-de-la-Quimica-2022-2023-3.pdf\" target=\"_blank\" rel=\"noopener\">17<sup>a<\/sup> edici\u00f3 dels Premis als Treballs de Recerca de Batxillerat en l\u2019\u00c0mbit de la Qu\u00edmica.<\/a><\/span><\/p>\n<p align=\"justify\"><span style=\"font-family: Arial, sans-serif;\">El seu treball, tutoritzat pel professor Xavier Or\u00f3 Capellades, es titula <i>De la vinya al t\u00e8xtil. Estudi i elaboraci\u00f3 d\u2019un teixit veg\u00e0 a partir de la brisa del ra\u00efm. <\/i>Tamb\u00e9 cal destacar que la J\u00falia, gr\u00e0cies al <a href=\"https:\/\/www.ice.udl.cat\/ca\/activitats\/itinera\/\" target=\"_blank\" rel=\"noopener\">Projecte Itinera<\/a> va poder fer la seva investigaci\u00f3 a l&#8217;<a href=\"https:\/\/a3center.cat\/index.php\/ca\/\" target=\"_blank\" rel=\"noopener\">A3 Leather Innovation Center<\/a>, un grup de recerca de la Universitat de Lleida (UdL) amb seu a les instal\u00b7lacions del Campus d&#8217;Igualada que es dediquen a la investigaci\u00f3 aplicada als sectors de la pell, la qu\u00edmica i la biotecnologia. <\/span><\/p>\n<p align=\"justify\"><span style=\"font-family: Arial, sans-serif;\">Felicitem la J\u00falia per la menci\u00f3 obtinguda i tamb\u00e9 donem les gr\u00e0cies a la Dra. Anna Bacardit i Dalmases, directora de l\u2019esmentat centre de recerca, per l\u2019assessorament tutoritzaci\u00f3 i implicaci\u00f3 en el Treball de Recerca i per obrir les portes a alumnes de Batxillerat perqu\u00e8 coneguin de prop la recerca cient\u00edfica.<\/span><\/p>\n<p align=\"justify\">(A la fotografia, d&#8217;esquerra a dreta: Dr. Gregori Ujaque P\u00e9rez, president de la SCQ, J\u00falia Escal\u00e9 Burgu\u00e9s i Xavier Or\u00f3 Capellades.)<\/p>\n","protected":false},"excerpt":{"rendered":"<p><a href=\"https:\/\/agora.xtec.cat\/ins-intermunicipal\/wp-content\/uploads\/usu2220\/2023\/06\/IMG_0716__1___1688110633_58499.jpg\"><\/a>La J\u00falia Escal\u00e9 Burgu\u00e9s, alumna de la promoci\u00f3 2021-2023 de Batxillerat de l\u2019INS Intermunicipal del Pened\u00e8s, ha rebut una de les 10 mencions honor\u00edfiques que la <a href=\"https:\/\/scq.iec.cat\/\" target=\"_blank\" rel=\"noopener\">Societat Catalana de Qu\u00edmica<\/a> va atorgar en l\u2019acte que es va celebrar a l\u2019Institut d\u2019Estudis&hellip;  <a href=\"https:\/\/agora.xtec.cat\/ins-intermunicipal\/general\/julia-escale-mencio-dhonor-als-premis-a-tdr-en-lambit-de-la-quimica\/\" title=\"Read J\u00falia Escal\u00e9, menci\u00f3 d\u2019honor als Premis a TdR en l\u2019\u00c0mbit de la Qu\u00edmica.\">Llegeix m\u00e9s\u00bb<\/a><\/p>\n","protected":false},"author":7,"featured_media":978,"comment_status":"closed","ping_status":"closed","sticky":false,"template":"","format":"standard","meta":{"_bbp_topic_count":0,"_bbp_reply_count":0,"_bbp_total_topic_count":0,"_bbp_total_reply_count":0,"_bbp_voice_count":0,"_bbp_anonymous_reply_count":0,"_bbp_topic_count_hidden":0,"_bbp_reply_count_hidden":0,"_bbp_forum_subforum_count":0,"footnotes":""},"categories":[107,1,29],"tags":[196,170,198,193,173,199,195,194,197],"class_list":["post-974","post","type-post","status-publish","format-standard","has-post-thumbnail","hentry","category-bat2","category-general","category-portada","tag-a3-leather-innovation-center","tag-batxillerat","tag-iec","tag-julia-escale","tag-premis","tag-projecte-itinera","tag-scq","tag-treball-de-recerca","tag-udl"],"post_mailing_queue_ids":[],"_links":{"self":[{"href":"https:\/\/agora.xtec.cat\/ins-intermunicipal\/wp-json\/wp\/v2\/posts\/974","targetHints":{"allow":["GET"]}}],"collection":[{"href":"https:\/\/agora.xtec.cat\/ins-intermunicipal\/wp-json\/wp\/v2\/posts"}],"about":[{"href":"https:\/\/agora.xtec.cat\/ins-intermunicipal\/wp-json\/wp\/v2\/types\/post"}],"author":[{"embeddable":true,"href":"https:\/\/agora.xtec.cat\/ins-intermunicipal\/wp-json\/wp\/v2\/users\/7"}],"replies":[{"embeddable":true,"href":"https:\/\/agora.xtec.cat\/ins-intermunicipal\/wp-json\/wp\/v2\/comments?post=974"}],"version-history":[{"count":3,"href":"https:\/\/agora.xtec.cat\/ins-intermunicipal\/wp-json\/wp\/v2\/posts\/974\/revisions"}],"predecessor-version":[{"id":989,"href":"https:\/\/agora.xtec.cat\/ins-intermunicipal\/wp-json\/wp\/v2\/posts\/974\/revisions\/989"}],"wp:featuredmedia":[{"embeddable":true,"href":"https:\/\/agora.xtec.cat\/ins-intermunicipal\/wp-json\/wp\/v2\/media\/978"}],"wp:attachment":[{"href":"https:\/\/agora.xtec.cat\/ins-intermunicipal\/wp-json\/wp\/v2\/media?parent=974"}],"wp:term":[{"taxonomy":"category","embeddable":true,"href":"https:\/\/agora.xtec.cat\/ins-intermunicipal\/wp-json\/wp\/v2\/categories?post=974"},{"taxonomy":"post_tag","embeddable":true,"href":"https:\/\/agora.xtec.cat\/ins-intermunicipal\/wp-json\/wp\/v2\/tags?post=974"}],"curies":[{"name":"wp","href":"https:\/\/api.w.org\/{rel}","templated":true}]}}