{"id":941,"date":"2023-06-23T12:40:31","date_gmt":"2023-06-23T10:40:31","guid":{"rendered":"https:\/\/agora.xtec.cat\/ins-intermunicipal\/?p=941"},"modified":"2023-06-27T19:11:44","modified_gmt":"2023-06-27T17:11:44","slug":"comiats-de-final-de-curs-a-linter","status":"publish","type":"post","link":"https:\/\/agora.xtec.cat\/ins-intermunicipal\/general\/comiats-de-final-de-curs-a-linter\/","title":{"rendered":"Comiats de final de curs a l\u2019\u00cdnter"},"content":{"rendered":"<p style=\"text-align: justify;\" align=\"justify\"><a href=\"https:\/\/agora.xtec.cat\/ins-intermunicipal\/wp-content\/uploads\/usu2220\/2023\/06\/2023_comiatFP-2.jpg\"><img loading=\"lazy\" decoding=\"async\" class=\" wp-image-947 alignleft\" src=\"https:\/\/agora.xtec.cat\/ins-intermunicipal\/wp-content\/uploads\/usu2220\/2023\/06\/2023_comiatFP-2-300x163.jpg\" alt=\"\" width=\"517\" height=\"281\" srcset=\"https:\/\/agora.xtec.cat\/ins-intermunicipal\/wp-content\/uploads\/usu2220\/2023\/06\/2023_comiatFP-2-300x163.jpg 300w, https:\/\/agora.xtec.cat\/ins-intermunicipal\/wp-content\/uploads\/usu2220\/2023\/06\/2023_comiatFP-2-768x418.jpg 768w, https:\/\/agora.xtec.cat\/ins-intermunicipal\/wp-content\/uploads\/usu2220\/2023\/06\/2023_comiatFP-2.jpg 1024w\" sizes=\"auto, (max-width: 517px) 100vw, 517px\" \/><\/a>Aquesta setmana, concretament els dies 20, 21 i 22 de juny, s\u2019han fet les cerim\u00f2nies de graduaci\u00f3 i de comiat dels alumnes que han acabat els estudis de Batxillerat, de 4t d\u2019ESO i d\u2019FP respectivament i que, a partir d&#8217;ara hauran d&#8217;afrontar nous reptes<span style=\"color: #000000;\"> acad\u00e8mics i professionals. <\/span><span style=\"color: #000000;\">Durant l\u2019acte de comiat han anat pujant <\/span><span style=\"color: #000000;\">a l\u2019escenari i han rebut<\/span><span style=\"color: #000000;\"> l\u2019orla de record de la <\/span><span style=\"color: #000000;\">seva <\/span><span style=\"color: #000000;\">promoci\u00f3 despr\u00e9s que e<\/span><span style=\"color: #000000;\">l<\/span><span style=\"color: #000000;\"> Director es dirig\u00eds <\/span><span style=\"color: #000000;\">a tots ells<\/span><span style=\"color: #000000;\"> en nom del claustre\u00a0 per trametre&#8217;ls<\/span><span style=\"color: #000000;\"> el missatge que es transcriu, aproximadament, a <\/span><span style=\"color: #000000;\">continuaci\u00f3:<\/span><\/p>\n<p style=\"text-align: justify;\" align=\"justify\"><i><b>A l\u2019alumnat us agra\u00efm haver triat un institut p\u00fablic com el vostre centre de formaci\u00f3, al professorat li agra\u00efm haver-vos acompanyat i haver estat els vostres mentors i, tamb\u00e9, agra\u00efm a l\u2019AMPA l\u2019ajuda en l\u2019organitzaci\u00f3 d\u2019aquest acte.<\/b><\/i><\/p>\n<p style=\"text-align: justify;\"><em><strong>Entenem l\u2019esfor\u00e7 que us ha costat arribar al final d\u2019aquesta etapa educativa i us animem a continuar treballant d&#8217;aquesta manera davant dels nous reptes acad\u00e8mics i laborals que se us presentin. <\/strong><\/em><em><strong>Pensem que tots i cadasc\u00fa de vosaltres heu arribat a l\u2019excel\u00b7l\u00e8ncia en tant que heu lluitat per donar el millor com a alumnes i persones. Estem conven\u00e7uts que l\u2019excel\u00b7l\u00e8ncia no nom\u00e9s \u00e9s una qualificaci\u00f3, sin\u00f3 que \u00e9s, sobretot, la capacitat i la voluntat de fer les coses el millor possible, i aqu\u00ed us hi hem trobat.<\/strong><\/em><\/p>\n<p style=\"text-align: justify;\"><em><strong>Us encoratgem que continueu sent bones persones i que aporteu a la societat el millor de vosaltres. Sigueu amables amb tothom, \u00e9s a dir, sigueu com vulgueu que siguin amb vosaltres. I recordeu que, com deia el poeta Miquel Mart\u00ed i Pol, &#8220;tot est\u00e0 per fer i tot \u00e9s possible&#8221;.<\/strong><\/em><\/p>\n<p style=\"text-align: justify;\"><em><strong>Finalment, us felicito en nom del Departament d&#8217;Educaci\u00f3 i demano a tothom un fort aplaudiment per a l\u2019alumnat present en aquesta graduaci\u00f3.<\/strong><\/em><\/p>\n<p style=\"text-align: justify;\" align=\"justify\">Durant els respectius actes hi va haver, tamb\u00e9, algunes actuacions musicals i, finalment, despr\u00e9s s\u2019obsequi\u00e0 els assistents amb un <span style=\"color: #ff0000;\"><span style=\"color: #000000;\">refrigeri<\/span> <\/span><span style=\"color: #000000;\">durant el qual tothom va poder compartir impressions i il\u00b7lusi\u00f3 amb les noies i nois graduats i les seves fam\u00edlies.<\/span><\/p>\n<p style=\"text-align: justify;\" align=\"justify\"><span style=\"color: #000000;\"><a href=\"https:\/\/agora.xtec.cat\/ins-intermunicipal\/wp-content\/uploads\/usu2220\/2023\/06\/2023_comiatBATX.1-2-e1687513841409.jpg\"><img loading=\"lazy\" decoding=\"async\" class=\"alignnone wp-image-945\" src=\"https:\/\/agora.xtec.cat\/ins-intermunicipal\/wp-content\/uploads\/usu2220\/2023\/06\/2023_comiatBATX.1-2-300x140.jpg\" alt=\"\" width=\"371\" height=\"173\" \/><\/a><a href=\"https:\/\/agora.xtec.cat\/ins-intermunicipal\/wp-content\/uploads\/usu2220\/2023\/06\/2023_comiat4ESO.1-2-e1687514668374.jpg\"><img loading=\"lazy\" decoding=\"async\" class=\"alignnone wp-image-943\" src=\"https:\/\/agora.xtec.cat\/ins-intermunicipal\/wp-content\/uploads\/usu2220\/2023\/06\/2023_comiat4ESO.1-2-e1687514668374-300x197.jpg\" alt=\"\" width=\"260\" height=\"171\" srcset=\"https:\/\/agora.xtec.cat\/ins-intermunicipal\/wp-content\/uploads\/usu2220\/2023\/06\/2023_comiat4ESO.1-2-e1687514668374-300x197.jpg 300w, https:\/\/agora.xtec.cat\/ins-intermunicipal\/wp-content\/uploads\/usu2220\/2023\/06\/2023_comiat4ESO.1-2-e1687514668374-1024x673.jpg 1024w, https:\/\/agora.xtec.cat\/ins-intermunicipal\/wp-content\/uploads\/usu2220\/2023\/06\/2023_comiat4ESO.1-2-e1687514668374-768x505.jpg 768w, https:\/\/agora.xtec.cat\/ins-intermunicipal\/wp-content\/uploads\/usu2220\/2023\/06\/2023_comiat4ESO.1-2-e1687514668374.jpg 1500w\" sizes=\"auto, (max-width: 260px) 100vw, 260px\" \/><\/a><a href=\"https:\/\/agora.xtec.cat\/ins-intermunicipal\/wp-content\/uploads\/usu2220\/2023\/06\/2023_comiatBATX.2-e1687514791218.jpg\"><img loading=\"lazy\" decoding=\"async\" class=\"alignnone wp-image-949\" src=\"https:\/\/agora.xtec.cat\/ins-intermunicipal\/wp-content\/uploads\/usu2220\/2023\/06\/2023_comiatBATX.2-e1687514791218-300x127.jpg\" alt=\"\" width=\"402\" height=\"170\" srcset=\"https:\/\/agora.xtec.cat\/ins-intermunicipal\/wp-content\/uploads\/usu2220\/2023\/06\/2023_comiatBATX.2-e1687514791218-300x127.jpg 300w, https:\/\/agora.xtec.cat\/ins-intermunicipal\/wp-content\/uploads\/usu2220\/2023\/06\/2023_comiatBATX.2-e1687514791218-1024x435.jpg 1024w, https:\/\/agora.xtec.cat\/ins-intermunicipal\/wp-content\/uploads\/usu2220\/2023\/06\/2023_comiatBATX.2-e1687514791218-768x326.jpg 768w, https:\/\/agora.xtec.cat\/ins-intermunicipal\/wp-content\/uploads\/usu2220\/2023\/06\/2023_comiatBATX.2-e1687514791218-1536x653.jpg 1536w, https:\/\/agora.xtec.cat\/ins-intermunicipal\/wp-content\/uploads\/usu2220\/2023\/06\/2023_comiatBATX.2-e1687514791218.jpg 2048w\" sizes=\"auto, (max-width: 402px) 100vw, 402px\" \/><\/a><\/span><\/p>\n","protected":false},"excerpt":{"rendered":"<p><a href=\"https:\/\/agora.xtec.cat\/ins-intermunicipal\/wp-content\/uploads\/usu2220\/2023\/06\/2023_comiatFP-2.jpg\"><\/a>Aquesta setmana, concretament els dies 20, 21 i 22 de juny, s\u2019han fet les cerim\u00f2nies de graduaci\u00f3 i de comiat dels alumnes que han acabat els estudis de Batxillerat, de 4t d\u2019ESO i d\u2019FP respectivament i que, a partir d&#8217;ara hauran d&#8217;afrontar nous reptes&hellip;  <a href=\"https:\/\/agora.xtec.cat\/ins-intermunicipal\/general\/comiats-de-final-de-curs-a-linter\/\" title=\"Read Comiats de final de curs a l\u2019\u00cdnter\">Llegeix m\u00e9s\u00bb<\/a><\/p>\n","protected":false},"author":7,"featured_media":947,"comment_status":"closed","ping_status":"closed","sticky":false,"template":"","format":"standard","meta":{"_bbp_topic_count":0,"_bbp_reply_count":0,"_bbp_total_topic_count":0,"_bbp_total_reply_count":0,"_bbp_voice_count":0,"_bbp_anonymous_reply_count":0,"_bbp_topic_count_hidden":0,"_bbp_reply_count_hidden":0,"_bbp_forum_subforum_count":0,"footnotes":""},"categories":[107,7,30,1,29],"tags":[182,170,180,181,183],"class_list":["post-941","post","type-post","status-publish","format-standard","has-post-thumbnail","hentry","category-bat2","category-4eso","category-formacio-professional","category-general","category-portada","tag-4eso","tag-batxillerat","tag-comiats","tag-final-de-curs","tag-fp"],"post_mailing_queue_ids":[],"_links":{"self":[{"href":"https:\/\/agora.xtec.cat\/ins-intermunicipal\/wp-json\/wp\/v2\/posts\/941","targetHints":{"allow":["GET"]}}],"collection":[{"href":"https:\/\/agora.xtec.cat\/ins-intermunicipal\/wp-json\/wp\/v2\/posts"}],"about":[{"href":"https:\/\/agora.xtec.cat\/ins-intermunicipal\/wp-json\/wp\/v2\/types\/post"}],"author":[{"embeddable":true,"href":"https:\/\/agora.xtec.cat\/ins-intermunicipal\/wp-json\/wp\/v2\/users\/7"}],"replies":[{"embeddable":true,"href":"https:\/\/agora.xtec.cat\/ins-intermunicipal\/wp-json\/wp\/v2\/comments?post=941"}],"version-history":[{"count":3,"href":"https:\/\/agora.xtec.cat\/ins-intermunicipal\/wp-json\/wp\/v2\/posts\/941\/revisions"}],"predecessor-version":[{"id":952,"href":"https:\/\/agora.xtec.cat\/ins-intermunicipal\/wp-json\/wp\/v2\/posts\/941\/revisions\/952"}],"wp:featuredmedia":[{"embeddable":true,"href":"https:\/\/agora.xtec.cat\/ins-intermunicipal\/wp-json\/wp\/v2\/media\/947"}],"wp:attachment":[{"href":"https:\/\/agora.xtec.cat\/ins-intermunicipal\/wp-json\/wp\/v2\/media?parent=941"}],"wp:term":[{"taxonomy":"category","embeddable":true,"href":"https:\/\/agora.xtec.cat\/ins-intermunicipal\/wp-json\/wp\/v2\/categories?post=941"},{"taxonomy":"post_tag","embeddable":true,"href":"https:\/\/agora.xtec.cat\/ins-intermunicipal\/wp-json\/wp\/v2\/tags?post=941"}],"curies":[{"name":"wp","href":"https:\/\/api.w.org\/{rel}","templated":true}]}}