{"id":915,"date":"2023-03-30T15:42:31","date_gmt":"2023-03-30T13:42:31","guid":{"rendered":"https:\/\/agora.xtec.cat\/ins-intermunicipal\/?p=915"},"modified":"2023-06-19T15:47:13","modified_gmt":"2023-06-19T13:47:13","slug":"1r-deso-a-les-proves-cangur","status":"publish","type":"post","link":"https:\/\/agora.xtec.cat\/ins-intermunicipal\/general\/1r-deso-a-les-proves-cangur\/","title":{"rendered":"1r d&#8217;ESO a les Proves Cangur"},"content":{"rendered":"<p style=\"text-align: justify;\"><a href=\"https:\/\/agora.xtec.cat\/ins-intermunicipal\/wp-content\/uploads\/usu2220\/2023\/06\/20230619_125231__1687181809_99582.jpg\"><img loading=\"lazy\" decoding=\"async\" class=\" wp-image-904 alignleft\" src=\"https:\/\/agora.xtec.cat\/ins-intermunicipal\/wp-content\/uploads\/usu2220\/2023\/06\/20230619_125231__1687181809_99582-300x135.jpg\" alt=\"\" width=\"404\" height=\"182\" srcset=\"https:\/\/agora.xtec.cat\/ins-intermunicipal\/wp-content\/uploads\/usu2220\/2023\/06\/20230619_125231__1687181809_99582-300x135.jpg 300w, https:\/\/agora.xtec.cat\/ins-intermunicipal\/wp-content\/uploads\/usu2220\/2023\/06\/20230619_125231__1687181809_99582-768x346.jpg 768w, https:\/\/agora.xtec.cat\/ins-intermunicipal\/wp-content\/uploads\/usu2220\/2023\/06\/20230619_125231__1687181809_99582.jpg 900w\" sizes=\"auto, (max-width: 404px) 100vw, 404px\" \/><\/a>Aquest curs, la participaci\u00f3 d\u2019alumnes a les Proves Cangur de matem\u00e0tiques ha estat molt bona, concretament van ser 85 els nois i noies que van fer les proves.\u00a0 6 d\u2019aquests alumnes es van situar entre el 5,5% de concursants amb millors notes i un d\u2019ells, l\u2019Albert Nicol\u00e1s, va rebre una menci\u00f3 especial per obtenir un resultat que el situ\u00e0 entre l\u20191% amb millor puntuaci\u00f3.<\/p>\n<p style=\"text-align: justify;\">A m\u00e9s de l\u2019Albert Nicol\u00e0s (1A), tamb\u00e9 van ser premiats l\u2019Ethan Vargas (1A), la N\u00faria Gil (1C), el Pol Pacheco (1D), el Mario Parga (1E) i el Gen\u00eds Castell\u00e0 (1F). A la fotografia els podeu veure en el moment de rebre el corresponent diploma. Tots ells es mereixen que els felicitem per la feina feta.<\/p>\n","protected":false},"excerpt":{"rendered":"<p><a href=\"https:\/\/agora.xtec.cat\/ins-intermunicipal\/wp-content\/uploads\/usu2220\/2023\/06\/20230619_125231__1687181809_99582.jpg\"><\/a>Aquest curs, la participaci\u00f3 d\u2019alumnes a les Proves Cangur de matem\u00e0tiques ha estat molt bona, concretament van ser 85 els nois i noies que van fer les proves.\u00a0 6 d\u2019aquests alumnes es van situar entre el 5,5% de concursants amb millors notes i un&hellip;  <a href=\"https:\/\/agora.xtec.cat\/ins-intermunicipal\/general\/1r-deso-a-les-proves-cangur\/\" title=\"Read 1r d&#8217;ESO a les Proves Cangur\">Llegeix m\u00e9s\u00bb<\/a><\/p>\n","protected":false},"author":7,"featured_media":904,"comment_status":"closed","ping_status":"closed","sticky":false,"template":"","format":"standard","meta":{"_bbp_topic_count":0,"_bbp_reply_count":0,"_bbp_total_topic_count":0,"_bbp_total_reply_count":0,"_bbp_voice_count":0,"_bbp_anonymous_reply_count":0,"_bbp_topic_count_hidden":0,"_bbp_reply_count_hidden":0,"_bbp_forum_subforum_count":0,"footnotes":""},"categories":[4,1,29],"tags":[175,41,178],"class_list":["post-915","post","type-post","status-publish","format-standard","has-post-thumbnail","hentry","category-1eso","category-general","category-portada","tag-1eso","tag-matematiques","tag-proves-cangur"],"post_mailing_queue_ids":[],"_links":{"self":[{"href":"https:\/\/agora.xtec.cat\/ins-intermunicipal\/wp-json\/wp\/v2\/posts\/915","targetHints":{"allow":["GET"]}}],"collection":[{"href":"https:\/\/agora.xtec.cat\/ins-intermunicipal\/wp-json\/wp\/v2\/posts"}],"about":[{"href":"https:\/\/agora.xtec.cat\/ins-intermunicipal\/wp-json\/wp\/v2\/types\/post"}],"author":[{"embeddable":true,"href":"https:\/\/agora.xtec.cat\/ins-intermunicipal\/wp-json\/wp\/v2\/users\/7"}],"replies":[{"embeddable":true,"href":"https:\/\/agora.xtec.cat\/ins-intermunicipal\/wp-json\/wp\/v2\/comments?post=915"}],"version-history":[{"count":2,"href":"https:\/\/agora.xtec.cat\/ins-intermunicipal\/wp-json\/wp\/v2\/posts\/915\/revisions"}],"predecessor-version":[{"id":917,"href":"https:\/\/agora.xtec.cat\/ins-intermunicipal\/wp-json\/wp\/v2\/posts\/915\/revisions\/917"}],"wp:featuredmedia":[{"embeddable":true,"href":"https:\/\/agora.xtec.cat\/ins-intermunicipal\/wp-json\/wp\/v2\/media\/904"}],"wp:attachment":[{"href":"https:\/\/agora.xtec.cat\/ins-intermunicipal\/wp-json\/wp\/v2\/media?parent=915"}],"wp:term":[{"taxonomy":"category","embeddable":true,"href":"https:\/\/agora.xtec.cat\/ins-intermunicipal\/wp-json\/wp\/v2\/categories?post=915"},{"taxonomy":"post_tag","embeddable":true,"href":"https:\/\/agora.xtec.cat\/ins-intermunicipal\/wp-json\/wp\/v2\/tags?post=915"}],"curies":[{"name":"wp","href":"https:\/\/api.w.org\/{rel}","templated":true}]}}