{"id":886,"date":"2023-06-19T15:25:09","date_gmt":"2023-06-19T13:25:09","guid":{"rendered":"https:\/\/agora.xtec.cat\/ins-intermunicipal\/?p=886"},"modified":"2023-06-20T12:56:09","modified_gmt":"2023-06-20T10:56:09","slug":"activitats-de-juny-dels-alumnes-de-1r-deso","status":"publish","type":"post","link":"https:\/\/agora.xtec.cat\/ins-intermunicipal\/general\/activitats-de-juny-dels-alumnes-de-1r-deso\/","title":{"rendered":"Activitats de juny dels alumnes de 1r d&#8217;ESO"},"content":{"rendered":"<p align=\"justify\"><span style=\"color: #222222;\"><span style=\"font-size: medium;\"><a href=\"https:\/\/agora.xtec.cat\/ins-intermunicipal\/wp-content\/uploads\/usu2220\/2023\/06\/20230614_103627__1687180260_23665.jpg\"><img loading=\"lazy\" decoding=\"async\" class=\" wp-image-890 alignleft\" src=\"https:\/\/agora.xtec.cat\/ins-intermunicipal\/wp-content\/uploads\/usu2220\/2023\/06\/20230614_103627__1687180260_23665-300x135.jpg\" alt=\"\" width=\"470\" height=\"211\" srcset=\"https:\/\/agora.xtec.cat\/ins-intermunicipal\/wp-content\/uploads\/usu2220\/2023\/06\/20230614_103627__1687180260_23665-300x135.jpg 300w, https:\/\/agora.xtec.cat\/ins-intermunicipal\/wp-content\/uploads\/usu2220\/2023\/06\/20230614_103627__1687180260_23665-768x346.jpg 768w, https:\/\/agora.xtec.cat\/ins-intermunicipal\/wp-content\/uploads\/usu2220\/2023\/06\/20230614_103627__1687180260_23665.jpg 900w\" sizes=\"auto, (max-width: 470px) 100vw, 470px\" \/><\/a>Durant aquest mes de juny, els alumnes de 1r<\/span><span style=\"font-size: medium;\"> d\u2019ESO han fet un munt d\u2019activitats, algunes d\u2019elles ja relacionades amb el tancament del seu primer any a l\u2019institut. <\/span><\/span><span style=\"color: #222222;\"><span style=\"font-size: medium;\">En primer lloc, el passat 14 de juny van participar a les <\/span><b><span style=\"font-size: medium;\">Jornades Esportives de 1<\/span><span style=\"font-size: 13.3333px;\">r<\/span><\/b><b style=\"font-size: medium;\">\u00a0d\u2019ESO <\/b><span style=\"font-size: medium;\">que es van fer a les Instal\u00b7lacions Esportives de Sant Sadurn\u00ed d\u2019Anoia. Van participar en partits de b\u00e0squet, futbol i mataconills mentre gaudien de l\u2019esport a l\u2019aire lliure.<\/span><\/span><\/p>\n<p align=\"justify\"><span style=\"color: #222222;\"><span style=\"font-size: medium;\">Dos dies despr\u00e9s, el 16 de juny, tamb\u00e9 es va fer una sortida amb noies i nois del <b>Consell d\u2019Alumnes<\/b> per tancar el curs. Aquests alumnes s\u00f3n, majorit\u00e0riament, delegats i delegades de classe que en representaci\u00f3 dels seus companys es reuneixen en diferents moments del curs per elaborar i presentar idees destinades a millorar l\u2019institut.<\/span><\/span><\/p>\n<p align=\"justify\"><span style=\"color: #222222;\"><span style=\"font-size: medium;\"><a href=\"https:\/\/agora.xtec.cat\/ins-intermunicipal\/wp-content\/uploads\/usu2220\/2023\/06\/20230616_113824__1687180307_83691.jpg\"><img loading=\"lazy\" decoding=\"async\" class=\"wp-image-891 alignleft\" src=\"https:\/\/agora.xtec.cat\/ins-intermunicipal\/wp-content\/uploads\/usu2220\/2023\/06\/20230616_113824__1687180307_83691-300x135.jpg\" alt=\"\" width=\"468\" height=\"211\" srcset=\"https:\/\/agora.xtec.cat\/ins-intermunicipal\/wp-content\/uploads\/usu2220\/2023\/06\/20230616_113824__1687180307_83691-300x135.jpg 300w, https:\/\/agora.xtec.cat\/ins-intermunicipal\/wp-content\/uploads\/usu2220\/2023\/06\/20230616_113824__1687180307_83691-768x346.jpg 768w, https:\/\/agora.xtec.cat\/ins-intermunicipal\/wp-content\/uploads\/usu2220\/2023\/06\/20230616_113824__1687180307_83691.jpg 900w\" sizes=\"auto, (max-width: 468px) 100vw, 468px\" \/><\/a>I en tercer lloc, el dilluns 19 de juny i ja tocant al final de curs, tots els alumnes de 1<\/span><span style=\"font-size: 13.3333px;\">r<\/span><span style=\"font-size: medium;\">\u00a0d\u2019ESO han fet una sortida a la Piscina Municipal de Sant Sadurn\u00ed d&#8217;Anoia\u00a0 Finalment i despr\u00e9s de les activitats aqu\u00e0tiques se\u2019ls ha obsequiat amb un esmorzar especial que han compartit tots plegats.<\/span><\/span><\/p>\n<p align=\"justify\">\n<p align=\"justify\">\n<p align=\"justify\">\n<p align=\"justify\"><a href=\"https:\/\/agora.xtec.cat\/ins-intermunicipal\/wp-content\/uploads\/usu2220\/2023\/06\/20230616_121900__1687180330_13050.jpg\"><img loading=\"lazy\" decoding=\"async\" class=\"wp-image-892 alignnone\" src=\"https:\/\/agora.xtec.cat\/ins-intermunicipal\/wp-content\/uploads\/usu2220\/2023\/06\/20230616_121900__1687180330_13050-300x135.jpg\" alt=\"\" width=\"469\" height=\"211\" srcset=\"https:\/\/agora.xtec.cat\/ins-intermunicipal\/wp-content\/uploads\/usu2220\/2023\/06\/20230616_121900__1687180330_13050-300x135.jpg 300w, https:\/\/agora.xtec.cat\/ins-intermunicipal\/wp-content\/uploads\/usu2220\/2023\/06\/20230616_121900__1687180330_13050-768x346.jpg 768w, https:\/\/agora.xtec.cat\/ins-intermunicipal\/wp-content\/uploads\/usu2220\/2023\/06\/20230616_121900__1687180330_13050.jpg 900w\" sizes=\"auto, (max-width: 469px) 100vw, 469px\" \/><\/a><\/p>\n","protected":false},"excerpt":{"rendered":"<p><a href=\"https:\/\/agora.xtec.cat\/ins-intermunicipal\/wp-content\/uploads\/usu2220\/2023\/06\/20230614_103627__1687180260_23665.jpg\"><\/a>Durant aquest mes de juny, els alumnes de 1r d\u2019ESO han fet un munt d\u2019activitats, algunes d\u2019elles ja relacionades amb el tancament del seu primer any a l\u2019institut. En primer lloc, el passat 14 de juny van participar a les Jornades Esportives de 1r\u00a0d\u2019ESO&hellip;  <a href=\"https:\/\/agora.xtec.cat\/ins-intermunicipal\/general\/activitats-de-juny-dels-alumnes-de-1r-deso\/\" title=\"Read Activitats de juny dels alumnes de 1r d&#8217;ESO\">Llegeix m\u00e9s\u00bb<\/a><\/p>\n","protected":false},"author":7,"featured_media":893,"comment_status":"closed","ping_status":"closed","sticky":false,"template":"","format":"standard","meta":{"_bbp_topic_count":0,"_bbp_reply_count":0,"_bbp_total_topic_count":0,"_bbp_total_reply_count":0,"_bbp_voice_count":0,"_bbp_anonymous_reply_count":0,"_bbp_topic_count_hidden":0,"_bbp_reply_count_hidden":0,"_bbp_forum_subforum_count":0,"footnotes":""},"categories":[4,1,29],"tags":[175,176,177,174],"class_list":["post-886","post","type-post","status-publish","format-standard","has-post-thumbnail","hentry","category-1eso","category-general","category-portada","tag-1eso","tag-consell-dalumnes","tag-jornades-esportives","tag-juny"],"post_mailing_queue_ids":[],"_links":{"self":[{"href":"https:\/\/agora.xtec.cat\/ins-intermunicipal\/wp-json\/wp\/v2\/posts\/886","targetHints":{"allow":["GET"]}}],"collection":[{"href":"https:\/\/agora.xtec.cat\/ins-intermunicipal\/wp-json\/wp\/v2\/posts"}],"about":[{"href":"https:\/\/agora.xtec.cat\/ins-intermunicipal\/wp-json\/wp\/v2\/types\/post"}],"author":[{"embeddable":true,"href":"https:\/\/agora.xtec.cat\/ins-intermunicipal\/wp-json\/wp\/v2\/users\/7"}],"replies":[{"embeddable":true,"href":"https:\/\/agora.xtec.cat\/ins-intermunicipal\/wp-json\/wp\/v2\/comments?post=886"}],"version-history":[{"count":3,"href":"https:\/\/agora.xtec.cat\/ins-intermunicipal\/wp-json\/wp\/v2\/posts\/886\/revisions"}],"predecessor-version":[{"id":918,"href":"https:\/\/agora.xtec.cat\/ins-intermunicipal\/wp-json\/wp\/v2\/posts\/886\/revisions\/918"}],"wp:featuredmedia":[{"embeddable":true,"href":"https:\/\/agora.xtec.cat\/ins-intermunicipal\/wp-json\/wp\/v2\/media\/893"}],"wp:attachment":[{"href":"https:\/\/agora.xtec.cat\/ins-intermunicipal\/wp-json\/wp\/v2\/media?parent=886"}],"wp:term":[{"taxonomy":"category","embeddable":true,"href":"https:\/\/agora.xtec.cat\/ins-intermunicipal\/wp-json\/wp\/v2\/categories?post=886"},{"taxonomy":"post_tag","embeddable":true,"href":"https:\/\/agora.xtec.cat\/ins-intermunicipal\/wp-json\/wp\/v2\/tags?post=886"}],"curies":[{"name":"wp","href":"https:\/\/api.w.org\/{rel}","templated":true}]}}