{"id":884,"date":"2023-06-23T12:35:20","date_gmt":"2023-06-23T10:35:20","guid":{"rendered":"https:\/\/agora.xtec.cat\/ins-intermunicipal\/?p=884"},"modified":"2023-06-23T16:31:05","modified_gmt":"2023-06-23T14:31:05","slug":"laula-dacollida-esta-denhorabona","status":"publish","type":"post","link":"https:\/\/agora.xtec.cat\/ins-intermunicipal\/portada\/laula-dacollida-esta-denhorabona\/","title":{"rendered":"L&#8217;aula d&#8217;acollida est\u00e0 d&#8217;enhorabona!"},"content":{"rendered":"<p style=\"text-align: justify;\">Des de l&#8217;Aula d&#8217;Acollida estem molt contentes d&#8217;anunciar que la Polina Murha, la Laia Marsili i la Zaira Portillo han guanyat el III Concurs &#8220;Jo tinc la paraula&#8221;, en la categoria D i el premi de Votaci\u00f3 popular. &#8220;Jo tinc la paraula&#8221; \u00e9s un concurs organitzat pel Departament d&#8217;Educaci\u00f3 en qu\u00e8 han participat 250 centres de tot Catalunya. Estem molt satisfetes de celebrar aquest premi i us volem agrair tot el suport que ens heu donat.<\/p>\n<p><a href=\"https:\/\/agora.xtec.cat\/ins-intermunicipal\/wp-content\/uploads\/usu2220\/2023\/06\/imatge-premi.jpeg\"><img loading=\"lazy\" decoding=\"async\" class=\"alignnone size-full wp-image-880\" src=\"https:\/\/agora.xtec.cat\/ins-intermunicipal\/wp-content\/uploads\/usu2220\/2023\/06\/imatge-premi.jpeg\" alt=\"\" width=\"868\" height=\"496\" srcset=\"https:\/\/agora.xtec.cat\/ins-intermunicipal\/wp-content\/uploads\/usu2220\/2023\/06\/imatge-premi.jpeg 868w, https:\/\/agora.xtec.cat\/ins-intermunicipal\/wp-content\/uploads\/usu2220\/2023\/06\/imatge-premi-300x171.jpeg 300w, https:\/\/agora.xtec.cat\/ins-intermunicipal\/wp-content\/uploads\/usu2220\/2023\/06\/imatge-premi-768x439.jpeg 768w\" sizes=\"auto, (max-width: 868px) 100vw, 868px\" \/><\/a><\/p>\n<p>&nbsp;<\/p>\n","protected":false},"excerpt":{"rendered":"<p>Des de l&#8217;Aula d&#8217;Acollida estem molt contentes d&#8217;anunciar que la Polina Murha, la Laia Marsili i la Zaira Portillo han guanyat el III Concurs &#8220;Jo tinc la paraula&#8221;, en la categoria D i el premi de Votaci\u00f3 popular. &#8220;Jo tinc la paraula&#8221; \u00e9s un concurs&hellip;  <a href=\"https:\/\/agora.xtec.cat\/ins-intermunicipal\/portada\/laula-dacollida-esta-denhorabona\/\" title=\"Read L&#8217;aula d&#8217;acollida est\u00e0 d&#8217;enhorabona!\">Llegeix m\u00e9s\u00bb<\/a><\/p>\n","protected":false},"author":6,"featured_media":880,"comment_status":"closed","ping_status":"closed","sticky":false,"template":"","format":"standard","meta":{"_bbp_topic_count":0,"_bbp_reply_count":0,"_bbp_total_topic_count":0,"_bbp_total_reply_count":0,"_bbp_voice_count":0,"_bbp_anonymous_reply_count":0,"_bbp_topic_count_hidden":0,"_bbp_reply_count_hidden":0,"_bbp_forum_subforum_count":0,"footnotes":""},"categories":[162,29],"tags":[167,161,173],"class_list":["post-884","post","type-post","status-publish","format-standard","has-post-thumbnail","hentry","category-aula-dacollida","category-portada","tag-alumnes","tag-aula-acollida","tag-premis"],"post_mailing_queue_ids":[],"_links":{"self":[{"href":"https:\/\/agora.xtec.cat\/ins-intermunicipal\/wp-json\/wp\/v2\/posts\/884","targetHints":{"allow":["GET"]}}],"collection":[{"href":"https:\/\/agora.xtec.cat\/ins-intermunicipal\/wp-json\/wp\/v2\/posts"}],"about":[{"href":"https:\/\/agora.xtec.cat\/ins-intermunicipal\/wp-json\/wp\/v2\/types\/post"}],"author":[{"embeddable":true,"href":"https:\/\/agora.xtec.cat\/ins-intermunicipal\/wp-json\/wp\/v2\/users\/6"}],"replies":[{"embeddable":true,"href":"https:\/\/agora.xtec.cat\/ins-intermunicipal\/wp-json\/wp\/v2\/comments?post=884"}],"version-history":[{"count":2,"href":"https:\/\/agora.xtec.cat\/ins-intermunicipal\/wp-json\/wp\/v2\/posts\/884\/revisions"}],"predecessor-version":[{"id":953,"href":"https:\/\/agora.xtec.cat\/ins-intermunicipal\/wp-json\/wp\/v2\/posts\/884\/revisions\/953"}],"wp:featuredmedia":[{"embeddable":true,"href":"https:\/\/agora.xtec.cat\/ins-intermunicipal\/wp-json\/wp\/v2\/media\/880"}],"wp:attachment":[{"href":"https:\/\/agora.xtec.cat\/ins-intermunicipal\/wp-json\/wp\/v2\/media?parent=884"}],"wp:term":[{"taxonomy":"category","embeddable":true,"href":"https:\/\/agora.xtec.cat\/ins-intermunicipal\/wp-json\/wp\/v2\/categories?post=884"},{"taxonomy":"post_tag","embeddable":true,"href":"https:\/\/agora.xtec.cat\/ins-intermunicipal\/wp-json\/wp\/v2\/tags?post=884"}],"curies":[{"name":"wp","href":"https:\/\/api.w.org\/{rel}","templated":true}]}}