{"id":817,"date":"2023-06-13T14:01:13","date_gmt":"2023-06-13T12:01:13","guid":{"rendered":"https:\/\/agora.xtec.cat\/ins-intermunicipal\/?p=817"},"modified":"2023-06-14T10:19:14","modified_gmt":"2023-06-14T08:19:14","slug":"estrenem-mobiliari","status":"publish","type":"post","link":"https:\/\/agora.xtec.cat\/ins-intermunicipal\/general\/estrenem-mobiliari\/","title":{"rendered":"Estrenem mobiliari"},"content":{"rendered":"<p align=\"justify\"><a href=\"https:\/\/agora.xtec.cat\/ins-intermunicipal\/wp-content\/uploads\/usu2220\/2023\/06\/20230613_120242-2-scaled.jpg\"><img loading=\"lazy\" decoding=\"async\" class=\"wp-image-855 alignleft\" src=\"https:\/\/agora.xtec.cat\/ins-intermunicipal\/wp-content\/uploads\/usu2220\/2023\/06\/20230613_120242-2-300x190.jpg\" alt=\"\" width=\"466\" height=\"295\" srcset=\"https:\/\/agora.xtec.cat\/ins-intermunicipal\/wp-content\/uploads\/usu2220\/2023\/06\/20230613_120242-2-300x190.jpg 300w, https:\/\/agora.xtec.cat\/ins-intermunicipal\/wp-content\/uploads\/usu2220\/2023\/06\/20230613_120242-2-1024x648.jpg 1024w, https:\/\/agora.xtec.cat\/ins-intermunicipal\/wp-content\/uploads\/usu2220\/2023\/06\/20230613_120242-2-768x486.jpg 768w, https:\/\/agora.xtec.cat\/ins-intermunicipal\/wp-content\/uploads\/usu2220\/2023\/06\/20230613_120242-2-1536x972.jpg 1536w, https:\/\/agora.xtec.cat\/ins-intermunicipal\/wp-content\/uploads\/usu2220\/2023\/06\/20230613_120242-2-2048x1296.jpg 2048w\" sizes=\"auto, (max-width: 466px) 100vw, 466px\" \/><\/a>Aquesta setmana estem retirant el mobiliari vell i fet malb\u00e9 i substituint-lo per taules i cadires noves. Concretament, ens han arribat 429 taules i cadires noves pels alumnes que estem distribuint per les diverses aules.<\/p>\n<p align=\"justify\">Tamb\u00e9 disposarem de 10 taules noves per les sales de professors i la biblioteca i de 60 cadires m\u00e9s. A m\u00e9s, ens han arribat noves taules trapezo\u00efdals que juntament amb les que ja ten\u00edem ens permetran fer diverses distribucions per treballar en grups sempre que calgui.<\/p>\n<p align=\"justify\">Com us podeu imaginar, retirar el mobiliari vell i descarregar i distribuir el nou \u00e9s una tasca feixuga, per\u00f2 tenim la sort que hem contat amb l\u2019ajut de molts alumnes que han participat en aquesta tasca. Sense ells i la seva empenta, tot hauria resultat m\u00e9s dif\u00edcil. Ara, per\u00f2, que gaireb\u00e9 tot \u00e9s a lloc, ja podem dir que el proper curs 2023-2024 a l\u2019\u00cdnter estrenem mobiliari.<\/p>\n<p style=\"text-align: center;\" align=\"justify\"><span style=\"font-family: Arial, sans-serif;\"><a href=\"https:\/\/agora.xtec.cat\/ins-intermunicipal\/wp-content\/uploads\/usu2220\/2023\/06\/IMG-20230613-WA0014.jpg\">\u00a0 <img loading=\"lazy\" decoding=\"async\" class=\"wp-image-852 alignnone\" src=\"https:\/\/agora.xtec.cat\/ins-intermunicipal\/wp-content\/uploads\/usu2220\/2023\/06\/IMG-20230613-WA0014-300x169.jpg\" alt=\"\" width=\"419\" height=\"236\" data-wp-editing=\"1\" srcset=\"https:\/\/agora.xtec.cat\/ins-intermunicipal\/wp-content\/uploads\/usu2220\/2023\/06\/IMG-20230613-WA0014-300x169.jpg 300w, https:\/\/agora.xtec.cat\/ins-intermunicipal\/wp-content\/uploads\/usu2220\/2023\/06\/IMG-20230613-WA0014-1024x576.jpg 1024w, https:\/\/agora.xtec.cat\/ins-intermunicipal\/wp-content\/uploads\/usu2220\/2023\/06\/IMG-20230613-WA0014-768x432.jpg 768w, https:\/\/agora.xtec.cat\/ins-intermunicipal\/wp-content\/uploads\/usu2220\/2023\/06\/IMG-20230613-WA0014-1536x864.jpg 1536w, https:\/\/agora.xtec.cat\/ins-intermunicipal\/wp-content\/uploads\/usu2220\/2023\/06\/IMG-20230613-WA0014.jpg 1599w\" sizes=\"auto, (max-width: 419px) 100vw, 419px\" \/><\/a><a href=\"https:\/\/agora.xtec.cat\/ins-intermunicipal\/wp-content\/uploads\/usu2220\/2023\/06\/20230613_114315-e1686681849669.jpg\"><img loading=\"lazy\" decoding=\"async\" class=\"alignnone wp-image-823 \" src=\"https:\/\/agora.xtec.cat\/ins-intermunicipal\/wp-content\/uploads\/usu2220\/2023\/06\/20230613_114315-e1686681849669-300x181.jpg\" alt=\"\" width=\"392\" height=\"236\" srcset=\"https:\/\/agora.xtec.cat\/ins-intermunicipal\/wp-content\/uploads\/usu2220\/2023\/06\/20230613_114315-e1686681849669-300x181.jpg 300w, https:\/\/agora.xtec.cat\/ins-intermunicipal\/wp-content\/uploads\/usu2220\/2023\/06\/20230613_114315-e1686681849669-768x463.jpg 768w, https:\/\/agora.xtec.cat\/ins-intermunicipal\/wp-content\/uploads\/usu2220\/2023\/06\/20230613_114315-e1686681849669.jpg 900w\" sizes=\"auto, (max-width: 392px) 100vw, 392px\" \/><\/a> <\/span><\/p>\n","protected":false},"excerpt":{"rendered":"<p><a href=\"https:\/\/agora.xtec.cat\/ins-intermunicipal\/wp-content\/uploads\/usu2220\/2023\/06\/20230613_120242-2-scaled.jpg\"><\/a>Aquesta setmana estem retirant el mobiliari vell i fet malb\u00e9 i substituint-lo per taules i cadires noves. Concretament, ens han arribat 429 taules i cadires noves pels alumnes que estem distribuint per les diverses aules.<br \/>\nTamb\u00e9 disposarem de 10 taules noves per les sales de&hellip;  <a href=\"https:\/\/agora.xtec.cat\/ins-intermunicipal\/general\/estrenem-mobiliari\/\" title=\"Read Estrenem mobiliari\">Llegeix m\u00e9s\u00bb<\/a><\/p>\n","protected":false},"author":7,"featured_media":855,"comment_status":"closed","ping_status":"closed","sticky":false,"template":"","format":"standard","meta":{"_bbp_topic_count":0,"_bbp_reply_count":0,"_bbp_total_topic_count":0,"_bbp_total_reply_count":0,"_bbp_voice_count":0,"_bbp_anonymous_reply_count":0,"_bbp_topic_count_hidden":0,"_bbp_reply_count_hidden":0,"_bbp_forum_subforum_count":0,"footnotes":""},"categories":[1,29],"tags":[168,167,166,164,165],"class_list":["post-817","post","type-post","status-publish","format-standard","has-post-thumbnail","hentry","category-general","category-portada","tag-2023-2024","tag-alumnes","tag-cadires","tag-mobiliari","tag-taules"],"post_mailing_queue_ids":[],"_links":{"self":[{"href":"https:\/\/agora.xtec.cat\/ins-intermunicipal\/wp-json\/wp\/v2\/posts\/817","targetHints":{"allow":["GET"]}}],"collection":[{"href":"https:\/\/agora.xtec.cat\/ins-intermunicipal\/wp-json\/wp\/v2\/posts"}],"about":[{"href":"https:\/\/agora.xtec.cat\/ins-intermunicipal\/wp-json\/wp\/v2\/types\/post"}],"author":[{"embeddable":true,"href":"https:\/\/agora.xtec.cat\/ins-intermunicipal\/wp-json\/wp\/v2\/users\/7"}],"replies":[{"embeddable":true,"href":"https:\/\/agora.xtec.cat\/ins-intermunicipal\/wp-json\/wp\/v2\/comments?post=817"}],"version-history":[{"count":4,"href":"https:\/\/agora.xtec.cat\/ins-intermunicipal\/wp-json\/wp\/v2\/posts\/817\/revisions"}],"predecessor-version":[{"id":870,"href":"https:\/\/agora.xtec.cat\/ins-intermunicipal\/wp-json\/wp\/v2\/posts\/817\/revisions\/870"}],"wp:featuredmedia":[{"embeddable":true,"href":"https:\/\/agora.xtec.cat\/ins-intermunicipal\/wp-json\/wp\/v2\/media\/855"}],"wp:attachment":[{"href":"https:\/\/agora.xtec.cat\/ins-intermunicipal\/wp-json\/wp\/v2\/media?parent=817"}],"wp:term":[{"taxonomy":"category","embeddable":true,"href":"https:\/\/agora.xtec.cat\/ins-intermunicipal\/wp-json\/wp\/v2\/categories?post=817"},{"taxonomy":"post_tag","embeddable":true,"href":"https:\/\/agora.xtec.cat\/ins-intermunicipal\/wp-json\/wp\/v2\/tags?post=817"}],"curies":[{"name":"wp","href":"https:\/\/api.w.org\/{rel}","templated":true}]}}