{"id":809,"date":"2023-03-28T12:43:04","date_gmt":"2023-03-28T10:43:04","guid":{"rendered":"https:\/\/agora.xtec.cat\/ins-intermunicipal\/?p=809"},"modified":"2023-06-14T10:18:09","modified_gmt":"2023-06-14T08:18:09","slug":"jornada-de-portes-obertes-batxillerat-cfgm-i-pfi","status":"publish","type":"post","link":"https:\/\/agora.xtec.cat\/ins-intermunicipal\/general\/jornada-de-portes-obertes-batxillerat-cfgm-i-pfi\/","title":{"rendered":"Jornada de Portes Obertes &#8211; Batxillerat, CFGM i PFI"},"content":{"rendered":"<p><a href=\"https:\/\/agora.xtec.cat\/ins-intermunicipal\/wp-content\/uploads\/usu2220\/2023\/03\/Cartell-PPOO-CF-i-Batx_page-0001_ok-e1686680503179.jpg\"><img loading=\"lazy\" decoding=\"async\" class=\"wp-image-812 size-full alignleft\" src=\"https:\/\/agora.xtec.cat\/ins-intermunicipal\/wp-content\/uploads\/usu2220\/2023\/03\/Cartell-PPOO-CF-i-Batx_page-0001_ok-e1686680503179.jpg\" alt=\"\" width=\"300\" height=\"424\" \/><\/a><strong>Dimarts 11 d\u2019abril de 2023<\/strong><\/p>\n<p><strong>18:30\u202fh-19:15\u202fh:<\/strong> Xerrada BATXILLERAT<\/p>\n<p><strong>19:15\u202fh-20:00\u202fh:<\/strong> Visita BATXILLERAT<\/p>\n<p><strong>9:15\u202fh-20:00\u202fh:<\/strong> Xerrada FP<\/p>\n<p>CFGM de Gesti\u00f3 Administrativa<\/p>\n<p>CFGM d\u2019Atenci\u00f3 a les Persones en Situaci\u00f3 de Depend\u00e8ncia<\/p>\n<p>CFGM de Farm\u00e0cia i Parafarm\u00e0cia\u00a0<strong>(NOVETAT)<\/strong><\/p>\n<p>PFI \u2013 Auxiliar en Centres Sanitaris<\/p>\n<p><strong>20:00\u202fh-20:45\u202fh:<\/strong> Visita CFGM + PFI<\/p>\n","protected":false},"excerpt":{"rendered":"<p><a href=\"https:\/\/agora.xtec.cat\/ins-intermunicipal\/wp-content\/uploads\/usu2220\/2023\/03\/Cartell-PPOO-CF-i-Batx_page-0001_ok-e1686680503179.jpg\"><\/a>Dimarts 11 d\u2019abril de 2023<br \/>\n18:30\u202fh-19:15\u202fh: Xerrada BATXILLERAT<br \/>\n19:15\u202fh-20:00\u202fh: Visita BATXILLERAT<br \/>\n9:15\u202fh-20:00\u202fh: Xerrada FP<br \/>\nCFGM de Gesti\u00f3 Administrativa<br \/>\nCFGM d\u2019Atenci\u00f3 a les Persones en Situaci\u00f3 de Depend\u00e8ncia<br \/>\nCFGM de Farm\u00e0cia i Parafarm\u00e0cia\u00a0(NOVETAT)<br \/>\nPFI \u2013 Auxiliar en Centres Sanitaris<br \/>\n20:00\u202fh-20:45\u202fh: Visita CFGM + PFI<\/p>\n","protected":false},"author":6,"featured_media":812,"comment_status":"closed","ping_status":"closed","sticky":false,"template":"","format":"standard","meta":{"_bbp_topic_count":0,"_bbp_reply_count":0,"_bbp_total_topic_count":0,"_bbp_total_reply_count":0,"_bbp_voice_count":0,"_bbp_anonymous_reply_count":0,"_bbp_topic_count_hidden":0,"_bbp_reply_count_hidden":0,"_bbp_forum_subforum_count":0,"footnotes":""},"categories":[1,29],"tags":[170,171,172,169],"class_list":["post-809","post","type-post","status-publish","format-standard","has-post-thumbnail","hentry","category-general","category-portada","tag-batxillerat","tag-cfgm","tag-pfi","tag-portes-obertes"],"post_mailing_queue_ids":[],"_links":{"self":[{"href":"https:\/\/agora.xtec.cat\/ins-intermunicipal\/wp-json\/wp\/v2\/posts\/809","targetHints":{"allow":["GET"]}}],"collection":[{"href":"https:\/\/agora.xtec.cat\/ins-intermunicipal\/wp-json\/wp\/v2\/posts"}],"about":[{"href":"https:\/\/agora.xtec.cat\/ins-intermunicipal\/wp-json\/wp\/v2\/types\/post"}],"author":[{"embeddable":true,"href":"https:\/\/agora.xtec.cat\/ins-intermunicipal\/wp-json\/wp\/v2\/users\/6"}],"replies":[{"embeddable":true,"href":"https:\/\/agora.xtec.cat\/ins-intermunicipal\/wp-json\/wp\/v2\/comments?post=809"}],"version-history":[{"count":4,"href":"https:\/\/agora.xtec.cat\/ins-intermunicipal\/wp-json\/wp\/v2\/posts\/809\/revisions"}],"predecessor-version":[{"id":877,"href":"https:\/\/agora.xtec.cat\/ins-intermunicipal\/wp-json\/wp\/v2\/posts\/809\/revisions\/877"}],"wp:featuredmedia":[{"embeddable":true,"href":"https:\/\/agora.xtec.cat\/ins-intermunicipal\/wp-json\/wp\/v2\/media\/812"}],"wp:attachment":[{"href":"https:\/\/agora.xtec.cat\/ins-intermunicipal\/wp-json\/wp\/v2\/media?parent=809"}],"wp:term":[{"taxonomy":"category","embeddable":true,"href":"https:\/\/agora.xtec.cat\/ins-intermunicipal\/wp-json\/wp\/v2\/categories?post=809"},{"taxonomy":"post_tag","embeddable":true,"href":"https:\/\/agora.xtec.cat\/ins-intermunicipal\/wp-json\/wp\/v2\/tags?post=809"}],"curies":[{"name":"wp","href":"https:\/\/api.w.org\/{rel}","templated":true}]}}