{"id":806,"date":"2023-03-28T08:57:58","date_gmt":"2023-03-28T06:57:58","guid":{"rendered":"https:\/\/agora.xtec.cat\/ins-intermunicipal\/?p=806"},"modified":"2023-06-14T10:09:25","modified_gmt":"2023-06-14T08:09:25","slug":"nous-cicles-formatius-curs-2023-24","status":"publish","type":"post","link":"https:\/\/agora.xtec.cat\/ins-intermunicipal\/portada\/nous-cicles-formatius-curs-2023-24\/","title":{"rendered":"Nous Cicles Formatius &#8211; Curs 2023\/24"},"content":{"rendered":"<p>El pr\u00f2xim Curs 2023\/24 oferirem al Centre dos nous Cicles Formatius, el CFGM de Farm\u00e0cia i Parafarm\u00e0cia i el CFGS d&#8217;Integraci\u00f3 Social.<\/p>\n<p>Trobareu tota la informaci\u00f3 al seg\u00fcent enlla\u00e7:<a href=\"https:\/\/agora.xtec.cat\/ins-intermunicipal\/categoria\/formacio-professional\/\" target=\"_blank\" rel=\"noopener\">https:\/\/agora.xtec.cat\/ins-intermunicipal\/categoria\/formacio-professional\/<\/a><\/p>\n","protected":false},"excerpt":{"rendered":"<p>El pr\u00f2xim Curs 2023\/24 oferirem al Centre dos nous Cicles Formatius, el CFGM de Farm\u00e0cia i Parafarm\u00e0cia i el CFGS d&#8217;Integraci\u00f3 Social.<br \/>\nTrobareu tota la informaci\u00f3 al seg\u00fcent enlla\u00e7:<a href=\"https:\/\/agora.xtec.cat\/ins-intermunicipal\/categoria\/formacio-professional\/\" target=\"_blank\" rel=\"noopener\">https:\/\/agora.xtec.cat\/ins-intermunicipal\/categoria\/formacio-professional\/<\/a><\/p>\n","protected":false},"author":6,"featured_media":807,"comment_status":"closed","ping_status":"closed","sticky":false,"template":"","format":"standard","meta":{"_bbp_topic_count":0,"_bbp_reply_count":0,"_bbp_total_topic_count":0,"_bbp_total_reply_count":0,"_bbp_voice_count":0,"_bbp_anonymous_reply_count":0,"_bbp_topic_count_hidden":0,"_bbp_reply_count_hidden":0,"_bbp_forum_subforum_count":0,"footnotes":""},"categories":[29],"tags":[],"class_list":["post-806","post","type-post","status-publish","format-standard","has-post-thumbnail","hentry","category-portada"],"post_mailing_queue_ids":[],"_links":{"self":[{"href":"https:\/\/agora.xtec.cat\/ins-intermunicipal\/wp-json\/wp\/v2\/posts\/806","targetHints":{"allow":["GET"]}}],"collection":[{"href":"https:\/\/agora.xtec.cat\/ins-intermunicipal\/wp-json\/wp\/v2\/posts"}],"about":[{"href":"https:\/\/agora.xtec.cat\/ins-intermunicipal\/wp-json\/wp\/v2\/types\/post"}],"author":[{"embeddable":true,"href":"https:\/\/agora.xtec.cat\/ins-intermunicipal\/wp-json\/wp\/v2\/users\/6"}],"replies":[{"embeddable":true,"href":"https:\/\/agora.xtec.cat\/ins-intermunicipal\/wp-json\/wp\/v2\/comments?post=806"}],"version-history":[{"count":2,"href":"https:\/\/agora.xtec.cat\/ins-intermunicipal\/wp-json\/wp\/v2\/posts\/806\/revisions"}],"predecessor-version":[{"id":871,"href":"https:\/\/agora.xtec.cat\/ins-intermunicipal\/wp-json\/wp\/v2\/posts\/806\/revisions\/871"}],"wp:featuredmedia":[{"embeddable":true,"href":"https:\/\/agora.xtec.cat\/ins-intermunicipal\/wp-json\/wp\/v2\/media\/807"}],"wp:attachment":[{"href":"https:\/\/agora.xtec.cat\/ins-intermunicipal\/wp-json\/wp\/v2\/media?parent=806"}],"wp:term":[{"taxonomy":"category","embeddable":true,"href":"https:\/\/agora.xtec.cat\/ins-intermunicipal\/wp-json\/wp\/v2\/categories?post=806"},{"taxonomy":"post_tag","embeddable":true,"href":"https:\/\/agora.xtec.cat\/ins-intermunicipal\/wp-json\/wp\/v2\/tags?post=806"}],"curies":[{"name":"wp","href":"https:\/\/api.w.org\/{rel}","templated":true}]}}