{"id":6127,"date":"2026-09-02T08:20:14","date_gmt":"2026-09-02T06:20:14","guid":{"rendered":"https:\/\/agora.xtec.cat\/ins-intermunicipal\/?p=6127"},"modified":"2026-09-02T09:56:03","modified_gmt":"2026-09-02T07:56:03","slug":"places-vacants-de-formacio-professional-curs-2026-27","status":"publish","type":"post","link":"https:\/\/agora.xtec.cat\/ins-intermunicipal\/portada\/places-vacants-de-formacio-professional-curs-2026-27\/","title":{"rendered":"Places vacants de Formaci\u00f3 Professional \u2013 Curs 2026\/27"},"content":{"rendered":"<p class=\"isSelectedEnd\">Si est\u00e0s interessat\/ada a cursar un <strong>cicle formatiu de grau mitj\u00e0 o de grau superior<\/strong> al nostre centre i no has obtingut pla\u00e7a en el proc\u00e9s ordinari de preinscripci\u00f3, pots consultar les <strong>places vacants disponibles<\/strong> i inscriure\u2019t a la cua virtual del centre.<\/p>\n<p>La inscripci\u00f3 a la cua permet obtenir un <strong>n\u00famero de torn<\/strong> i ser at\u00e8s\/esa pel centre segons l\u2019ordre d\u2019inscripci\u00f3. La inscripci\u00f3 a la cua <strong>no garanteix l\u2019obtenci\u00f3 d\u2019una pla\u00e7a<\/strong>, ja que aquesta dependr\u00e0 de les vacants disponibles en el moment de l\u2019atenci\u00f3 i dels requisits d\u2019acc\u00e9s corresponents.<\/p>\n<p><strong>La inscripci\u00f3 estar\u00e0 activa a partir del 7 de setembre.<\/strong><\/p>\n<p><a href=\"https:\/\/aplicacions.gestioeducativa.gencat.cat\/ords\/pls\/apex\/f?p=20160079072543618:650:::NO:650:P650_CENTRE:7A9573EE8A9EA855E2DCCB5FE1FC2C8FBCADA983EADBEF68\" target=\"_blank\" rel=\"noopener\"><strong><span class=\"text-token-text-primary cursor-text rounded-sm\" data-placeholder-token=\"true\">[Acc\u00e9s a la cua virtual de l\u2019INS Intermunicipal del Pened\u00e8s]<\/span><\/strong><\/a><\/p>\n","protected":false},"excerpt":{"rendered":"<p>Si est\u00e0s interessat\/ada a cursar un cicle formatiu de grau mitj\u00e0 o de grau superior al nostre centre i no has obtingut pla\u00e7a en el proc\u00e9s ordinari de preinscripci\u00f3, pots consultar les places vacants disponibles i inscriure\u2019t a la cua virtual del centre.<br \/>\nLa inscripci\u00f3 a&hellip;  <a href=\"https:\/\/agora.xtec.cat\/ins-intermunicipal\/portada\/places-vacants-de-formacio-professional-curs-2026-27\/\" title=\"Read Places vacants de Formaci\u00f3 Professional \u2013 Curs 2026\/27\">Llegeix m\u00e9s\u00bb<\/a><\/p>\n","protected":false},"author":6,"featured_media":6128,"comment_status":"closed","ping_status":"open","sticky":true,"template":"","format":"standard","meta":{"_bbp_topic_count":0,"_bbp_reply_count":0,"_bbp_total_topic_count":0,"_bbp_total_reply_count":0,"_bbp_voice_count":0,"_bbp_anonymous_reply_count":0,"_bbp_topic_count_hidden":0,"_bbp_reply_count_hidden":0,"_bbp_forum_subforum_count":0,"footnotes":""},"categories":[30,29],"tags":[],"class_list":["post-6127","post","type-post","status-publish","format-standard","has-post-thumbnail","hentry","category-formacio-professional","category-portada"],"post_mailing_queue_ids":[],"_links":{"self":[{"href":"https:\/\/agora.xtec.cat\/ins-intermunicipal\/wp-json\/wp\/v2\/posts\/6127","targetHints":{"allow":["GET"]}}],"collection":[{"href":"https:\/\/agora.xtec.cat\/ins-intermunicipal\/wp-json\/wp\/v2\/posts"}],"about":[{"href":"https:\/\/agora.xtec.cat\/ins-intermunicipal\/wp-json\/wp\/v2\/types\/post"}],"author":[{"embeddable":true,"href":"https:\/\/agora.xtec.cat\/ins-intermunicipal\/wp-json\/wp\/v2\/users\/6"}],"replies":[{"embeddable":true,"href":"https:\/\/agora.xtec.cat\/ins-intermunicipal\/wp-json\/wp\/v2\/comments?post=6127"}],"version-history":[{"count":2,"href":"https:\/\/agora.xtec.cat\/ins-intermunicipal\/wp-json\/wp\/v2\/posts\/6127\/revisions"}],"predecessor-version":[{"id":6130,"href":"https:\/\/agora.xtec.cat\/ins-intermunicipal\/wp-json\/wp\/v2\/posts\/6127\/revisions\/6130"}],"wp:featuredmedia":[{"embeddable":true,"href":"https:\/\/agora.xtec.cat\/ins-intermunicipal\/wp-json\/wp\/v2\/media\/6128"}],"wp:attachment":[{"href":"https:\/\/agora.xtec.cat\/ins-intermunicipal\/wp-json\/wp\/v2\/media?parent=6127"}],"wp:term":[{"taxonomy":"category","embeddable":true,"href":"https:\/\/agora.xtec.cat\/ins-intermunicipal\/wp-json\/wp\/v2\/categories?post=6127"},{"taxonomy":"post_tag","embeddable":true,"href":"https:\/\/agora.xtec.cat\/ins-intermunicipal\/wp-json\/wp\/v2\/tags?post=6127"}],"curies":[{"name":"wp","href":"https:\/\/api.w.org\/{rel}","templated":true}]}}