{"id":5861,"date":"2026-04-29T13:00:57","date_gmt":"2026-04-29T11:00:57","guid":{"rendered":"https:\/\/agora.xtec.cat\/ins-intermunicipal\/?p=5861"},"modified":"2026-04-29T13:00:57","modified_gmt":"2026-04-29T11:00:57","slug":"les-desigualtats-de-la-dona-en-lambit-laboral","status":"publish","type":"post","link":"https:\/\/agora.xtec.cat\/ins-intermunicipal\/bat\/les-desigualtats-de-la-dona-en-lambit-laboral\/","title":{"rendered":"Les desigualtats de la dona en l&#8217;\u00e0mbit laboral"},"content":{"rendered":"<p>Des de l&#8217;assignatura<a href=\"https:\/\/educacio.gencat.cat\/ca\/departament\/linies-estrategiques\/ods\/\" target=\"_blank\" rel=\"noopener\"> ODS (Objectius de Desenvolupament Sostenible)<\/a>, dues alumnes de 2n de batxillerat, la Laia Primo i la Carla Barbero, van organitzar una xerrada per als seus companys sobre les desigualtats de la dona en el m\u00f3n laboral.<\/p>\n<p><a href=\"https:\/\/agora.xtec.cat\/ins-intermunicipal\/wp-content\/uploads\/usu2220\/2026\/04\/1777307194305.jpg\"><img loading=\"lazy\" decoding=\"async\" class=\"wp-image-5862 alignleft\" src=\"https:\/\/agora.xtec.cat\/ins-intermunicipal\/wp-content\/uploads\/usu2220\/2026\/04\/1777307194305.jpg\" alt=\"\" width=\"360\" height=\"480\" srcset=\"https:\/\/agora.xtec.cat\/ins-intermunicipal\/wp-content\/uploads\/usu2220\/2026\/04\/1777307194305.jpg 1530w, https:\/\/agora.xtec.cat\/ins-intermunicipal\/wp-content\/uploads\/usu2220\/2026\/04\/1777307194305-225x300.jpg 225w, https:\/\/agora.xtec.cat\/ins-intermunicipal\/wp-content\/uploads\/usu2220\/2026\/04\/1777307194305-768x1024.jpg 768w, https:\/\/agora.xtec.cat\/ins-intermunicipal\/wp-content\/uploads\/usu2220\/2026\/04\/1777307194305-1152x1536.jpg 1152w\" sizes=\"auto, (max-width: 360px) 100vw, 360px\" \/><\/a>Aquestes alumnes van voler visibilitzar els problemes que es troben les dones actualment en el m\u00f3n laboral. Amb aquest objectiu, van elaborar, d&#8217;una banda, un p\u00f2ster informatiu, i de l&#8217;altra, van contactar amb la presidenta de l&#8217;Associaci\u00f3 50a50, Anna Mercad\u00e9. Ella \u00e9s experta en feminisme i pionera en la lluita pels drets de les dones. El 1976 va liderar les Jornades Catalanes de la Dona i, des de llavors, ha treballat de manera incansable perqu\u00e8 les dones tinguin els mateixos drets reals que els homes i una representaci\u00f3 social, pol\u00edtica i cultural igualit\u00e0ria. A m\u00e9s, \u00e9s creadora i presidenta d&#8217;honor de l&#8217;Observatori Dona, Empresa i Economia de la Cambra de Comer\u00e7 de Barcelona. T\u00e9 una \u00e0mplia experi\u00e8ncia com a assessora i conferenciant en institucions, organitzacions i empreses.<\/p>\n<p>Durant la xerrada va fer un rep\u00e0s de la traject\u00f2ria de la dona en el m\u00f3n laboral i va compartir amb l&#8217;alumnat present a la xerrada la seva experi\u00e8ncia personal.<\/p>\n<p>La seva intervenci\u00f3 va constatar que encara cal seguir lluitant per la igualtat de la dona en l&#8217;\u00e0mbit laboral en ple segle XXI.<\/p>\n<p><a href=\"https:\/\/agora.xtec.cat\/ins-intermunicipal\/wp-content\/uploads\/usu2220\/2026\/04\/Purple-and-Beige-Colorfol-and-Vibrant-Illustrated-Pride-Month-Infographic-Poster.png\"><img loading=\"lazy\" decoding=\"async\" class=\"alignnone size-full wp-image-5864\" src=\"https:\/\/agora.xtec.cat\/ins-intermunicipal\/wp-content\/uploads\/usu2220\/2026\/04\/Purple-and-Beige-Colorfol-and-Vibrant-Illustrated-Pride-Month-Infographic-Poster.png\" alt=\"\" width=\"1587\" height=\"2245\" srcset=\"https:\/\/agora.xtec.cat\/ins-intermunicipal\/wp-content\/uploads\/usu2220\/2026\/04\/Purple-and-Beige-Colorfol-and-Vibrant-Illustrated-Pride-Month-Infographic-Poster.png 1587w, https:\/\/agora.xtec.cat\/ins-intermunicipal\/wp-content\/uploads\/usu2220\/2026\/04\/Purple-and-Beige-Colorfol-and-Vibrant-Illustrated-Pride-Month-Infographic-Poster-212x300.png 212w, https:\/\/agora.xtec.cat\/ins-intermunicipal\/wp-content\/uploads\/usu2220\/2026\/04\/Purple-and-Beige-Colorfol-and-Vibrant-Illustrated-Pride-Month-Infographic-Poster-724x1024.png 724w, https:\/\/agora.xtec.cat\/ins-intermunicipal\/wp-content\/uploads\/usu2220\/2026\/04\/Purple-and-Beige-Colorfol-and-Vibrant-Illustrated-Pride-Month-Infographic-Poster-768x1086.png 768w, https:\/\/agora.xtec.cat\/ins-intermunicipal\/wp-content\/uploads\/usu2220\/2026\/04\/Purple-and-Beige-Colorfol-and-Vibrant-Illustrated-Pride-Month-Infographic-Poster-1086x1536.png 1086w, https:\/\/agora.xtec.cat\/ins-intermunicipal\/wp-content\/uploads\/usu2220\/2026\/04\/Purple-and-Beige-Colorfol-and-Vibrant-Illustrated-Pride-Month-Infographic-Poster-1448x2048.png 1448w\" sizes=\"auto, (max-width: 1587px) 100vw, 1587px\" \/><\/a><\/p>\n<p>&nbsp;<\/p>\n","protected":false},"excerpt":{"rendered":"<p>Des de l&#8217;assignatura<a href=\"https:\/\/educacio.gencat.cat\/ca\/departament\/linies-estrategiques\/ods\/\" target=\"_blank\" rel=\"noopener\"> ODS (Objectius de Desenvolupament Sostenible)<\/a>, dues alumnes de 2n de batxillerat, la Laia Primo i la Carla Barbero, van organitzar una xerrada per als seus companys sobre les desigualtats de la dona en el m\u00f3n laboral.<br \/>\n<a href=\"https:\/\/agora.xtec.cat\/ins-intermunicipal\/wp-content\/uploads\/usu2220\/2026\/04\/1777307194305.jpg\"><\/a>Aquestes alumnes van&hellip;  <a href=\"https:\/\/agora.xtec.cat\/ins-intermunicipal\/bat\/les-desigualtats-de-la-dona-en-lambit-laboral\/\" title=\"Read Les desigualtats de la dona en l&#8217;\u00e0mbit laboral\">Llegeix m\u00e9s\u00bb<\/a><\/p>\n","protected":false},"author":11,"featured_media":5864,"comment_status":"closed","ping_status":"open","sticky":false,"template":"","format":"standard","meta":{"_bbp_topic_count":0,"_bbp_reply_count":0,"_bbp_total_topic_count":0,"_bbp_total_reply_count":0,"_bbp_voice_count":0,"_bbp_anonymous_reply_count":0,"_bbp_topic_count_hidden":0,"_bbp_reply_count_hidden":0,"_bbp_forum_subforum_count":0,"footnotes":""},"categories":[8,29],"tags":[],"class_list":["post-5861","post","type-post","status-publish","format-standard","has-post-thumbnail","hentry","category-bat","category-portada"],"post_mailing_queue_ids":[],"_links":{"self":[{"href":"https:\/\/agora.xtec.cat\/ins-intermunicipal\/wp-json\/wp\/v2\/posts\/5861","targetHints":{"allow":["GET"]}}],"collection":[{"href":"https:\/\/agora.xtec.cat\/ins-intermunicipal\/wp-json\/wp\/v2\/posts"}],"about":[{"href":"https:\/\/agora.xtec.cat\/ins-intermunicipal\/wp-json\/wp\/v2\/types\/post"}],"author":[{"embeddable":true,"href":"https:\/\/agora.xtec.cat\/ins-intermunicipal\/wp-json\/wp\/v2\/users\/11"}],"replies":[{"embeddable":true,"href":"https:\/\/agora.xtec.cat\/ins-intermunicipal\/wp-json\/wp\/v2\/comments?post=5861"}],"version-history":[{"count":3,"href":"https:\/\/agora.xtec.cat\/ins-intermunicipal\/wp-json\/wp\/v2\/posts\/5861\/revisions"}],"predecessor-version":[{"id":5866,"href":"https:\/\/agora.xtec.cat\/ins-intermunicipal\/wp-json\/wp\/v2\/posts\/5861\/revisions\/5866"}],"wp:featuredmedia":[{"embeddable":true,"href":"https:\/\/agora.xtec.cat\/ins-intermunicipal\/wp-json\/wp\/v2\/media\/5864"}],"wp:attachment":[{"href":"https:\/\/agora.xtec.cat\/ins-intermunicipal\/wp-json\/wp\/v2\/media?parent=5861"}],"wp:term":[{"taxonomy":"category","embeddable":true,"href":"https:\/\/agora.xtec.cat\/ins-intermunicipal\/wp-json\/wp\/v2\/categories?post=5861"},{"taxonomy":"post_tag","embeddable":true,"href":"https:\/\/agora.xtec.cat\/ins-intermunicipal\/wp-json\/wp\/v2\/tags?post=5861"}],"curies":[{"name":"wp","href":"https:\/\/api.w.org\/{rel}","templated":true}]}}