{"id":5785,"date":"2026-03-13T18:12:49","date_gmt":"2026-03-13T17:12:49","guid":{"rendered":"https:\/\/agora.xtec.cat\/ins-intermunicipal\/?p=5785"},"modified":"2026-03-13T18:12:49","modified_gmt":"2026-03-13T17:12:49","slug":"ofertes-de-feina-13-de-marc","status":"publish","type":"post","link":"https:\/\/agora.xtec.cat\/ins-intermunicipal\/formacio-professional\/feina-fp\/ofertes-de-feina-13-de-marc\/","title":{"rendered":"Ofertes de feina. 13 de mar\u00e7"},"content":{"rendered":"<p>Compartim amb vosaltres\u00a0<a href=\"https:\/\/drive.google.com\/file\/d\/13tSjWMiES4h2G8tjzJhgdjNVwFyJ4ACN\/view?usp=sharing\">les ofertes de feina actualitzades<\/a>\u00a0que l\u2019Oficina Municipal del Treball de Vilafranca del Pened\u00e8s ens ha preparat. Trobareu vacants vinculades als estudis que tenim a l\u2019Institut Intermunicipal del Pened\u00e8s. L\u2019oficina ens informa tamb\u00e9\u00a0<a href=\"https:\/\/drive.google.com\/file\/d\/1houBYrlrmAM8IgyHoLgUj0wv1ba-mxAR\/view?usp=sharing\">com s\u2019ha de procedir<\/a>\u00a0per formalitzar les inscripcions.<\/p>\n<p>Tamb\u00e9 ens comunica els cursos o c\u00e0psules formatives que ofereixen al mes de\u00a0<a href=\"https:\/\/drive.google.com\/file\/d\/1Ui00lZmgNVUiorXmmFtOls5gOL8EbqXz\/view?usp=sharing\">mar\u00e7<\/a>.<\/p>\n<p>Us deixem tamb\u00e9 una petita explicaci\u00f3 del contingut de les c\u00e0psules per si us interessa.<\/p>\n<p><strong>20\/03\/2026<\/strong><\/p>\n<p>ON TROBAR OFERTES: BORSES DE FEINA<\/p>\n<p>Identificaci\u00f3 de quins s\u00f3n els canals de recerca de feina m\u00e9s habituals en quant a portals web, borses de treball i Xarxes Socials. Es treballar\u00e0 com realitzar correctament el registre i el funcionament de cada entorn. Per a dur a terme aquesta sessi\u00f3 es requereix un coneixement b\u00e0sic en TIC.<\/p>\n","protected":false},"excerpt":{"rendered":"<p>Compartim amb vosaltres\u00a0<a href=\"https:\/\/drive.google.com\/file\/d\/13tSjWMiES4h2G8tjzJhgdjNVwFyJ4ACN\/view?usp=sharing\">les ofertes de feina actualitzades<\/a>\u00a0que l\u2019Oficina Municipal del Treball de Vilafranca del Pened\u00e8s ens ha preparat. Trobareu vacants vinculades als estudis que tenim a l\u2019Institut Intermunicipal del Pened\u00e8s. L\u2019oficina ens informa tamb\u00e9\u00a0<a href=\"https:\/\/drive.google.com\/file\/d\/1houBYrlrmAM8IgyHoLgUj0wv1ba-mxAR\/view?usp=sharing\">com s\u2019ha de procedir<\/a>\u00a0per formalitzar les inscripcions.<br \/>\nTamb\u00e9 ens comunica els&hellip;  <a href=\"https:\/\/agora.xtec.cat\/ins-intermunicipal\/formacio-professional\/feina-fp\/ofertes-de-feina-13-de-marc\/\" title=\"Read Ofertes de feina. 13 de mar\u00e7\">Llegeix m\u00e9s\u00bb<\/a><\/p>\n","protected":false},"author":8,"featured_media":0,"comment_status":"closed","ping_status":"open","sticky":false,"template":"","format":"standard","meta":{"_bbp_topic_count":0,"_bbp_reply_count":0,"_bbp_total_topic_count":0,"_bbp_total_reply_count":0,"_bbp_voice_count":0,"_bbp_anonymous_reply_count":0,"_bbp_topic_count_hidden":0,"_bbp_reply_count_hidden":0,"_bbp_forum_subforum_count":0,"footnotes":""},"categories":[189],"tags":[],"class_list":["post-5785","post","type-post","status-publish","format-standard","hentry","category-feina-fp"],"post_mailing_queue_ids":[],"_links":{"self":[{"href":"https:\/\/agora.xtec.cat\/ins-intermunicipal\/wp-json\/wp\/v2\/posts\/5785","targetHints":{"allow":["GET"]}}],"collection":[{"href":"https:\/\/agora.xtec.cat\/ins-intermunicipal\/wp-json\/wp\/v2\/posts"}],"about":[{"href":"https:\/\/agora.xtec.cat\/ins-intermunicipal\/wp-json\/wp\/v2\/types\/post"}],"author":[{"embeddable":true,"href":"https:\/\/agora.xtec.cat\/ins-intermunicipal\/wp-json\/wp\/v2\/users\/8"}],"replies":[{"embeddable":true,"href":"https:\/\/agora.xtec.cat\/ins-intermunicipal\/wp-json\/wp\/v2\/comments?post=5785"}],"version-history":[{"count":1,"href":"https:\/\/agora.xtec.cat\/ins-intermunicipal\/wp-json\/wp\/v2\/posts\/5785\/revisions"}],"predecessor-version":[{"id":5786,"href":"https:\/\/agora.xtec.cat\/ins-intermunicipal\/wp-json\/wp\/v2\/posts\/5785\/revisions\/5786"}],"wp:attachment":[{"href":"https:\/\/agora.xtec.cat\/ins-intermunicipal\/wp-json\/wp\/v2\/media?parent=5785"}],"wp:term":[{"taxonomy":"category","embeddable":true,"href":"https:\/\/agora.xtec.cat\/ins-intermunicipal\/wp-json\/wp\/v2\/categories?post=5785"},{"taxonomy":"post_tag","embeddable":true,"href":"https:\/\/agora.xtec.cat\/ins-intermunicipal\/wp-json\/wp\/v2\/tags?post=5785"}],"curies":[{"name":"wp","href":"https:\/\/api.w.org\/{rel}","templated":true}]}}