{"id":5745,"date":"2026-03-06T12:57:16","date_gmt":"2026-03-06T11:57:16","guid":{"rendered":"https:\/\/agora.xtec.cat\/ins-intermunicipal\/?p=5745"},"modified":"2026-03-06T13:00:56","modified_gmt":"2026-03-06T12:00:56","slug":"linter-oferira-2-beques-a-alumnes-de-cicles-per-formar-se-a-lestranger","status":"publish","type":"post","link":"https:\/\/agora.xtec.cat\/ins-intermunicipal\/general\/linter-oferira-2-beques-a-alumnes-de-cicles-per-formar-se-a-lestranger\/","title":{"rendered":"L&#8217;Inter oferir\u00e0 2 beques a alumnes de cicles per formar-se a l&#8217;estranger"},"content":{"rendered":"<p><a href=\"https:\/\/agora.xtec.cat\/ins-intermunicipal\/general\/linter-oferira-2-beques-a-alumnes-de-cicles-per-formar-se-a-lestranger\/attachment\/izquierda_es-8\/\" rel=\"attachment wp-att-5748\"><img loading=\"lazy\" decoding=\"async\" class=\"size-medium wp-image-5748 alignright\" src=\"https:\/\/agora.xtec.cat\/ins-intermunicipal\/wp-content\/uploads\/usu2220\/2026\/03\/izquierda_ES-8-300x169.png\" alt=\"\" width=\"300\" height=\"169\" srcset=\"https:\/\/agora.xtec.cat\/ins-intermunicipal\/wp-content\/uploads\/usu2220\/2026\/03\/izquierda_ES-8-300x169.png 300w, https:\/\/agora.xtec.cat\/ins-intermunicipal\/wp-content\/uploads\/usu2220\/2026\/03\/izquierda_ES-8-1024x576.png 1024w, https:\/\/agora.xtec.cat\/ins-intermunicipal\/wp-content\/uploads\/usu2220\/2026\/03\/izquierda_ES-8-768x432.png 768w, https:\/\/agora.xtec.cat\/ins-intermunicipal\/wp-content\/uploads\/usu2220\/2026\/03\/izquierda_ES-8-1536x864.png 1536w, https:\/\/agora.xtec.cat\/ins-intermunicipal\/wp-content\/uploads\/usu2220\/2026\/03\/izquierda_ES-8.png 1920w\" sizes=\"auto, (max-width: 300px) 100vw, 300px\" \/><\/a>L&#8217;INS Intermunicipal del Pened\u00e8s donar\u00e0 l&#8217;oportunitat de formar-se a l&#8217;estranger a dos alumnes dels primers cursos dels cicles formatius de grau mitj\u00e0 o del PFI, amb part, i en algun cas la totalitat, de les despeses pagades. El programa de formaci\u00f3 Erasmus +, una experi\u00e8ncia \u00fanica que combina aprenentatge, cultura i desenvolupament personal, es planteja a l&#8217;Inter despr\u00e9s que el nostre centre s&#8217;hagi adherit al programa de mobilitat europeu i es doni llum verd perqu\u00e8 puguem oferir les beques. El programa proposa l&#8217;estada de pr\u00e0ctiques de l&#8217;alumnat a empreses dins de la Uni\u00f3 Eurorea. La durada \u00e9s entre 30 i 60 dies i la proposta \u00e9s que l&#8217;alumnat sort\u00eds entre els mesos de juny i juliol, una vegada acab\u00e9s les classes.<\/p>\n<p>L&#8217;alumnat i les fam\u00edlies interessades poden revisar el seg\u00fcent <a href=\"https:\/\/drive.google.com\/file\/d\/1MVBgOozBX3H_HgRc4Xv4AhhZMeRVFp_5\/view\">documen<\/a>t en qu\u00e8 es dona tota la informaci\u00f3 sobre el programa. A m\u00e9s, inclou l&#8217;enlla\u00e7 que s&#8217;ha d&#8217;omplir per sol\u00b7licitar la participaci\u00f3.<\/p>\n<p><strong>El termini per sol\u00b7licitar-ho s&#8217;obre avui i es tanca el pr\u00f2xim 16 de mar\u00e7<\/strong>. En cas de dubtes, les fam\u00edlies poden adre\u00e7ar-se al centre i preguntar per la coordinadora de Mobilitat, els dimecres de 18:40 a 19:40 presencialment, o b\u00e9 escriure a mobilitatfp@intermunicipal.cat<\/p>\n<p><span style=\"font-family: inherit; font-size: 1em;\">A m\u00e9s, es preveu que el pr\u00f2xim 11 de mar\u00e7 es faci una presentaci\u00f3 del programa Erasmus+ per ampliar la informaci\u00f3 a la sala d&#8217;actes de l&#8217;IN<\/span><span style=\"font-family: inherit; font-size: 1em;\">S. Us adjuntem, en el seg\u00fcent <a href=\"https:\/\/drive.google.com\/file\/d\/1u6aPPswIJ2xHWUQr9tU10kZxk8fWjWYJ\/view?usp=sharing\">enlla\u00e7,<\/a> la presentaci\u00f3 que el passat 3 de mar\u00e7 es va fer a l&#8217;alumnat, perqu\u00e8 valoreu aquesta possibilitat, que sens dubte augmentar\u00e0 l\u2019autonomia de l&#8217;alumnat que hi participi.<\/span><\/p>\n<p>&nbsp;<\/p>\n<p>&nbsp;<\/p>\n<p>&nbsp;<\/p>\n","protected":false},"excerpt":{"rendered":"<p><a href=\"https:\/\/agora.xtec.cat\/ins-intermunicipal\/general\/linter-oferira-2-beques-a-alumnes-de-cicles-per-formar-se-a-lestranger\/attachment\/izquierda_es-8\/\" rel=\"attachment wp-att-5748\"><\/a>L&#8217;INS Intermunicipal del Pened\u00e8s donar\u00e0 l&#8217;oportunitat de formar-se a l&#8217;estranger a dos alumnes dels primers cursos dels cicles formatius de grau mitj\u00e0 o del PFI, amb part, i en algun cas la totalitat, de les despeses pagades. El programa de formaci\u00f3 Erasmus&hellip;  <a href=\"https:\/\/agora.xtec.cat\/ins-intermunicipal\/general\/linter-oferira-2-beques-a-alumnes-de-cicles-per-formar-se-a-lestranger\/\" title=\"Read L&#8217;Inter oferir\u00e0 2 beques a alumnes de cicles per formar-se a l&#8217;estranger\">Llegeix m\u00e9s\u00bb<\/a><\/p>\n","protected":false},"author":8,"featured_media":5748,"comment_status":"closed","ping_status":"open","sticky":false,"template":"","format":"standard","meta":{"_bbp_topic_count":0,"_bbp_reply_count":0,"_bbp_total_topic_count":0,"_bbp_total_reply_count":0,"_bbp_voice_count":0,"_bbp_anonymous_reply_count":0,"_bbp_topic_count_hidden":0,"_bbp_reply_count_hidden":0,"_bbp_forum_subforum_count":0,"footnotes":""},"categories":[30,1,29],"tags":[],"class_list":["post-5745","post","type-post","status-publish","format-standard","has-post-thumbnail","hentry","category-formacio-professional","category-general","category-portada"],"post_mailing_queue_ids":[],"_links":{"self":[{"href":"https:\/\/agora.xtec.cat\/ins-intermunicipal\/wp-json\/wp\/v2\/posts\/5745","targetHints":{"allow":["GET"]}}],"collection":[{"href":"https:\/\/agora.xtec.cat\/ins-intermunicipal\/wp-json\/wp\/v2\/posts"}],"about":[{"href":"https:\/\/agora.xtec.cat\/ins-intermunicipal\/wp-json\/wp\/v2\/types\/post"}],"author":[{"embeddable":true,"href":"https:\/\/agora.xtec.cat\/ins-intermunicipal\/wp-json\/wp\/v2\/users\/8"}],"replies":[{"embeddable":true,"href":"https:\/\/agora.xtec.cat\/ins-intermunicipal\/wp-json\/wp\/v2\/comments?post=5745"}],"version-history":[{"count":6,"href":"https:\/\/agora.xtec.cat\/ins-intermunicipal\/wp-json\/wp\/v2\/posts\/5745\/revisions"}],"predecessor-version":[{"id":5756,"href":"https:\/\/agora.xtec.cat\/ins-intermunicipal\/wp-json\/wp\/v2\/posts\/5745\/revisions\/5756"}],"wp:featuredmedia":[{"embeddable":true,"href":"https:\/\/agora.xtec.cat\/ins-intermunicipal\/wp-json\/wp\/v2\/media\/5748"}],"wp:attachment":[{"href":"https:\/\/agora.xtec.cat\/ins-intermunicipal\/wp-json\/wp\/v2\/media?parent=5745"}],"wp:term":[{"taxonomy":"category","embeddable":true,"href":"https:\/\/agora.xtec.cat\/ins-intermunicipal\/wp-json\/wp\/v2\/categories?post=5745"},{"taxonomy":"post_tag","embeddable":true,"href":"https:\/\/agora.xtec.cat\/ins-intermunicipal\/wp-json\/wp\/v2\/tags?post=5745"}],"curies":[{"name":"wp","href":"https:\/\/api.w.org\/{rel}","templated":true}]}}